{"id":233,"date":"2018-07-07T19:10:21","date_gmt":"2018-07-07T19:10:21","guid":{"rendered":"https:\/\/xn--framtkamrater-sfb.se\/?p=233"},"modified":"2019-03-07T19:41:18","modified_gmt":"2019-03-07T19:41:18","slug":"utvardering-av-studiecirkel-i-autonom-marxism-2","status":"publish","type":"post","link":"https:\/\/xn--framtkamrater-sfb.se\/?p=233","title":{"rendered":"Utv\u00e4rdering av studiecirkel i autonom marxism"},"content":{"rendered":"<p>Fram\u00e5t kamrater (FK) har under perioden 12\/3 &#8211; 4\/6 drivit en studiecirkel om den autonoma marxismen. Vi har nu efter cirekls avslutande tr\u00e4ff gjort en utv\u00e4rdering som vi vill offentligg\u00f6ra, b\u00e5de f\u00f6r att andra ska kunna l\u00e4ra sig av v\u00e5ra misstag och ta hj\u00e4lp av det vi tycker har g\u00e5tt bra, samt ge en grov skiss av hur v\u00e5rt skolningsarbete kommer att utvecklas.<\/p>\n<h4>Bra saker<\/h4>\n<p>Vi upplevde att redan v\u00e5r f\u00f6rsta tr\u00e4ff synliggjorde patriarkala strukturer inom v\u00e5r egen organisation och arbetet med studiecirkeln accelererade och konkretiserade arbetet med att bek\u00e4mpa dessa. Vi kunde anv\u00e4nda oss av de strategier vi utarbetade f\u00f6r att cirekln skulle fungera b\u00e4ttre internt.<\/p>\n<p>Studiecirkeln har varit en rekryteringsplattform. Den har skapat en yta d\u00e4r ickemedlemmar kan tr\u00e4ffa medlemmar och utbyta ideer och erfarenheter. Cirkeln har skapat en l\u00e4ttillg\u00e4nglig f\u00f6rtoendebildande yta f\u00f6r de som \u00e4r intresserade av FK:s arbete.<\/p>\n<p>Vi har f\u00f6rdjupat och utvecklat v\u00e5r teoretiska f\u00f6rst\u00e5else av den autonoma marxismen. Detta k\u00e4nner vi har varit anv\u00e4ndbart i v\u00e5rt praktiska arbete som organisation, i klasskampen p\u00e5 v\u00e5ra arbetsplatser, och i v\u00e5ra interna politiska samtal.<\/p>\n<h4>D\u00e5liga saker<\/h4>\n<p>Cirkelns f\u00f6rsta tr\u00e4ff hade betydligt fler deltagare \u00e4n vi var beredda p\u00e5, men sedan f\u00f6ll deltagarantalet f\u00f6r varje tr\u00e4ff tills det stabiliserades p\u00e5 ungef\u00e4r h\u00e4lften s\u00e5 m\u00e5nga deltagare som n\u00e4rvarade p\u00e5 f\u00f6rsta tr\u00e4ffen. Vi hade naturligtvis g\u00e4rna sett att deltagarantalet var fortsatt h\u00f6gt p\u00e5 alla tr\u00e4ffar.<\/p>\n<p>Vi tror att vi var n\u00e5got ambiti\u00f6sa i v\u00e5ra textval. Det var l\u00e5nga texter och vi tror att texternas l\u00e4ngd kan ha skapat en f\u00f6r h\u00f6g tr\u00f6skel f\u00f6r en del potentiella deltagare.<\/p>\n<p>Facebooks system f\u00f6r flera sammanl\u00e4nkade evenemang \u00e4r sv\u00e5rnavigerat, o\u00f6versk\u00e5dligt och klumpigt. Detta har skapat problem b\u00e5de f\u00f6r oss som organiserar cirkeln och deltagare.<\/p>\n<p>N\u00e4r vi ser \u00f6ver vilka texter vi har l\u00e4st kan vi konstatera att det r\u00e5der eurocentrism i urvalet av texter. Detta inte \u00e4r konstigt d\u00e5 vi fokuserat fr\u00e4mst p\u00e5 en europeisk teoribildning. Trots detta tror vi att det hade varit m\u00f6jligt att lyfta fram fler perspektiv. Manliga f\u00f6rfattare var \u00f6verrepresenterade i texterna och det \u00e4r n\u00e5got vi ska ta med till n\u00e4sta studiecirkel.<\/p>\n<h4>Tankar om framtiden<\/h4>\n<p>F\u00f6r att n\u00e5 ut b\u00e4ttre tror vi att vi beh\u00f6ver skapa ett tydligare schema som kan spridas b\u00e5de p\u00e5 n\u00e4tet och p\u00e5 fysiska platser. Vi vill \u00e4ven utforska m\u00f6jligheten att h\u00e5lla tr\u00e4ffar p\u00e5 andra st\u00e4llen \u00e4n Syndikalistiskt Forum, detta f\u00f6r att g\u00f6ra tr\u00e4ffarna synligare och mer tillg\u00e4ngliga \u00e4ven utanf\u00f6r den s\u00e5 kallade aktivistv\u00e4nstern.<br \/>\nVi t\u00e4nker \u00e4ven omstrukturera hur vi presenterar cirklar p\u00e5 facebook f\u00f6r att \u00f6ka tillg\u00e4nglighet.<br \/>\n\u00c4ven om tr\u00e4ffarna har ett sammanh\u00e5llande tema vill vi skapa tr\u00e4ffar som kan st\u00e5 p\u00e5 egna ben. Det ska vara m\u00f6jligt att g\u00e5 p\u00e5 enskilda tr\u00e4ffar.<\/p>\n<p>Vi ser att det finns ett behov av att ta st\u00f6rre socialt ansvar under tr\u00e4ffarna. Detta f\u00f6r att skapa \u00f6kad gemenskap, vilket vi tror \u00e4r en nyckelfaktor f\u00f6r att deltagare ska \u00e5terv\u00e4nda och stanna i cirkeln.<br \/>\nAtt skapa en trevlig och attraktiv social milj\u00f6 \u00e4r minst lika viktigt som ett genomt\u00e4nkt teoretiskt inneh\u00e5ll.<\/p>\n<p>Vi ska str\u00e4va aktivt efter att ha en str\u00f6rre bredd p\u00e5 f\u00f6rfattare och t\u00e4nkare I v\u00e5rt material. Vi tror inte att v\u00e5r r\u00f6relses historia b\u00f6rjar i europeiska universitet och vi vill att v\u00e5ra studier ska spegla den f\u00f6rst\u00e5elsen.<\/p>\n<p>Vi vill experimentera med olika former av media och m\u00f6tesstrukturer fr\u00e5n tillf\u00e4lle till tillf\u00e4lle. Vi vill g\u00e5 ifr\u00e5n en fast form som f\u00f6ljs varje tr\u00e4ff och ist\u00e4llet \u00f6ppna upp en f\u00f6r en m\u00e5ngfald av l\u00e4ros\u00e4tt. Vi vill att detta ska vara v\u00e4lplanerat och strukturerat.<\/p>\n","protected":false},"excerpt":{"rendered":"<p>Fram\u00e5t kamrater (FK) har under perioden 12\/3 &#8211; 4\/6 drivit en studiecirkel om den autonoma marxismen. Vi har nu efter cirekls avslutande tr\u00e4ff gjort en utv\u00e4rdering som vi vill offentligg\u00f6ra, b\u00e5de f\u00f6r att andra ska kunna l\u00e4ra sig av v\u00e5ra misstag och ta hj\u00e4lp av det vi tycker har g\u00e5tt bra, samt ge en grov [&#8230;]<\/p>\n<p><a class=\"btn btn-secondary understrap-read-more-link\" href=\"https:\/\/xn--framtkamrater-sfb.se\/?p=233\">Read More&#8230;<span class=\"screen-reader-text\"> from Utv\u00e4rdering av studiecirkel i autonom marxism<\/span><\/a><\/p>\n","protected":false},"author":1,"featured_media":0,"comment_status":"closed","ping_status":"open","sticky":false,"template":"","format":"standard","meta":{"footnotes":""},"categories":[5],"tags":[],"class_list":["post-233","post","type-post","status-publish","format-standard","hentry","category-studiecirkel"],"_links":{"self":[{"href":"https:\/\/xn--framtkamrater-sfb.se\/index.php?rest_route=\/wp\/v2\/posts\/233","targetHints":{"allow":["GET"]}}],"collection":[{"href":"https:\/\/xn--framtkamrater-sfb.se\/index.php?rest_route=\/wp\/v2\/posts"}],"about":[{"href":"https:\/\/xn--framtkamrater-sfb.se\/index.php?rest_route=\/wp\/v2\/types\/post"}],"author":[{"embeddable":true,"href":"https:\/\/xn--framtkamrater-sfb.se\/index.php?rest_route=\/wp\/v2\/users\/1"}],"replies":[{"embeddable":true,"href":"https:\/\/xn--framtkamrater-sfb.se\/index.php?rest_route=%2Fwp%2Fv2%2Fcomments&post=233"}],"version-history":[{"count":1,"href":"https:\/\/xn--framtkamrater-sfb.se\/index.php?rest_route=\/wp\/v2\/posts\/233\/revisions"}],"predecessor-version":[{"id":234,"href":"https:\/\/xn--framtkamrater-sfb.se\/index.php?rest_route=\/wp\/v2\/posts\/233\/revisions\/234"}],"wp:attachment":[{"href":"https:\/\/xn--framtkamrater-sfb.se\/index.php?rest_route=%2Fwp%2Fv2%2Fmedia&parent=233"}],"wp:term":[{"taxonomy":"category","embeddable":true,"href":"https:\/\/xn--framtkamrater-sfb.se\/index.php?rest_route=%2Fwp%2Fv2%2Fcategories&post=233"},{"taxonomy":"post_tag","embeddable":true,"href":"https:\/\/xn--framtkamrater-sfb.se\/index.php?rest_route=%2Fwp%2Fv2%2Ftags&post=233"}],"curies":[{"name":"wp","href":"https:\/\/api.w.org\/{rel}","templated":true}]}}