{"id":241,"date":"2018-11-14T19:23:32","date_gmt":"2018-11-14T19:23:32","guid":{"rendered":"https:\/\/xn--framtkamrater-sfb.se\/?p=241"},"modified":"2019-03-07T19:40:48","modified_gmt":"2019-03-07T19:40:48","slug":"feministisk-strejkrattskvall-infor-strike-back-2-0-2","status":"publish","type":"post","link":"https:\/\/xn--framtkamrater-sfb.se\/?p=241","title":{"rendered":"Feministisk Strejkr\u00e4ttskv\u00e4ll inf\u00f6r Strike Back 2.0"},"content":{"rendered":"<p>\t\t\t\tV\u00e4lkomna till en folkbildande kv\u00e4ll kring strejkr\u00e4tten p\u00e5 Kvinnofolkh\u00f6gskolan inf\u00f6r Strike Back 2.0. Oavsett om du inte kan n\u00e5got om strejkr\u00e4tt och de inskr\u00e4nkningar som nu klubbas igenom \u00e4r detta kv\u00e4llen f\u00f6r dig!<\/p>\n<p>Vi vill utifr\u00e5n en feministisk grund mobilisera alla som av olika anledningar inte h\u00e4ngt med i fr\u00e5gan kring strejkr\u00e4tten, alla som vill l\u00e4ra sig mer om strejkr\u00e4tt, alla kan mycket men \u00e4r tr\u00f6tta p\u00e5 att fr\u00e5gan domineras av snubbar, och alla som \u00e4r peppade p\u00e5 aktionsdagarna 29\/11 \u2013 1\/12!<\/p>\n<p>\u25aa\u25aaProgrampunkter\u25aa\u25aa<\/p>\n<p>\u25aa18:00-F\u00f6rdjupa dig i strejkr\u00e4ttsfr\u00e5gan med Fram\u00e5t Kamrater &#8211; L\u00e4r dig mer inf\u00f6r Strike back 2.0 \u2013 om strejkr\u00e4tten och varf\u00f6r vi ska f\u00f6rsvara den.<\/p>\n<p>\u25aa19:00-Panelsamtal samt diskussion: Feministiska perspektiv p\u00e5 strejkr\u00e4tt. Hur ser m\u00f6jligheten till strejk ut i olika yrkesgrupper och olika grupper av m\u00e4nniskor? Finns det skillnader mellan typiskt kvinnligt kodade yrken och typiskt manligt kodade yrken och i s\u00e5 fall varf\u00f6r? Hur kan marginaliserade grupper g\u00f6ra motst\u00e5nd p\u00e5 arbetsplatser?<\/p>\n<p>Fr\u00e5n kl 17:00 kommer det finnas veganskt g\u00f6tt folkk\u00f6k. Den f\u00f6rsta programpunkten b\u00f6rjar 18.00.<\/p>\n<p>L\u00e4r dig och l\u00e4r andra om strejkr\u00e4ttsfr\u00e5gan och f\u00e5 info om aktionsdagarna 29\/11-1\/12 2018. Vi ses p\u00e5 Kvinnofolkh\u00f6gskolan den 26 november!<\/p>\n<p><img loading=\"lazy\" decoding=\"async\" class=\"alignnone size-full wp-image-110\" src=\"http:\/\/framatkamrater.noblogs.org\/files\/2018\/11\/45420195_322651938331373_2508711455818252288_n.jpg\" alt=\"\" width=\"578\" height=\"347\" \/>\t\t<\/p>\n","protected":false},"excerpt":{"rendered":"<p>V\u00e4lkomna till en folkbildande kv\u00e4ll kring strejkr\u00e4tten p\u00e5 Kvinnofolkh\u00f6gskolan inf\u00f6r Strike Back 2.0. Oavsett om du inte kan n\u00e5got om strejkr\u00e4tt och de inskr\u00e4nkningar som nu klubbas igenom \u00e4r detta kv\u00e4llen f\u00f6r dig! Vi vill utifr\u00e5n en feministisk grund mobilisera alla som av olika anledningar inte h\u00e4ngt med i fr\u00e5gan kring strejkr\u00e4tten, alla som vill [&#8230;]<\/p>\n<p><a class=\"btn btn-secondary understrap-read-more-link\" href=\"https:\/\/xn--framtkamrater-sfb.se\/?p=241\">Read More&#8230;<span class=\"screen-reader-text\"> from Feministisk Strejkr\u00e4ttskv\u00e4ll inf\u00f6r Strike Back 2.0<\/span><\/a><\/p>\n","protected":false},"author":1,"featured_media":0,"comment_status":"closed","ping_status":"open","sticky":false,"template":"","format":"standard","meta":{"footnotes":""},"categories":[4],"tags":[],"class_list":["post-241","post","type-post","status-publish","format-standard","hentry","category-strejkratten"],"_links":{"self":[{"href":"https:\/\/xn--framtkamrater-sfb.se\/index.php?rest_route=\/wp\/v2\/posts\/241","targetHints":{"allow":["GET"]}}],"collection":[{"href":"https:\/\/xn--framtkamrater-sfb.se\/index.php?rest_route=\/wp\/v2\/posts"}],"about":[{"href":"https:\/\/xn--framtkamrater-sfb.se\/index.php?rest_route=\/wp\/v2\/types\/post"}],"author":[{"embeddable":true,"href":"https:\/\/xn--framtkamrater-sfb.se\/index.php?rest_route=\/wp\/v2\/users\/1"}],"replies":[{"embeddable":true,"href":"https:\/\/xn--framtkamrater-sfb.se\/index.php?rest_route=%2Fwp%2Fv2%2Fcomments&post=241"}],"version-history":[{"count":1,"href":"https:\/\/xn--framtkamrater-sfb.se\/index.php?rest_route=\/wp\/v2\/posts\/241\/revisions"}],"predecessor-version":[{"id":242,"href":"https:\/\/xn--framtkamrater-sfb.se\/index.php?rest_route=\/wp\/v2\/posts\/241\/revisions\/242"}],"wp:attachment":[{"href":"https:\/\/xn--framtkamrater-sfb.se\/index.php?rest_route=%2Fwp%2Fv2%2Fmedia&parent=241"}],"wp:term":[{"taxonomy":"category","embeddable":true,"href":"https:\/\/xn--framtkamrater-sfb.se\/index.php?rest_route=%2Fwp%2Fv2%2Fcategories&post=241"},{"taxonomy":"post_tag","embeddable":true,"href":"https:\/\/xn--framtkamrater-sfb.se\/index.php?rest_route=%2Fwp%2Fv2%2Ftags&post=241"}],"curies":[{"name":"wp","href":"https:\/\/api.w.org\/{rel}","templated":true}]}}