{"id":247,"date":"2019-01-28T19:28:10","date_gmt":"2019-01-28T19:28:10","guid":{"rendered":"https:\/\/xn--framtkamrater-sfb.se\/?p=247"},"modified":"2019-03-07T19:40:23","modified_gmt":"2019-03-07T19:40:23","slug":"hamnarbetarnas-sak-ar-var-2","status":"publish","type":"post","link":"https:\/\/xn--framtkamrater-sfb.se\/?p=247","title":{"rendered":"Hamnarbetarnas sak \u00e4r v\u00e5r"},"content":{"rendered":"<p><strong>Inl\u00e4gg fr\u00e5n 23\/1:<\/strong><\/p>\n<p>Fr\u00e5n och med idag p\u00e5b\u00f6rjar <a class=\"profileLink\" href=\"https:\/\/www.facebook.com\/hamnarbetarna\/?__tn__=K-R&amp;eid=ARCOE3Nw8TntfFGz7o834h59eMKU3R60i3YHeFhp7KfpcFM8TOtduQv4wOq_K_GSeCxj90FJgc__RfT3&amp;fref=mentions&amp;__xts__%5B0%5D=68.ARC7AqFfzrrmw49QaOhGwf8HWR1InQJZ_T9ydb3sO1k7V2tnEB0ll8MS5MTRAKK7QuUxO3ToVkfl8t9QtwpgNMbJZkAd9EleeFVaK6n6nvrkrzRiNILta4RtDUny3B-uxYswFASrhqNGAjS65WDXxLXH6XlUPGJzCXyQ146Lq5kI9T0NVXSQGWNur1JwpSDHplU6pgM4JkSMf8JsmyNl7Yaagp_VS-T7EgAAKz7ozFsrIgdLos_gvGJe3trw-IcLfhBbl9YGAjpDi-PCLmgoSEndPTsbvfr6dVx5JVKb9Z7TrfW0G-JkHeiXAXF6s0rwY9G_NGwylS6d7cy1XCn-2OQ\" data-hovercard=\"\/ajax\/hovercard\/page.php?id=117147294973278&amp;extragetparams=%7B%22__tn__%22%3A%22%2CdK-R-R%22%2C%22eid%22%3A%22ARCOE3Nw8TntfFGz7o834h59eMKU3R60i3YHeFhp7KfpcFM8TOtduQv4wOq_K_GSeCxj90FJgc__RfT3%22%2C%22fref%22%3A%22mentions%22%7D\" data-hovercard-prefer-more-content-show=\"1\">Svenska Hamnarbetarf\u00f6rbundet<\/a> en serie strejker som ett led i sin kamp f\u00f6r kollektivavtal. De b\u00f6rjar i Malm\u00f6 och Helsingborg (d\u00e4r Hamnarbetarf\u00f6rbundet organiserar 70% av de anst\u00e4llda) och n\u00e5r G\u00f6teborg p\u00e5 s\u00f6ndag (d\u00e4r motsvarande siffra \u00e4r 85%). Arbetsk\u00f6paren har svarat med aggressiva lockouter i ber\u00f6rda hamnar, och sedan ett par dagar haglar l\u00f6gner och rena propagandatexter i flera stora medier, med GP i spetsen. Hamnarbetarna ber utomst\u00e5ende om tre saker: Att vi sprider deras perspektiv, att vi bidrar med vad vi kan till strejkkassan och att vi tar striden p\u00e5 v\u00e5ra egna arbetsplatser. Rimligt, tycker vi. Backa Hamnarbetarna, deras sak \u00e4r v\u00e5r sak!<\/p>\n<p><strong>Swish-numret \u00e4r 123 132 1959<\/strong><\/p>\n<p><img loading=\"lazy\" decoding=\"async\" class=\"alignnone size-medium wp-image-172\" src=\"http:\/\/framatkamrater.noblogs.org\/files\/2019\/01\/backahamn-225x300.jpg\" alt=\"\" width=\"225\" height=\"300\" \/><\/p>\n<p>Och idag (28\/1) deltog Fram\u00e5t kamrater i solidaritetsdemonstrationen med och f\u00f6r <a class=\"profileLink\" href=\"https:\/\/www.facebook.com\/Hamn4an-238900182963787\/?__tn__=K-R&amp;eid=ARAx-gKFWtS6Ep9_23fU3lXhc1IHhsKCIxEENLsa7KbV78j947lEs0b5tIA_RfdIElFLtiABXvhITXR-&amp;fref=mentions&amp;__xts__%5B0%5D=68.ARASZWKut25ypakecDLOkzDglQFL0ZOlGd9ur6FApu2UZr-fou9NB8GKfwRbPYNFb27b5mSRHVtULSVyK4hokmLgzvKEof8zFds6lsIoos0slBZifk_-Bs_s5_TMwCX6zwEXkRkT2vhjW1bC5rnCu0nwH0JpWcLkZYzz3AnCa5JES7IXQAXwspf5b-iP1y0-7w3mP2M6Cn_JQfAwyy9l53LJbbRg9aupRS_pXEq3f_xKodqwp88MTniYzrsLmKPrPoncJWwCN03qyNJUGGC-uuKa9CbbnQQaHzBeseOe2fuHgpETT7FNgGjy50Aibq0rqZxwfn0B1XFrL7oWSvEvlHM\" data-hovercard=\"\/ajax\/hovercard\/page.php?id=238900182963787&amp;extragetparams=%7B%22__tn__%22%3A%22%2CdK-R-R%22%2C%22eid%22%3A%22ARAx-gKFWtS6Ep9_23fU3lXhc1IHhsKCIxEENLsa7KbV78j947lEs0b5tIA_RfdIElFLtiABXvhITXR-%22%2C%22fref%22%3A%22mentions%22%7D\" data-hovercard-prefer-more-content-show=\"1\">Hamn4an<\/a>.<\/p>\n<p><img loading=\"lazy\" decoding=\"async\" class=\"alignnone size-medium wp-image-174\" src=\"http:\/\/framatkamrater.noblogs.org\/files\/2019\/01\/hamn4-300x201.jpg\" alt=\"\" width=\"300\" height=\"201\" \/> <img loading=\"lazy\" decoding=\"async\" class=\"alignnone size-medium wp-image-175\" src=\"http:\/\/framatkamrater.noblogs.org\/files\/2019\/01\/hamn5-300x200.jpg\" alt=\"\" width=\"300\" height=\"200\" \/><img loading=\"lazy\" decoding=\"async\" class=\"alignnone size-medium wp-image-173\" src=\"http:\/\/framatkamrater.noblogs.org\/files\/2019\/01\/hamn1-300x191.jpg\" alt=\"\" width=\"300\" height=\"191\" \/><\/p>\n","protected":false},"excerpt":{"rendered":"<p>Inl\u00e4gg fr\u00e5n 23\/1: Fr\u00e5n och med idag p\u00e5b\u00f6rjar Svenska Hamnarbetarf\u00f6rbundet en serie strejker som ett led i sin kamp f\u00f6r kollektivavtal. De b\u00f6rjar i Malm\u00f6 och Helsingborg (d\u00e4r Hamnarbetarf\u00f6rbundet organiserar 70% av de anst\u00e4llda) och n\u00e5r G\u00f6teborg p\u00e5 s\u00f6ndag (d\u00e4r motsvarande siffra \u00e4r 85%). Arbetsk\u00f6paren har svarat med aggressiva lockouter i ber\u00f6rda hamnar, och sedan [&#8230;]<\/p>\n<p><a class=\"btn btn-secondary understrap-read-more-link\" href=\"https:\/\/xn--framtkamrater-sfb.se\/?p=247\">Read More&#8230;<span class=\"screen-reader-text\"> from Hamnarbetarnas sak \u00e4r v\u00e5r<\/span><\/a><\/p>\n","protected":false},"author":1,"featured_media":0,"comment_status":"closed","ping_status":"open","sticky":false,"template":"","format":"standard","meta":{"footnotes":""},"categories":[10],"tags":[],"class_list":["post-247","post","type-post","status-publish","format-standard","hentry","category-strejk"],"_links":{"self":[{"href":"https:\/\/xn--framtkamrater-sfb.se\/index.php?rest_route=\/wp\/v2\/posts\/247","targetHints":{"allow":["GET"]}}],"collection":[{"href":"https:\/\/xn--framtkamrater-sfb.se\/index.php?rest_route=\/wp\/v2\/posts"}],"about":[{"href":"https:\/\/xn--framtkamrater-sfb.se\/index.php?rest_route=\/wp\/v2\/types\/post"}],"author":[{"embeddable":true,"href":"https:\/\/xn--framtkamrater-sfb.se\/index.php?rest_route=\/wp\/v2\/users\/1"}],"replies":[{"embeddable":true,"href":"https:\/\/xn--framtkamrater-sfb.se\/index.php?rest_route=%2Fwp%2Fv2%2Fcomments&post=247"}],"version-history":[{"count":1,"href":"https:\/\/xn--framtkamrater-sfb.se\/index.php?rest_route=\/wp\/v2\/posts\/247\/revisions"}],"predecessor-version":[{"id":248,"href":"https:\/\/xn--framtkamrater-sfb.se\/index.php?rest_route=\/wp\/v2\/posts\/247\/revisions\/248"}],"wp:attachment":[{"href":"https:\/\/xn--framtkamrater-sfb.se\/index.php?rest_route=%2Fwp%2Fv2%2Fmedia&parent=247"}],"wp:term":[{"taxonomy":"category","embeddable":true,"href":"https:\/\/xn--framtkamrater-sfb.se\/index.php?rest_route=%2Fwp%2Fv2%2Fcategories&post=247"},{"taxonomy":"post_tag","embeddable":true,"href":"https:\/\/xn--framtkamrater-sfb.se\/index.php?rest_route=%2Fwp%2Fv2%2Ftags&post=247"}],"curies":[{"name":"wp","href":"https:\/\/api.w.org\/{rel}","templated":true}]}}