{"id":251,"date":"2019-02-26T19:33:10","date_gmt":"2019-02-26T19:33:10","guid":{"rendered":"https:\/\/xn--framtkamrater-sfb.se\/?p=251"},"modified":"2019-03-07T19:40:05","modified_gmt":"2019-03-07T19:40:05","slug":"aret-med-framat-kamrater","status":"publish","type":"post","link":"https:\/\/xn--framtkamrater-sfb.se\/?p=251","title":{"rendered":"\u00c5ret med Fram\u00e5t kamrater"},"content":{"rendered":"<p><img loading=\"lazy\" decoding=\"async\" class=\"alignnone wp-image-201 size-full\" src=\"https:\/\/xn--framtkamrater-sfb.se\/wp-content\/uploads\/2019\/03\/bild-arsredovisning.jpg\" alt=\"\" width=\"1200\" height=\"1473\" srcset=\"https:\/\/fram\u00e5tkamrater.se\/wp-content\/uploads\/2019\/03\/bild-arsredovisning.jpg 1200w, https:\/\/fram\u00e5tkamrater.se\/wp-content\/uploads\/2019\/03\/bild-arsredovisning-244x300.jpg 244w, https:\/\/fram\u00e5tkamrater.se\/wp-content\/uploads\/2019\/03\/bild-arsredovisning-768x943.jpg 768w, https:\/\/fram\u00e5tkamrater.se\/wp-content\/uploads\/2019\/03\/bild-arsredovisning-834x1024.jpg 834w\" sizes=\"auto, (max-width: 1200px) 100vw, 1200px\" \/><\/p>\n<p>Under 2018 har Fram\u00e5t kamrater utvecklats fr\u00e5n id\u00e9 till en v\u00e4lfungerande organisation och en kraft att r\u00e4kna med.<\/p>\n<p>Vi har v\u00e4xt och rekryterat p\u00e5 den niv\u00e5 som vi trott oss klara av. Vi har tagit oss an st\u00f6rre projekt och har lyckats n\u00e5 de m\u00e5l vi satt upp. Allt har inte g\u00e5tt problemfritt, men vi kan konstatera att vi lyckats m\u00f6ta de motg\u00e5ngar vi har haft med beslutsamhet och tilltro till v\u00e5r gemensamma f\u00f6rm\u00e5ga.<\/p>\n<p>Vi kan grovt dela in v\u00e5rt arbete under \u00e5ret i tre omr\u00e5den:<\/p>\n<p>Vi har slitit h\u00e5rt med att skapa en effektiv, demokratisk och inkluderande organisation. Att arbeta med interna strukturer, m\u00f6tesformalia och rutiner \u00e4r inte alltid det mest sp\u00e4nnande eller omdelbart givande men vi \u00e4r \u00f6vertygade om att en stark organisation inte skapas av sig sj\u00e4lv utan kr\u00e4ver en konstant p\u00e5g\u00e5de process av utv\u00e4rderande, ifr\u00e5gas\u00e4ttande och ompr\u00f6vande. Vi har hela tiden velat ha n\u00e5gonting annat \u00e4n vad vi sett omkring oss, och det kr\u00e4ver ett brott med tidigare reflexer och vanehandlingar.<\/p>\n<p>Vi har studerat och diskuterat teori. Vi tror inte att vi kan bem\u00f6ta de stora utmaningar och pr\u00f6vningar vi st\u00e5r inf\u00f6r utan att f\u00f6rs\u00e5 samh\u00e4llet vi lever i, hur v\u00e5ra fiender agerar och hur de samspelar eller vilka styrkor och svageheter vi har i kampen mot dem. Allt v\u00e5rt arbete ska f\u00f6reg\u00e5s av grundlig diskussion och avslutas med h\u00e4nsynsl\u00f6s utv\u00e4rdering.<\/p>\n<p>Vi har agiterat, k\u00e4mpat, och slitit p\u00e5 gatan, i v\u00e5ra bostadsomr\u00e5den och p\u00e5 v\u00e5ra arbetsplatser. V\u00e5r ambition \u00e4r att kunna g\u00e5 ifr\u00e5n politiska brandk\u00e5rsutryckningar och kortsiktig krishantering till systematiskt och l\u00e5ngsiktigt arbete. Ambitionen \u00e4r och m\u00e5ste alltid, \u00e4ven om det \u00e4r l\u00e5ngt dit, vara att bygga en massorganisation.<\/p>\n<h1><strong>V\u00e5r verksamhet 2018<\/strong><\/h1>\n<p><strong>Studier<\/strong><\/p>\n<p>Studier av s\u00e5v\u00e4l samtiden som historien \u00e4r en grundl\u00e4ggande del av v\u00e5rt interna arbete. Vi b\u00f6rjade 2018 med en \u00f6ppen studiecirkel i autonom marxism, feminism och r\u00f6relse, under vilken vi unders\u00f6kte de r\u00f6relser, teoretiker och teorier som format den r\u00f6relse vi anser oss vara en del av, samt en del kritik av densamma. M\u00e5ngfalden bland deltagarna bidrog till utvecklande diskussioner och fungerade som en viktig f\u00f6rsta rekryteringsgrund f\u00f6r oss.<\/p>\n<p>Internt har vi haft en snart halv\u00e5rsl\u00e5ng studiecirkel i kommersiell sexuell exploatering. Fr\u00e5gan om sexk\u00f6p och om sex ska anses vara ett arbete som andra splittrar de personer och organisationer som anser sig st\u00e5 till v\u00e4nster, och vi ville g\u00f6ra en grundlig studie av de olika akt\u00f6rernas positioner, av begreppsanv\u00e4ndningen, av vittnesm\u00e5l och statistik, juridik och politik, samt diskuterade v\u00e5r syn p\u00e5 vad arbete och sex \u00e4r och vad vi vill att det ska vara. Resultatet av studiecirkeln kommer att publiceras i n\u00e5gon form under 2019.<\/p>\n<p>Ut\u00f6ver detta har vi haft heldagar vidga \u00e5t studier och diskussion, fr\u00e4mst f\u00f6r att skapa oss en ut\u00f6kad f\u00f6rst\u00e5else av revolution\u00e4ra organisationers roll i\/till klassen, samt f\u00f6r att f\u00f6rb\u00e4ttra v\u00e5rt interna feministiska arbete.<\/p>\n<p>V\u00e5ra tv\u00e5 separatistiska kunskapsutj\u00e4mningar (p\u00e5 Reclaim Pride i somras och p\u00e5 Kvinnofolk i h\u00f6stas) i strejkr\u00e4tten och hotet mot densamma har varit v\u00e4lbes\u00f6kta och uppskattade, och har varit ett v\u00e4lkommet komplement till de informationsm\u00f6ten vi haft inf\u00f6r tex Strike Back.<\/p>\n<p><strong>Hotet mot strejkr\u00e4tten<\/strong><\/p>\n<p>En stor del av v\u00e5rt l\u00f6pande arbete har tvingats handla om hotet mot strejkr\u00e4tten. Vi har under hela \u00e5ret deltagit i N\u00e4tvetet F\u00f6rsvara Strejkr\u00e4ttens arbete med fackliga gr\u00e4sr\u00f6tter, mobiliserade till Strike Back i Stockholm och har l\u00f6pande publicerat b\u00e5de l\u00e4ngre teoretiska texter och kortare information i form av filmer och analyser av lagf\u00f6rslaget samt spridit hundratals affischer och \u00e4nnu fler flyblad. Vi har varit drivande i att arrangera b\u00e5de den mindre manifestationen till strejkr\u00e4ttens f\u00f6rsvar i maj samt den st\u00f6rre under de nationella aktionsdagarna (Strike Back 2.0) i december. I april antog vi en uppmaning om att arbeta f\u00f6r politiskt strejk, och vi kan glatt konstatera att det \u00e4r en position som lyfts fr\u00e5n b\u00e5de fackligt f\u00f6rtroendevalda och mindre partier p\u00e5 v\u00e4nsterkanten sedan dess. Vi \u00e4r b\u00e5de nya och relativt sm\u00e5 som organisation, och v\u00e5rt inflytande i fr\u00e5gan \u00e4r naturligtvis minimalt j\u00e4mf\u00f6rt med n\u00e4r f\u00f6rtroendevalda fackligt aktiva yttrar sig.<\/p>\n<p><strong>Feminism och hbtq<\/strong><\/p>\n<p>Det feministiska perspektivet ska genomsyra alla Fram\u00e5t kamraters aktiviteter, och vi har f\u00f6rs\u00f6kt belysa fr\u00e5gan om strejkr\u00e4tt fr\u00e5n feministisk riktning under hela \u00e5ret. Vi var dessutom deltaktiga i arrangerandet av G\u00f6teborgs f\u00f6rsta Ta Natten Tillbaka p\u00e5 riktigt l\u00e4nge, och skrev under det upprop mot att \u00c5ttonde Mars-kommitt\u00e9n till\u00e5ter R\u00e4ttvisepartiet Socialisterna att medverka i kommitt\u00e9n. Ledande medlemmar i partiet har anklagats f\u00f6r att f\u00f6rs\u00f6ka tysta ner ett sexuellt \u00f6vergrepp i partiet, och vi tar samma position i \u00e5r. Fram till att R\u00e4ttvisepartiet hanterar sina interna problem eller att de l\u00e4mnar kommitt\u00e9n s\u00e5 kommer vi att fokusera p\u00e5 andra alternativa arrangemang. Under Reclaim Pride i somras h\u00f6ll vi i tv\u00e5 samtal, ett om transpersoners h\u00e4lsa tillsammans med Transh\u00e4lsan och ett om f\u00f6rdelar och nackdelar av att organisera sig separatistiskt respektive tillsammans med cis-m\u00e4n.<\/p>\n<p><strong>Internationalism<\/strong><\/p>\n<p>Turkiets upptrappade aggressioner mot sj\u00e4lvst\u00e4ndiga kurdiska Rojava och Afrin har besvarats med ett antal solidaritetsdemonstrationer i G\u00f6teborg. Vi har f\u00f6rs\u00f6kt mobilisera till majoriteten av dem, och deltog i s\u00e5 v\u00e4l Rojavakommnitt\u00e9ernas utbildningshelg i h\u00f6stas samt NCDK:s uppm\u00e4rksammande av PKK:s fyrtio\u00e5rsdag under vintern. I v\u00e5r str\u00e4van att delta i och utveckla internationella n\u00e4tverk har vi haft n\u00f6jet att bes\u00f6ka och delta i konferenser, demonstrationer och aktioner runt om i europa det g\u00e5nga \u00e5ret. Genom n\u00e4tverket ARNA har vi kunnat ha n\u00e4ra och kontinuerlig kontakt med andra revolution\u00e4ra organisationer, b\u00e5de i norden och ute i europa.<\/p>\n<p><strong>Idrott och kultur<\/strong><\/p>\n<p>Genom ett samarbete med kulturf\u00f6reningen I R\u00f6relse har vi kunnat delta i en workshop i att skriva politisk poesi under sommaren, och under h\u00f6sten b\u00f6rjade n\u00e5gra av oss lyfta skrot tillsammans. F\u00f6r att orka f\u00f6ra politisk kamp m\u00e5ste man ocks\u00e5 hitta utrymme att umg\u00e5s, till exempel genom att idrotta eller utforska sin kreativitet i ett politiskt sammanhang. Dessa aktiviteter har varit givande, trevliga och n\u00f6dv\u00e4ndiga.<\/p>\n<p><strong>Antifascism<\/strong><\/p>\n<p>Val\u00e5r inneb\u00e4r alltid \u00f6kad fascistisk gatuaktivitet och 2018 var inget undantag. Vi har lagt mycket tid och energi p\u00e5 att bem\u00f6ta fascister och extremh\u00f6ger p\u00e5 gatan. Oavsett om det har varit hitleristerna i NMR, finansnassarna i AFS eller ultrareaktion\u00e4rerna i SD som har f\u00f6rs\u00f6kt etablera gatun\u00e4rvaro i G\u00f6teborg har vi funits d\u00e4r f\u00f6r att m\u00f6ta dem och visa att deras splittringspolitik aldrig st\u00e5r oemotsagd.<\/p>\n<p><strong>Fram\u00e5t!<\/strong><\/p>\n<p>I skrivande stund st\u00e5r det klart att sj\u00e4lva grunden f\u00f6r Sveriges nya regering \u00e4r en \u00f6verenskommelse om f\u00f6rsvagand arbetsr\u00e4tt, inf\u00f6randet av marknadshyror och en fortsatt nedmontering av v\u00e4lf\u00e4rden. Den totala avsaknaden av synlig v\u00e4nsteropposition i rikspolitiken kommer forts\u00e4tta g\u00f6da h\u00f6gerpopulism och fascism, den kommer att leta sig ut p\u00e5 gatorna samtidigt som nyliberlaismens inhumana rovkapitalism kommer att kr\u00e4va sina offer. Allt tyder p\u00e5 \u00e4nnu ett \u00e5r av h\u00e5rdnad kamp och stora utmaningar.<\/p>\n<p>De kanske har vapnen, pengarna och till synes makten, men vi har varandra. Du beh\u00f6ver inte st\u00e5 ensam och du \u00e4r inte maktl\u00f6s. Vi har v\u00e5rt gemensamma mod, v\u00e5r beslutsamhet, och en orubblig \u00f6vertygelse om att en annan v\u00e4rld \u00e4r m\u00f6jlig och n\u00f6dv\u00e4ndig. Bryt dig ur hoppl\u00f6shet och isolation. St\u00e5 inte ensam n\u00e4r snutar och nazister angriper oss eller n\u00e4r politiker och kapitalister sl\u00e5r s\u00f6nder v\u00e5ra liv. Sl\u00e5 tillbaka. G\u00f6r motst\u00e5nd.<\/p>\n<p>Organisera dig med Fram\u00e5t kamrater!<\/p>\n","protected":false},"excerpt":{"rendered":"<p>Under 2018 har Fram\u00e5t kamrater utvecklats fr\u00e5n id\u00e9 till en v\u00e4lfungerande organisation och en kraft att r\u00e4kna med. Vi har v\u00e4xt och rekryterat p\u00e5 den niv\u00e5 som vi trott oss klara av. Vi har tagit oss an st\u00f6rre projekt och har lyckats n\u00e5 de m\u00e5l vi satt upp. Allt har inte g\u00e5tt problemfritt, men vi [&#8230;]<\/p>\n<p><a class=\"btn btn-secondary understrap-read-more-link\" href=\"https:\/\/xn--framtkamrater-sfb.se\/?p=251\">Read More&#8230;<span class=\"screen-reader-text\"> from \u00c5ret med Fram\u00e5t kamrater<\/span><\/a><\/p>\n","protected":false},"author":1,"featured_media":0,"comment_status":"closed","ping_status":"closed","sticky":false,"template":"","format":"standard","meta":{"footnotes":""},"categories":[11],"tags":[],"class_list":["post-251","post","type-post","status-publish","format-standard","hentry","category-arsredovisningar"],"_links":{"self":[{"href":"https:\/\/xn--framtkamrater-sfb.se\/index.php?rest_route=\/wp\/v2\/posts\/251","targetHints":{"allow":["GET"]}}],"collection":[{"href":"https:\/\/xn--framtkamrater-sfb.se\/index.php?rest_route=\/wp\/v2\/posts"}],"about":[{"href":"https:\/\/xn--framtkamrater-sfb.se\/index.php?rest_route=\/wp\/v2\/types\/post"}],"author":[{"embeddable":true,"href":"https:\/\/xn--framtkamrater-sfb.se\/index.php?rest_route=\/wp\/v2\/users\/1"}],"replies":[{"embeddable":true,"href":"https:\/\/xn--framtkamrater-sfb.se\/index.php?rest_route=%2Fwp%2Fv2%2Fcomments&post=251"}],"version-history":[{"count":3,"href":"https:\/\/xn--framtkamrater-sfb.se\/index.php?rest_route=\/wp\/v2\/posts\/251\/revisions"}],"predecessor-version":[{"id":254,"href":"https:\/\/xn--framtkamrater-sfb.se\/index.php?rest_route=\/wp\/v2\/posts\/251\/revisions\/254"}],"wp:attachment":[{"href":"https:\/\/xn--framtkamrater-sfb.se\/index.php?rest_route=%2Fwp%2Fv2%2Fmedia&parent=251"}],"wp:term":[{"taxonomy":"category","embeddable":true,"href":"https:\/\/xn--framtkamrater-sfb.se\/index.php?rest_route=%2Fwp%2Fv2%2Fcategories&post=251"},{"taxonomy":"post_tag","embeddable":true,"href":"https:\/\/xn--framtkamrater-sfb.se\/index.php?rest_route=%2Fwp%2Fv2%2Ftags&post=251"}],"curies":[{"name":"wp","href":"https:\/\/api.w.org\/{rel}","templated":true}]}}