{"id":269,"date":"2019-03-08T08:42:36","date_gmt":"2019-03-08T08:42:36","guid":{"rendered":"https:\/\/xn--framtkamrater-sfb.se\/?p=269"},"modified":"2019-03-30T15:43:15","modified_gmt":"2019-03-30T15:43:15","slug":"8-mars-ta-natten-tillbaka","status":"publish","type":"post","link":"https:\/\/xn--framtkamrater-sfb.se\/?p=269","title":{"rendered":"8 mars &#8211; ta natten tillbaka!"},"content":{"rendered":"\r\n\r\nFram\u00e5t kamrater \u00e4r en feministisk och socialistisk organisation i G\u00f6teborg. Vi vill krossa fascism och patriarkat, och avskaffa klassamh\u00e4llet. Vi k\u00e4mpar p\u00e5 jobbet, p\u00e5 gatan, p\u00e5 dansgolvet, i skolan, i hemmet, i v\u00e5rden.\r\n\r\n\r\n\r\n\r\n\r\nVi k\u00e4mpar tillsammans. Vi vill k\u00e4mpa med dig &#8211; <a href=\"organisera-dig\">Organisera dig med oss!<\/a>\r\n\r\n\r\n\r\n\r\n\r\nIkv\u00e4ll den 8 mars tar vi &#8211; transpersoner och kvinnor &#8211; natten tillbaka! Samling Masthuggstorget kl 21:00 &lt;3 <a href=\"https:\/\/www.facebook.com\/events\/922471271276960\/\">Se Facebook f\u00f6r mer info.<\/a>\r\n\r\n","protected":false},"excerpt":{"rendered":"<p>Fram\u00e5t kamrater \u00e4r en feministisk och socialistisk organisation i G\u00f6teborg. Vi vill krossa fascism och patriarkat, och avskaffa klassamh\u00e4llet. Vi k\u00e4mpar p\u00e5 jobbet, p\u00e5 gatan, p\u00e5 dansgolvet, i skolan, i hemmet, i v\u00e5rden. Vi k\u00e4mpar tillsammans. Vi vill k\u00e4mpa med dig &#8211; Organisera dig med oss! Ikv\u00e4ll den 8 mars tar vi &#8211; transpersoner och [&#8230;]<\/p>\n<p><a class=\"btn btn-secondary understrap-read-more-link\" href=\"https:\/\/xn--framtkamrater-sfb.se\/?p=269\">Read More&#8230;<span class=\"screen-reader-text\"> from 8 mars &#8211; ta natten tillbaka!<\/span><\/a><\/p>\n","protected":false},"author":1,"featured_media":192,"comment_status":"closed","ping_status":"closed","sticky":false,"template":"","format":"standard","meta":{"footnotes":""},"categories":[1],"tags":[],"class_list":["post-269","post","type-post","status-publish","format-standard","has-post-thumbnail","hentry","category-uncategorized"],"_links":{"self":[{"href":"https:\/\/xn--framtkamrater-sfb.se\/index.php?rest_route=\/wp\/v2\/posts\/269","targetHints":{"allow":["GET"]}}],"collection":[{"href":"https:\/\/xn--framtkamrater-sfb.se\/index.php?rest_route=\/wp\/v2\/posts"}],"about":[{"href":"https:\/\/xn--framtkamrater-sfb.se\/index.php?rest_route=\/wp\/v2\/types\/post"}],"author":[{"embeddable":true,"href":"https:\/\/xn--framtkamrater-sfb.se\/index.php?rest_route=\/wp\/v2\/users\/1"}],"replies":[{"embeddable":true,"href":"https:\/\/xn--framtkamrater-sfb.se\/index.php?rest_route=%2Fwp%2Fv2%2Fcomments&post=269"}],"version-history":[{"count":1,"href":"https:\/\/xn--framtkamrater-sfb.se\/index.php?rest_route=\/wp\/v2\/posts\/269\/revisions"}],"predecessor-version":[{"id":270,"href":"https:\/\/xn--framtkamrater-sfb.se\/index.php?rest_route=\/wp\/v2\/posts\/269\/revisions\/270"}],"wp:featuredmedia":[{"embeddable":true,"href":"https:\/\/xn--framtkamrater-sfb.se\/index.php?rest_route=\/wp\/v2\/media\/192"}],"wp:attachment":[{"href":"https:\/\/xn--framtkamrater-sfb.se\/index.php?rest_route=%2Fwp%2Fv2%2Fmedia&parent=269"}],"wp:term":[{"taxonomy":"category","embeddable":true,"href":"https:\/\/xn--framtkamrater-sfb.se\/index.php?rest_route=%2Fwp%2Fv2%2Fcategories&post=269"},{"taxonomy":"post_tag","embeddable":true,"href":"https:\/\/xn--framtkamrater-sfb.se\/index.php?rest_route=%2Fwp%2Fv2%2Ftags&post=269"}],"curies":[{"name":"wp","href":"https:\/\/api.w.org\/{rel}","templated":true}]}}