{"id":271,"date":"2019-03-09T15:46:19","date_gmt":"2019-03-09T15:46:19","guid":{"rendered":"https:\/\/xn--framtkamrater-sfb.se\/?p=271"},"modified":"2019-03-30T16:13:29","modified_gmt":"2019-03-30T16:13:29","slug":"vi-tog-natten-tillbaka","status":"publish","type":"post","link":"https:\/\/xn--framtkamrater-sfb.se\/?p=271","title":{"rendered":"Vi tog natten tillbaka"},"content":{"rendered":"<h3>Fram\u00e5t kamraters rapport fr\u00e5n 8 mars<\/h3>\n<p>Hur m\u00e5nga \u00e4r vi?<br \/>\nFemhundra? Sjuhundra?<br \/>\nVi f\u00f6rs\u00f6ker uppskatta antalet m\u00e4nniskor i denna v\u00e5r massa av rop och dans som svarar varandra med slagord och r\u00f6r sig genom stans gator. Vi tar natten tillbaka.<\/p>\n<p>Kling och trumslag studsar mot \u00f6lhak p\u00e5 andra l\u00e5nggatan, lockar krogbes\u00f6kare att komma ut och titta. Javisst, det \u00e4r p\u00e5 gatan kv\u00e4llens b\u00e4sta fest \u00e4r, och den \u00e4r bara f\u00f6r transpersoner och kvinnor. N\u00e4r vi g\u00e5tt f\u00f6rbi dr\u00f6jer det kvar en lukt av krut och kamp.<br \/>\nDet fr\u00e4ser till strax bakom dig, till v\u00e4nster. I n\u00e5gons hand brinner en klar r\u00f6d l\u00e5ga, rakt upp, lyser upp ansikten och husfasader, kastar skarpa skuggor p\u00e5 asfalten.<\/p>\n<p>\u2013 VAD SKA VI G\u00d6RA?<br \/>\n\u2013 KROSSA SEXISMEN!<\/p>\n<p>Tjejg\u00e4ng med \u00f6l i h\u00e4nderna jublar n\u00e4r de h\u00f6r vad vi ropar. En heteroman klamrar sig fast i flickv\u00e4nnens arm, som vore han r\u00e4dd att v\u00e5r gemenskap ska locka henne att ansluta sig.<\/p>\n<p>Framf\u00f6r oss ligger J\u00e4rntorget och natten.<\/p>\n<p style=\"text-align: center;\">*<\/p>\n<p><img loading=\"lazy\" decoding=\"async\" class=\"alignleft wp-image-272 size-medium\" src=\"https:\/\/xn--framtkamrater-sfb.se\/wp-content\/uploads\/2019\/03\/8mars-202x300.jpg\" alt=\"\" width=\"202\" height=\"300\" srcset=\"https:\/\/fram\u00e5tkamrater.se\/wp-content\/uploads\/2019\/03\/8mars-202x300.jpg 202w, https:\/\/fram\u00e5tkamrater.se\/wp-content\/uploads\/2019\/03\/8mars-768x1142.jpg 768w, https:\/\/fram\u00e5tkamrater.se\/wp-content\/uploads\/2019\/03\/8mars-689x1024.jpg 689w\" sizes=\"auto, (max-width: 202px) 100vw, 202px\" \/>Fram\u00e5t kamrater har haft hektiska dagar. Natten mot 8 mars tog vi oss friheten att annonsera f\u00f6r Ta Natten Tillbaka p\u00e5 centrala knutpunkter i\u00a0G\u00f6teborg.<\/p>\n<p>P\u00e5 f\u00f6rmiddagen bes\u00f6kte vi Kvinnofolkh\u00f6gskolan och h\u00f6ll i ett samtal om f\u00f6rdelarna och nackdelarna med att organisera sig med cism\u00e4n. Vi pratade om n\u00e4r man vill organisera sig kvinno- och transseparatistiskt och n\u00e4r man inte vill det. Vi ville bredda samtalet och inkludera personer som inte har organiserat sig politiskt innan och pratade ocks\u00e5 om separat organiserad idrott, religion och att g\u00e5 i en separat organiserad skola. Det var ett v\u00e4ldigt v\u00e4lbes\u00f6kt och lyckat\u00a0samtal. Tack Kvinnofolk och alla deltagare som bidrog till g\u00f6tt snack!<\/p>\n<p><img loading=\"lazy\" decoding=\"async\" class=\"aligncenter wp-image-273 size-full\" src=\"https:\/\/xn--framtkamrater-sfb.se\/wp-content\/uploads\/2019\/03\/kvinnofolk.jpeg\" alt=\"\" width=\"898\" height=\"761\" srcset=\"https:\/\/fram\u00e5tkamrater.se\/wp-content\/uploads\/2019\/03\/kvinnofolk.jpeg 898w, https:\/\/fram\u00e5tkamrater.se\/wp-content\/uploads\/2019\/03\/kvinnofolk-300x254.jpeg 300w, https:\/\/fram\u00e5tkamrater.se\/wp-content\/uploads\/2019\/03\/kvinnofolk-768x651.jpeg 768w\" sizes=\"auto, (max-width: 898px) 100vw, 898px\" \/><\/p>\n<p>Det \u00e4r utanf\u00f6r Kvinnofolkh\u00f6gskolan, senare p\u00e5 kv\u00e4llen, som vi m\u00f6ts upp med hundratals v\u00e4nner och kamrater f\u00f6r att ta natten tillbaka. \u201dP\u00e5 alla torg, och alla gator, tillsammans k\u00e4mpar vi\u201d, sjunger G\u00f6teborgs feministiska k\u00f6r, medan Masthuggstorget blir ett av alla de hundratusentals torg i v\u00e4rlden d\u00e4r feminister samlas ikv\u00e4ll.<\/p>\n<p>Tillsammans med kamrater fr\u00e5n andra organisationer har fram\u00e5t kamrater varit med och planerat den h\u00e4r kv\u00e4llen sedan januari. Vi har diskuterat demov\u00e4g, vilken bil som passar b\u00e4st och hur man till billigast pris f\u00e5r ett schysst ljud. Arrang\u00f6rsgruppen bestod av erfarna och helt oerfarna aktivister som l\u00e4rde av varandra. Efter mycket f\u00f6rberedelse, slit och darriga nerver var s\u00e5 kv\u00e4llen \u00e4ntligen h\u00e4r!<\/p>\n<p><img loading=\"lazy\" decoding=\"async\" class=\"aligncenter wp-image-278 size-full\" src=\"https:\/\/xn--framtkamrater-sfb.se\/wp-content\/uploads\/2019\/03\/01_andralang.jpg\" alt=\"\" width=\"2500\" height=\"1538\" srcset=\"https:\/\/fram\u00e5tkamrater.se\/wp-content\/uploads\/2019\/03\/01_andralang.jpg 2500w, https:\/\/fram\u00e5tkamrater.se\/wp-content\/uploads\/2019\/03\/01_andralang-300x185.jpg 300w, https:\/\/fram\u00e5tkamrater.se\/wp-content\/uploads\/2019\/03\/01_andralang-768x472.jpg 768w, https:\/\/fram\u00e5tkamrater.se\/wp-content\/uploads\/2019\/03\/01_andralang-1024x630.jpg 1024w\" sizes=\"auto, (max-width: 2500px) 100vw, 2500px\" \/><\/p>\n<p>R\u00f6k fr\u00e5n pyro sprider ljuset fr\u00e5n gatlyktorna. Trumslag och talk\u00f6rer skakar om kv\u00e4llen. Det \u00e4r lite kallt. Massan v\u00e4rmer. Det \u00e4r karnevaliskt, den patriarkala ordningen \u00e4r f\u00f6r n\u00e5gra timmar st\u00e4lld p\u00e5 \u00e4nda. De lila v\u00e4starna \u00e4r h\u00e4r.<\/p>\n<p><img loading=\"lazy\" decoding=\"async\" class=\"aligncenter wp-image-276 size-full\" src=\"https:\/\/xn--framtkamrater-sfb.se\/wp-content\/uploads\/2019\/03\/08_vasa2-lila.jpg\" alt=\"\" width=\"2500\" height=\"1667\" srcset=\"https:\/\/fram\u00e5tkamrater.se\/wp-content\/uploads\/2019\/03\/08_vasa2-lila.jpg 2500w, https:\/\/fram\u00e5tkamrater.se\/wp-content\/uploads\/2019\/03\/08_vasa2-lila-300x200.jpg 300w, https:\/\/fram\u00e5tkamrater.se\/wp-content\/uploads\/2019\/03\/08_vasa2-lila-768x512.jpg 768w, https:\/\/fram\u00e5tkamrater.se\/wp-content\/uploads\/2019\/03\/08_vasa2-lila-1024x683.jpg 1024w\" sizes=\"auto, (max-width: 2500px) 100vw, 2500px\" \/><\/p>\n<p>Ett barn i fyra\u00e5rs\u00e5ldern st\u00e5r p\u00e5 trottoaren med sin pappa i handen. R\u00f6d pyro speglas i barnets stora \u00f6gon.<br \/>\nDu ler.<br \/>\nBarnet b\u00f6rjar le tillbaka.<br \/>\n\u2013 \u00c4r det lite l\u00e4skigt? fr\u00e5gar du den vuxna.<br \/>\n\u2013 Nej d\u00e5, svarar han.<br \/>\n\u2013 Vi \u00e4r inte s\u00e5 farliga, till\u00e4gger du, v\u00e4nd mot de b\u00e5da. Du vinkar hej d\u00e5, n\u00e4r festen r\u00f6r sig vidare. Barnet vinkar, en liten hand i rosa tumvante. Du ser dem st\u00e5 kvar i det r\u00f6da skenet.<\/p>\n<p>En snubbe p\u00e5 trottoaren har ryggen mot oss och h\u00e5ller upp mobilen. Han tar en selfie med demonstrationst\u00e5get som fond bakom sig. I hans instagram story blir vi en bakgrund f\u00f6r hans ego. Ett bekant scenario. P\u00e5minner om hur det bakom varje \u201dstor\u201d man st\u00e5r inte bara en kvinna utan m\u00e5nga. Alla som st\u00e4dar golven han g\u00e5r p\u00e5, brygger hans kaffe, tr\u00f6star hans barn, bygger hans bil, odlar hans mat, syr hans kl\u00e4der, fraktar hans internetk\u00f6p och mikrol\u00f6dar chipen i hans mobil. \u201dWho run the world? Girls!\u201d Utan oss faller allt. V\u00e4rlden b\u00e4rs av den globala arbetarklassens kvinnor.<\/p>\n<p>Talare fr\u00e5n N\u00e4tverket F\u00f6rsvara Strejkr\u00e4tten tar ordet utanf\u00f6r Handelsh\u00f6gskolan, och p\u00e5minner oss om hur vi transpersoner och kvinnor oftare har os\u00e4kra anst\u00e4llningar. N\u00e4r strejkr\u00e4tten ska inskr\u00e4nkas s\u00e5 \u00e4r det v\u00e5rt stridsvapen som politiker och n\u00e4ringsliv vill ta ifr\u00e5n oss.<\/p>\n<p><img loading=\"lazy\" decoding=\"async\" class=\"alignnone wp-image-275 size-full\" src=\"https:\/\/xn--framtkamrater-sfb.se\/wp-content\/uploads\/2019\/03\/06_handels2.jpg\" alt=\"\" width=\"2500\" height=\"1667\" srcset=\"https:\/\/fram\u00e5tkamrater.se\/wp-content\/uploads\/2019\/03\/06_handels2.jpg 2500w, https:\/\/fram\u00e5tkamrater.se\/wp-content\/uploads\/2019\/03\/06_handels2-300x200.jpg 300w, https:\/\/fram\u00e5tkamrater.se\/wp-content\/uploads\/2019\/03\/06_handels2-768x512.jpg 768w, https:\/\/fram\u00e5tkamrater.se\/wp-content\/uploads\/2019\/03\/06_handels2-1024x683.jpg 1024w\" sizes=\"auto, (max-width: 2500px) 100vw, 2500px\" \/><\/p>\n<p>N\u00e4r talet \u00e4r slut rullar vi vidare. Ljudbilen pumpar bas. Vasa dansas ner under v\u00e5ra f\u00f6tter. Demon \u00e4r s\u00e5 l\u00e5ng att vi l\u00e4ngre bak inte h\u00f6r musiken, och vi skriker ist\u00e4llet:<\/p>\n<p>\u2013 INGA PIGOR \u00c5T \u00d6VERKLASSEN, L\u00c5T DOM ST\u00c4DA DOM EGNA DASSEN!<\/p>\n<p><img loading=\"lazy\" decoding=\"async\" class=\"aligncenter wp-image-279 size-full\" src=\"https:\/\/xn--framtkamrater-sfb.se\/wp-content\/uploads\/2019\/03\/07_vasa.jpg\" alt=\"\" width=\"2500\" height=\"1667\" srcset=\"https:\/\/fram\u00e5tkamrater.se\/wp-content\/uploads\/2019\/03\/07_vasa.jpg 2500w, https:\/\/fram\u00e5tkamrater.se\/wp-content\/uploads\/2019\/03\/07_vasa-300x200.jpg 300w, https:\/\/fram\u00e5tkamrater.se\/wp-content\/uploads\/2019\/03\/07_vasa-768x512.jpg 768w, https:\/\/fram\u00e5tkamrater.se\/wp-content\/uploads\/2019\/03\/07_vasa-1024x683.jpg 1024w\" sizes=\"auto, (max-width: 2500px) 100vw, 2500px\" \/><\/p>\n<p>\u00c4r det verkligen sant, det d\u00e4r du sa till barnet med de rosa tumvantarna?<br \/>\n\u00c4r det sant att vi inte \u00e4r s\u00e5 farliga? \u00c4r det inte i sj\u00e4lva verket s\u00e5 att vi \u00e4r riktigt j\u00e4vla farliga?<\/p>\n<p>\u201dG\u00f6r feminismen till ett hot!\u201d \u00e4r ett slagord som G\u00f6teborgs autonoma v\u00e4nster har gjort till sitt de senaste \u00e5ren. Ett hot mot vem? Inte mot barnet som med klapprande hj\u00e4rta h\u00f6r och ser oss passera p\u00e5 andra l\u00e5nggatan, med v\u00e5rt pyro och v\u00e5ra slagord. Vi \u00e4r ett hot mot allt som vill kuva det barnet. Vi vill krossa det som skapar r\u00e4dsla att g\u00e5 sj\u00e4lv p\u00e5 kv\u00e4llen, vi vill krossa v\u00e5ldt\u00e4ktskulturen. Vi vill krossa kapitalismen som exploaterar v\u00e5r arbetskraft och patriarkatet som exploaterar v\u00e5r k\u00e4rlek. Vi vill krossa den ordningsmakt som rasprofilerar det barnet. Vi \u00e4r ett hot mot det patriarkala r\u00e4ttssystem som inte kan ge den v\u00e5ldtagna uppr\u00e4ttelse.<\/p>\n<p>Vi \u00e4r framtiden och vi kommer genom natten f\u00f6r att omskapa varandra, gatan, samh\u00e4llet och v\u00e4rlden. N\u00e4r vi ler mot barnet s\u00e5 ler hen tillbaka mot oss. Om n\u00e5gra \u00e5r s\u00e5 kommer hen att g\u00f6ra oss s\u00e4llskap.<\/p>\n<p><img loading=\"lazy\" decoding=\"async\" class=\"aligncenter wp-image-277 size-full\" src=\"https:\/\/xn--framtkamrater-sfb.se\/wp-content\/uploads\/2019\/03\/13_gotaplatsen2.jpg\" alt=\"\" width=\"2500\" height=\"1667\" srcset=\"https:\/\/fram\u00e5tkamrater.se\/wp-content\/uploads\/2019\/03\/13_gotaplatsen2.jpg 2500w, https:\/\/fram\u00e5tkamrater.se\/wp-content\/uploads\/2019\/03\/13_gotaplatsen2-300x200.jpg 300w, https:\/\/fram\u00e5tkamrater.se\/wp-content\/uploads\/2019\/03\/13_gotaplatsen2-768x512.jpg 768w, https:\/\/fram\u00e5tkamrater.se\/wp-content\/uploads\/2019\/03\/13_gotaplatsen2-1024x683.jpg 1024w\" sizes=\"auto, (max-width: 2500px) 100vw, 2500px\" \/><\/p>\n<p>G\u00f6taplatsen. Vi ska snart iv\u00e4g och ansluta oss till den fantastiska efterfesten p\u00e5 Blackbird. Men f\u00f6rst avslutas demon. En kamrat i Fram\u00e5t kamrater avslutningstalar. Dessa ord rundar av kv\u00e4llen:<\/p>\n<p>\u2013 Just nu \u00e4r det l\u00e5nga k\u00f6er f\u00f6r att f\u00e5 k\u00f6nsbekr\u00e4ftande v\u00e5rd. Just nu uts\u00e4tts vi f\u00f6r sexuella trakasserier och v\u00e5ld. Just nu rasprofileras vi av staten och ordningsmakten. Just nu h\u00e5ller v\u00e5r r\u00e4tt att s\u00e4ga ifr\u00e5n p\u00e5 arbetsplatsen p\u00e5 att tas ifr\u00e5n oss.<\/p>\n<p>Men det vi har gjort ikv\u00e4ll \u00e4r vi har skapat ett utrymme f\u00f6r oss. Tillsammans tog vi tillbaka v\u00e5ra gator, v\u00e5r stad, v\u00e5r natt. S\u00e5 som det har varit att g\u00e5 fr\u00e5n Masthuggstorget genom hela stan till G\u00f6taplatsen ikv\u00e4ll s\u00e5 ska vara varje dag. Som ni vet s\u00e5 slutar inte kampen h\u00e4r. En annan v\u00e4rld \u00e4r inte bara m\u00f6jlig utan direkt n\u00f6dv\u00e4ndig och den k\u00e4nslan och det som vi tillsammans har skapat h\u00e4r ikv\u00e4ll tar vi med oss n\u00e4r vi organiserar oss och i v\u00e5r vardag. Det h\u00e4r \u00e4r v\u00e5ra gator och natten tillh\u00f6r\u00a0oss.<\/p>\n","protected":false},"excerpt":{"rendered":"<p>Fram\u00e5t kamraters rapport fr\u00e5n 8 mars Hur m\u00e5nga \u00e4r vi? Femhundra? Sjuhundra? Vi f\u00f6rs\u00f6ker uppskatta antalet m\u00e4nniskor i denna v\u00e5r massa av rop och dans som svarar varandra med slagord och r\u00f6r sig genom stans gator. Vi tar natten tillbaka. Kling och trumslag studsar mot \u00f6lhak p\u00e5 andra l\u00e5nggatan, lockar krogbes\u00f6kare att komma ut och [&#8230;]<\/p>\n<p><a class=\"btn btn-secondary understrap-read-more-link\" href=\"https:\/\/xn--framtkamrater-sfb.se\/?p=271\">Read More&#8230;<span class=\"screen-reader-text\"> from Vi tog natten tillbaka<\/span><\/a><\/p>\n","protected":false},"author":1,"featured_media":274,"comment_status":"closed","ping_status":"closed","sticky":false,"template":"","format":"standard","meta":{"footnotes":""},"categories":[1],"tags":[],"class_list":["post-271","post","type-post","status-publish","format-standard","has-post-thumbnail","hentry","category-uncategorized"],"_links":{"self":[{"href":"https:\/\/xn--framtkamrater-sfb.se\/index.php?rest_route=\/wp\/v2\/posts\/271","targetHints":{"allow":["GET"]}}],"collection":[{"href":"https:\/\/xn--framtkamrater-sfb.se\/index.php?rest_route=\/wp\/v2\/posts"}],"about":[{"href":"https:\/\/xn--framtkamrater-sfb.se\/index.php?rest_route=\/wp\/v2\/types\/post"}],"author":[{"embeddable":true,"href":"https:\/\/xn--framtkamrater-sfb.se\/index.php?rest_route=\/wp\/v2\/users\/1"}],"replies":[{"embeddable":true,"href":"https:\/\/xn--framtkamrater-sfb.se\/index.php?rest_route=%2Fwp%2Fv2%2Fcomments&post=271"}],"version-history":[{"count":2,"href":"https:\/\/xn--framtkamrater-sfb.se\/index.php?rest_route=\/wp\/v2\/posts\/271\/revisions"}],"predecessor-version":[{"id":281,"href":"https:\/\/xn--framtkamrater-sfb.se\/index.php?rest_route=\/wp\/v2\/posts\/271\/revisions\/281"}],"wp:featuredmedia":[{"embeddable":true,"href":"https:\/\/xn--framtkamrater-sfb.se\/index.php?rest_route=\/wp\/v2\/media\/274"}],"wp:attachment":[{"href":"https:\/\/xn--framtkamrater-sfb.se\/index.php?rest_route=%2Fwp%2Fv2%2Fmedia&parent=271"}],"wp:term":[{"taxonomy":"category","embeddable":true,"href":"https:\/\/xn--framtkamrater-sfb.se\/index.php?rest_route=%2Fwp%2Fv2%2Fcategories&post=271"},{"taxonomy":"post_tag","embeddable":true,"href":"https:\/\/xn--framtkamrater-sfb.se\/index.php?rest_route=%2Fwp%2Fv2%2Ftags&post=271"}],"curies":[{"name":"wp","href":"https:\/\/api.w.org\/{rel}","templated":true}]}}