{"id":283,"date":"2019-04-09T17:51:16","date_gmt":"2019-04-09T17:51:16","guid":{"rendered":"https:\/\/xn--framtkamrater-sfb.se\/?p=283"},"modified":"2019-04-09T17:51:16","modified_gmt":"2019-04-09T17:51:16","slug":"strike-back-3-0","status":"publish","type":"post","link":"https:\/\/xn--framtkamrater-sfb.se\/?p=283","title":{"rendered":"Strike Back 3.0"},"content":{"rendered":"<p>&nbsp;<\/p>\n<p>Vi deltar i <a href=\"https:\/\/www.facebook.com\/events\/2629135033781657\/\">Strike Back 3.0 10-11\/5<\/a>:<\/p>\n<blockquote style=\"margin: 0px 30px; font-size: 110%;\"><p>&#8220;Drygt 6 m\u00e5nader har g\u00e5tt sedan vi stod samlade i tusental p\u00e5 Norra Bantorget, Stockholm i den varma augustisolen.<br \/>\nKraftfulla tal avl\u00f6ste varandra, en k\u00e4nsla av stark beslutsamhet v\u00e4xte inom oss.<br \/>\nVi skulle inte l\u00e5ta oss kn\u00e4ckas!<br \/>\nVi skulle inte l\u00e5ta pampar, politiker eller n\u00e4ringlivstoppar driva igenom sina intressen p\u00e5 bekostnad av v\u00e5ra.<br \/>\nVi skulle stoppa dem. Vi visste att ingenting hade avslutats n\u00e4r vi l\u00e4mnade torget.<br \/>\nVi visste att detta var en b\u00f6rjan, inte ett slut.<br \/>\nTillsammans var vi redo att rakryggat st\u00e5 upp f\u00f6r v\u00e5r r\u00e4tt att ta fighten p\u00e5 jobbet, att beh\u00e5lla v\u00e5r v\u00e4rdighet, att ha kontroll och inflytande \u00f6ver v\u00e5ra liv.<\/p>\n<p>Sedan dess har det g\u00e5tt snabbt. I maktens korridorer, bakom st\u00e4ngda d\u00f6rrar i konferensrum, har man utan tvivel noterat att det r\u00f6r p\u00e5 sig bland fotfolket.<br \/>\nDen stora manifestationen i augusti 2018 har avl\u00f6sts av lokala protester och demonstrationer, gr\u00e4srotsn\u00e4tverk har bildats, fler klubbar och f\u00f6rtroendevalda har sagt ifr\u00e5n offentligt. Det har naturligtvis bekymrat dem i dyra kostymer som lever p\u00e5 andras arbete och alltid letar efter nya s\u00e4tt att f\u00f6rsvaga och splittra oss p\u00e5.<\/p>\n<p>De har lagt in en extra v\u00e4xel! De vill att det ska g\u00e5 snabbt, g\u00e4rna i medieskugga. F\u00f6rslaget beh\u00f6ver bli lag innan de stora fackf\u00f6rbunden p\u00e5b\u00f6rjar sina kongresser, f\u00f6r fler och fler ifr\u00e5gas\u00e4tter nu inskr\u00e4nkningarna.<br \/>\nDe beh\u00f6ver g\u00f6ra lag av f\u00f6rslaget snabbt, f\u00e5 det undanst\u00f6kat och bortgl\u00f6mt innan allt f\u00f6r m\u00e5nga gr\u00e4sr\u00f6tter hinner snacka ihop sig och spj\u00e4rna emot.<br \/>\nDe vill helst att riksdagen ska r\u00f6sta igenom allvarliga inskr\u00e4nkningar av strejkr\u00e4tten innan sommaren \u00e4r h\u00e4r. De hoppas, och kanske till och med r\u00e4knar de med, att vi inte ska hinna g\u00f6ra motst\u00e5nd.<br \/>\nDe har fel!<\/p>\n<p>Strike back! &#8211; P\u00e5 jobbet! 10\/5<\/p>\n<p>Den 10 maj kallar Strike Back till landsomfattande aktionsdag.<br \/>\nAlla kan delta, var du \u00e4n befinner dig! F\u00f6r var ska striden om v\u00e5ra arbetsvillkor rimligen st\u00e5, om inte p\u00e5 arbetet? M\u00e5let \u00e4r att s\u00e5 m\u00e5nga som m\u00f6jligt ska utf\u00f6ra n\u00e5gon form av strids\u00e5tg\u00e4rd under dagen, f\u00f6r att visa att det faktiskt \u00e4r vi som arbetar som har den verkliga makten i samh\u00e4llet.<br \/>\nDet \u00e4r cheferna och politikerna som som beh\u00f6ver oss.<br \/>\nDet \u00e4r vi som \u00e4r de riktiga \u201dmakthavarna\u201d i samh\u00e4llet, s\u00e5 l\u00e4nge vi h\u00e5ller ihop och jobbar tillsammans. Vi k\u00f6r bussarna, lastar av b\u00e5tarna, tar hand om barnen, v\u00e5rdar de gamla och sjuka och h\u00e5ller gatorna rena.<br \/>\nMen \u00e4ven vi som utbildar oss f\u00f6r ett framtida arbetsliv, vi som \u00e4r arbetss\u00f6kande och hoppas komma in p\u00e5 arbetsmarknaden eller vi som \u00e4r sjukskrivna, pappersl\u00f6sa eller pensionerade &#8211; ocks\u00e5 vi ber\u00f6rs av inskr\u00e4nkningarna.<\/p>\n<p>Det kan r\u00f6ra sig om en regelr\u00e4tt strejk som ni utlyser genom ert fackf\u00f6rbund, det kan inneb\u00e4ra att sjuka sig, ensam eller i grupp, eller bara att ta det riktigt, riktigt, riktigt lugnt p\u00e5 jobbet den fredagen. Dela ut flygblad under lunchrasten? Skriver ni ett gemensamt protestbrev och skickar till fackf\u00f6rbundsledningen, om ni \u00e4r med i ett f\u00f6rbund som st\u00e5r bakom inskr\u00e4nkningen?<\/p>\n<p>Ingen k\u00e4nner arbetsplatsen b\u00e4ttre \u00e4n ni, s\u00e5 exakt vad som ska h\u00e4nda \u00e4r upp till er! Ni \u00e4r heller inte ensamma, tv\u00e4rt om. Det kommer kontinuerligt komma tips, f\u00f6rslag och historiska exempel p\u00e5 saker att g\u00f6ra p\u00e5 Strike Backs facebooksida, s\u00e5 h\u00e5ll utkik. Strids\u00e5tg\u00e4rder kan vara s\u00e5 mycket mer \u00e4n strejk \u2013 det har vi i arbetarr\u00f6relsen en l\u00e5ng och stolt tradition av att bevisa! Och p\u00e5 samma s\u00e4tt kan en strids\u00e5tg\u00e4rd lika g\u00e4rna \u00e4ga rum i skolan eller arbetsf\u00f6rmedlingen!<\/p>\n<p>Sl\u00e5 tillbaka \u2013 innan det \u00e4r f\u00f6r sent!<\/p>\n<p>Vi vet att kampen p\u00e5 jobbet \u00e4r riskfylld. V\u00e5ra liv h\u00e4nger ofta p\u00e5 v\u00e5ra arbeten. Att ta ett steg ur ledet och st\u00e4mpla sig sj\u00e4lv som trubbelmakare f\u00f6r chef och ledning kan f\u00e5 konsekvenser. Men det \u00e4r just d\u00e4rf\u00f6r det \u00e4r viktigt att vi v\u00e5gar g\u00f6ra det nu, innan l\u00e4get blir \u00e4n v\u00e4rre. F\u00f6r om vi inte k\u00e4mpar nu kommer det bli v\u00e4rre, det kan vi vara s\u00e4kra p\u00e5. Om inte arbetarr\u00f6relsen reser sig, kommer det bli sv\u00e5rare och mer riskabelt f\u00f6r varje \u00e5r som g\u00e5r och varje ny antifacklig lag som skickas i expressfart genom riksdagen. Redan nu \u00e4r vi m\u00e5nga som aldrig deltagit i en strids\u00e5tg\u00e4rd p\u00e5 jobbet. M\u00e5nga vet knappt ens vad det \u00e4r. Vi m\u00e5ste v\u00e5ga k\u00e4mpa nu. Om vi v\u00e4ntar kanske det \u00e4r f\u00f6r sent.<\/p>\n<p>V\u00e5r styrka \u2013 gemenskap och solidaritet<\/p>\n<p>Du st\u00e5r aldrig ensam n\u00e4r du k\u00e4mpar f\u00f6r alla arbetares r\u00e4ttigheter. Arbetet med att samla in pengar till dig om du skulle f\u00e5 skadest\u00e5nd f\u00f6r olovlig strejk \u00e4r redan p\u00e5b\u00f6rjat. Vi kommer ha ett team av juridiskt kunniga som kan hj\u00e4lpa till med fr\u00e5gor och funderingar. Vi kommer publicera handfasta tips p\u00e5 vad ni i just er situation skulle kunna g\u00f6ra.<br \/>\nDet ni beh\u00f6ver g\u00f6ra \u00e4r att v\u00e5ga st\u00e5 upp f\u00f6r vad ni vet \u00e4r r\u00e4tt, och \u00f6vertyga s\u00e5 m\u00e5nga kollegor och v\u00e4nner ni kan om att g\u00f6ra detsamma.<br \/>\nMed v\u00e5rt gemensamma mod och gemensamma resurser kan vi s\u00e4tta ner foten ordentligt och visa att vi inte kommer backa en milimeter n\u00e4r det kommer till att f\u00f6rsvara v\u00e5ra r\u00e4ttigheter.<\/p>\n<p>Strike Back! &#8211; P\u00e5 gatan 11\/05<\/p>\n<p>Den 11:e maj samlas vi \u00e5terigen i Stockholm f\u00f6r en massaktion. Vi g\u00f6r det f\u00f6r att vi tillsammans \u00e4r starka, f\u00f6r att manifestera v\u00e5r kollektiva styrka fr\u00e5n norr till s\u00f6der. Vi kommer samla fackaktiva, ungdomar, aktivister, pension\u00e4rer, helt enkelt alla vi som \u00e4r beroende av l\u00f6nearbetet f\u00f6r att kunna leva v\u00e5ra liv. Alla vi som f\u00f6rlorar v\u00e5ra r\u00e4ttigheter i och med detta lagf\u00f6rslag om inskr\u00e4nkt strejkr\u00e4tt. Vi bjuder in er alla till att agera solidariskt och tillsammans, vi uppmuntrar till planering och aktivitet underifr\u00e5n.<\/p>\n<p>R\u00d6R INTE STREJKR\u00c4TTEN<br \/>\nSTOCKHOLM 11\/5<br \/>\nTID&amp;PLATS KOMMER SNART<\/p>\n<p>Vi kommer att sl\u00e5 tillbaka! It\u2019s time to strike back! R\u00f6r inte strejkr\u00e4tten!&#8221;<\/p><\/blockquote>\n","protected":false},"excerpt":{"rendered":"<p>&nbsp; Vi deltar i Strike Back 3.0 10-11\/5: &#8220;Drygt 6 m\u00e5nader har g\u00e5tt sedan vi stod samlade i tusental p\u00e5 Norra Bantorget, Stockholm i den varma augustisolen. Kraftfulla tal avl\u00f6ste varandra, en k\u00e4nsla av stark beslutsamhet v\u00e4xte inom oss. Vi skulle inte l\u00e5ta oss kn\u00e4ckas! Vi skulle inte l\u00e5ta pampar, politiker eller n\u00e4ringlivstoppar driva igenom [&#8230;]<\/p>\n<p><a class=\"btn btn-secondary understrap-read-more-link\" href=\"https:\/\/xn--framtkamrater-sfb.se\/?p=283\">Read More&#8230;<span class=\"screen-reader-text\"> from Strike Back 3.0<\/span><\/a><\/p>\n","protected":false},"author":1,"featured_media":284,"comment_status":"closed","ping_status":"closed","sticky":false,"template":"","format":"standard","meta":{"footnotes":""},"categories":[1],"tags":[],"class_list":["post-283","post","type-post","status-publish","format-standard","has-post-thumbnail","hentry","category-uncategorized"],"_links":{"self":[{"href":"https:\/\/xn--framtkamrater-sfb.se\/index.php?rest_route=\/wp\/v2\/posts\/283","targetHints":{"allow":["GET"]}}],"collection":[{"href":"https:\/\/xn--framtkamrater-sfb.se\/index.php?rest_route=\/wp\/v2\/posts"}],"about":[{"href":"https:\/\/xn--framtkamrater-sfb.se\/index.php?rest_route=\/wp\/v2\/types\/post"}],"author":[{"embeddable":true,"href":"https:\/\/xn--framtkamrater-sfb.se\/index.php?rest_route=\/wp\/v2\/users\/1"}],"replies":[{"embeddable":true,"href":"https:\/\/xn--framtkamrater-sfb.se\/index.php?rest_route=%2Fwp%2Fv2%2Fcomments&post=283"}],"version-history":[{"count":4,"href":"https:\/\/xn--framtkamrater-sfb.se\/index.php?rest_route=\/wp\/v2\/posts\/283\/revisions"}],"predecessor-version":[{"id":288,"href":"https:\/\/xn--framtkamrater-sfb.se\/index.php?rest_route=\/wp\/v2\/posts\/283\/revisions\/288"}],"wp:featuredmedia":[{"embeddable":true,"href":"https:\/\/xn--framtkamrater-sfb.se\/index.php?rest_route=\/wp\/v2\/media\/284"}],"wp:attachment":[{"href":"https:\/\/xn--framtkamrater-sfb.se\/index.php?rest_route=%2Fwp%2Fv2%2Fmedia&parent=283"}],"wp:term":[{"taxonomy":"category","embeddable":true,"href":"https:\/\/xn--framtkamrater-sfb.se\/index.php?rest_route=%2Fwp%2Fv2%2Fcategories&post=283"},{"taxonomy":"post_tag","embeddable":true,"href":"https:\/\/xn--framtkamrater-sfb.se\/index.php?rest_route=%2Fwp%2Fv2%2Ftags&post=283"}],"curies":[{"name":"wp","href":"https:\/\/api.w.org\/{rel}","templated":true}]}}