{"id":305,"date":"2019-05-02T15:56:13","date_gmt":"2019-05-02T15:56:13","guid":{"rendered":"https:\/\/xn--framtkamrater-sfb.se\/?p=305"},"modified":"2019-05-02T16:05:11","modified_gmt":"2019-05-02T16:05:11","slug":"rapport-forsta-maj-2019","status":"publish","type":"post","link":"https:\/\/xn--framtkamrater-sfb.se\/?p=305","title":{"rendered":"Rapport: F\u00f6rsta maj 2019"},"content":{"rendered":"<p>Vi vill b\u00f6rja med att rikta ett stort tack till alla kamrater som genomf\u00f6rde en heldag med oss ig\u00e5r. N\u00e4r vi, alla hela och rena, gick till s\u00e4ngs ig\u00e5r kv\u00e4ll k\u00e4ndes det b\u00e5de i ben och huvud att dagen varit l\u00e5ng.<\/p>\n<p>Vi b\u00f6rjade dagen b\u00e5de i G\u00f6teborg och i Kung\u00e4lv. Vi hade ett visst ansvar f\u00f6r transporter, och s\u00e5g b\u00e5de till att v\u00e5ra kamrater kunde resa till Kung\u00e4lv och att det fanns n\u00e5gon som v\u00e4ntade p\u00e5 dem n\u00e4r de kom fram. GAF:s samling &#8220;Nazifritt Kung\u00e4lv&#8221; samlade ungef\u00e4r 600 personer och t\u00e5gade fr\u00e5n Resecentrum till Nytorget, var den uppl\u00f6stes.<\/p>\n<p>Vi erk\u00e4nner att vi inte fick fullt s\u00e5 stort handlingsutrymme som vi hade hoppats p\u00e5, men v\u00e4l p\u00e5 Nytorget fyllde ytterligare manifestationer och demonstrationer p\u00e5 tills den totala motdemonstrationen uppgick i tusental. Det var en sorglig skara nazister som dolda bakom flera rader polisi\u00e4rt beskydd och \u00f6ver\u00f6sta med frukt, f\u00f6rol\u00e4mpningar och fyrverkeripj\u00e4ser slussades in p\u00e5 ett torg och vars tal dr\u00e4nktes i protester fr\u00e5n start till slut. Visst tumult uppstod n\u00e4r nazisterna bokstavligen talat jagades ut ur Kung\u00e4lv efter sitt torgm\u00f6tes slut, men sammantaget var det en lugn dag i Kung\u00e4lv.<\/p>\n<p>Vi vill rikta s\u00e4rskilt tack till <a href=\"https:\/\/www.facebook.com\/AntifascismGbg\/\">G\u00f6teborgs Antifascistiska Front<\/a> och <a href=\"https:\/\/suf.cc\/author\/gbg\/\">Syndikalistiska Ungdomsf\u00f6rbundet<\/a> som inte bara arbetat h\u00e5rt med f\u00f6rberedelser utan som ocks\u00e5 visade v\u00e4gen exemplariskt ig\u00e5r. Nazister s\u00e5v\u00e4l som kung\u00e4lvsbor vet att vore det inte f\u00f6r polismaktens ivriga men klumpiga beskydd, hade NMR aldrig lyckats genomf\u00f6ra n\u00e5gon marsch genom staden.<\/p>\n<p><img loading=\"lazy\" decoding=\"async\" class=\"alignnone size-large wp-image-306\" src=\"https:\/\/xn--framtkamrater-sfb.se\/wp-content\/uploads\/2019\/05\/kung\u00e4lv-1024x576.jpg\" alt=\"\" width=\"640\" height=\"360\" srcset=\"https:\/\/fram\u00e5tkamrater.se\/wp-content\/uploads\/2019\/05\/kung\u00e4lv-1024x576.jpg 1024w, https:\/\/fram\u00e5tkamrater.se\/wp-content\/uploads\/2019\/05\/kung\u00e4lv-300x169.jpg 300w, https:\/\/fram\u00e5tkamrater.se\/wp-content\/uploads\/2019\/05\/kung\u00e4lv-768x432.jpg 768w, https:\/\/fram\u00e5tkamrater.se\/wp-content\/uploads\/2019\/05\/kung\u00e4lv.jpg 2048w\" sizes=\"auto, (max-width: 640px) 100vw, 640px\" \/><\/p>\n<p>Tillbaka i G\u00f6teborg samlades vi p\u00e5 Masthuggstorget f\u00f6r att delta i Syndikalistisk 1 Maj. Vi har varit delaktiga i den l\u00e5nga diskussion som resulterade i att LS traditionsenliga demonstration f\u00f6rflyttades till kv\u00e4llen, f\u00f6r att p\u00e5 s\u00e5 vis m\u00f6jligg\u00f6ra att alla som ville kunde \u00e5ka till Kung\u00e4lv men \u00e4nd\u00e5 fira f\u00f6rsta maj efter\u00e5t. Vi menar att uppoffringen betalade sig i och med segern i Kung\u00e4lv, men samlingen p\u00e5 Masthuggstorget lockade bara 700 personer, en knapp tredjedel av vad den brukar g\u00f6ra.<\/p>\n<p>Vi formerade f\u00f6r f\u00f6rsta g\u00e5ngen n\u00e5gonsin ett eget block i demonstrationst\u00e5get och \u00e4r v\u00e4ldigt glada att s\u00e5 m\u00e5nga ansl\u00f6t sig till det. Demonstrationen s\u00e5v\u00e4l som samlingen i B\u00e4ltessp\u00e4nnareparken gick str\u00e5lande, \u00e4ven om det var mycket tr\u00f6tta ansikten i leden.<\/p>\n<p><img loading=\"lazy\" decoding=\"async\" class=\"alignnone size-full wp-image-307\" src=\"https:\/\/xn--framtkamrater-sfb.se\/wp-content\/uploads\/2019\/05\/thumbnail_f\u00f6rstamaj_3.jpg\" alt=\"\" width=\"1280\" height=\"959\" srcset=\"https:\/\/fram\u00e5tkamrater.se\/wp-content\/uploads\/2019\/05\/thumbnail_f\u00f6rstamaj_3.jpg 1280w, https:\/\/fram\u00e5tkamrater.se\/wp-content\/uploads\/2019\/05\/thumbnail_f\u00f6rstamaj_3-300x225.jpg 300w, https:\/\/fram\u00e5tkamrater.se\/wp-content\/uploads\/2019\/05\/thumbnail_f\u00f6rstamaj_3-768x575.jpg 768w, https:\/\/fram\u00e5tkamrater.se\/wp-content\/uploads\/2019\/05\/thumbnail_f\u00f6rstamaj_3-1024x767.jpg 1024w\" sizes=\"auto, (max-width: 1280px) 100vw, 1280px\" \/><\/p>\n<p><img loading=\"lazy\" decoding=\"async\" class=\"alignnone size-full wp-image-308\" src=\"https:\/\/xn--framtkamrater-sfb.se\/wp-content\/uploads\/2019\/05\/thumbnail_f\u00f6rstamaj_4.jpg\" alt=\"\" width=\"1280\" height=\"940\" srcset=\"https:\/\/fram\u00e5tkamrater.se\/wp-content\/uploads\/2019\/05\/thumbnail_f\u00f6rstamaj_4.jpg 1280w, https:\/\/fram\u00e5tkamrater.se\/wp-content\/uploads\/2019\/05\/thumbnail_f\u00f6rstamaj_4-300x220.jpg 300w, https:\/\/fram\u00e5tkamrater.se\/wp-content\/uploads\/2019\/05\/thumbnail_f\u00f6rstamaj_4-768x564.jpg 768w, https:\/\/fram\u00e5tkamrater.se\/wp-content\/uploads\/2019\/05\/thumbnail_f\u00f6rstamaj_4-1024x752.jpg 1024w\" sizes=\"auto, (max-width: 1280px) 100vw, 1280px\" \/><\/p>\n<p><img loading=\"lazy\" decoding=\"async\" class=\"alignnone size-full wp-image-309\" src=\"https:\/\/xn--framtkamrater-sfb.se\/wp-content\/uploads\/2019\/05\/thumbnail_f\u00f6rstamaj_2.jpg\" alt=\"\" width=\"1280\" height=\"960\" srcset=\"https:\/\/fram\u00e5tkamrater.se\/wp-content\/uploads\/2019\/05\/thumbnail_f\u00f6rstamaj_2.jpg 1280w, https:\/\/fram\u00e5tkamrater.se\/wp-content\/uploads\/2019\/05\/thumbnail_f\u00f6rstamaj_2-300x225.jpg 300w, https:\/\/fram\u00e5tkamrater.se\/wp-content\/uploads\/2019\/05\/thumbnail_f\u00f6rstamaj_2-768x576.jpg 768w, https:\/\/fram\u00e5tkamrater.se\/wp-content\/uploads\/2019\/05\/thumbnail_f\u00f6rstamaj_2-1024x768.jpg 1024w\" sizes=\"auto, (max-width: 1280px) 100vw, 1280px\" \/><\/p>\n<p>V\u00e5rt tal i B\u00e4ltessp\u00e4nnareparken:<\/p>\n<blockquote><p><em>Kamrater,<\/em><\/p>\n<p><em>F\u00f6r ett \u00e5r sedan stod vi i Fram\u00e5t kamrater h\u00e4r, som nybildad socialistisk och feministisk organisation, och talade om strejkr\u00e4tten. Vi vill nu tala om k\u00e4nslan av hoppl\u00f6shet. Kampen f\u00f6r strejkr\u00e4tten har l\u00e4rt oss en del om att k\u00e4mpa trots att det k\u00e4nns hoppl\u00f6st. Vi hade ett hopp: Att strejkr\u00e4ttsfr\u00e5gan skulle lyfta. Men trots att vi \u00e4r m\u00e5nga som l\u00e4rt oss om facklig kamp, trots att lokala fackklubbar har organiserat motst\u00e5nd och debatten vaknat till liv p\u00e5 golven s\u00e5 ser det ut som att lagf\u00f6rslaget kommer klubbas igenom. Som att n\u00e4ringsliv, socialdemokrater och fackklubbar kommer lyckas inskr\u00e4nka v\u00e5r frihet att k\u00e4mpa p\u00e5 jobbet.<\/em><\/p>\n<p><em>Att f\u00f6rsvara strejkr\u00e4tten \u00e4r att f\u00f6rsvara morgondagens r\u00e4tt att k\u00e4mpa &#8211; vad betyder det f\u00f6r oss, om vi misslyckas med det?<\/em><\/p>\n<p><em>Kanske \u00e4r hoppl\u00f6shet en k\u00e4nsla som utm\u00e4rker den h\u00e4r tiden. H\u00e4r st\u00e5r vi igen samlade p\u00e5 1 maj, m\u00e5nga av oss med en l\u00e5ng dag i Kung\u00e4lv bakom oss. H\u00e4r st\u00e5r vi, h\u00e4rjade av nyliberalism och kapitalism, i ett tilltagande fascistiskt Europa som st\u00e4ngt sina gr\u00e4nser. Vi blickar fram emot klimatkatastrofer.<\/em><\/p>\n<p><em>1 maj 1963. 1 maj 1933, eller 1913. Vilka k\u00e4nslor fyllde kropparna p\u00e5 de kamrater som bar fanorna d\u00e5? F\u00f6rlamande skr\u00e4ck inf\u00f6r vapenskrammel, och nationalstaternas fascism? Inf\u00f6r k\u00e4rnvapenhot? Den bittra f\u00f6rlusten efter storstrejken 1909. Kalla kriget. K\u00e4nde dem en tr\u00f6tthet, och en vrede utan utlopp?<\/em><\/p>\n<p><em>Kanske \u00e4r hoppl\u00f6shet en k\u00e4nsla som utm\u00e4rker den h\u00e4r tiden. <\/em><br \/>\n<em>Eller kanske, s\u00e5 \u00e4r vi inte s\u00e5 j\u00e4vla speciella.<\/em><\/p>\n<p><em>Kanske har kamperna under nittonhundratalet, ja genom hela historien, kantats av hoppl\u00f6shetsk\u00e4nslor. Tillf\u00e4llen d\u00e5 man inte f\u00f6rstod sin egen potential och styrka. Vi kan se p\u00e5 historien idag och f\u00f6rst\u00e5 hur kamperna har format v\u00e5r tid, och d\u00e5 kan vi ocks\u00e5 f\u00e5 en f\u00f6rsmak av hur starka vi \u00e4r tillsammans, starka nog att forma framtiden. Att segra.<\/em><\/p>\n<p><em>Kanske \u00e4r det som Angela Davis sagt, att det kr\u00e4vs hundra\u00e5riga perspektiv f\u00f6r att k\u00e4nna hopp. I s\u00e5 fall vet vi &#8211; kapitalismen kommer forts\u00e4tta visa sina svagheter, och arbetarklassen kommer hitta redskapen och vapnen f\u00f6r att f\u00f6rpassa den till historien, och skapa r\u00e4ttvisa utan stat och utan klasser. Det vi i Fram\u00e5t kamrater kallar kommunism.<\/em><br \/>\n<em>Kanske lever vi till och med f\u00f6r att f\u00e5 uppleva det &#8211; men det \u00e4r mindre viktigt. Vi har f\u00e5tt en kamp av historien. Vi kommer g\u00f6ra allt f\u00f6r att f\u00e5 uppleva segrar \u00e5t framtiden. Men \u00e4ven v\u00e5ra f\u00f6rluster \u00e4r betydelsefulla. De \u00e4r ocks\u00e5 kunskap. Vi vet inte hur framtiden ser ut, men vi vet att vi \u00e4r en kraft som formar den.<\/em><\/p>\n<p><em>Till alla som \u00e4r h\u00e4r f\u00f6r f\u00f6rsta g\u00e5ngen &#8211; ni \u00e4r s\u00e5 v\u00e4lkomna hit. Vi ser fram emot att k\u00e4mpa bredvid er f\u00f6r strejkr\u00e4tten, p\u00e5 Strike back 10 och 11 maj. Vi ser fram emot att se er tv\u00e4rs \u00f6ver m\u00f6tesborden, med sleven i folkk\u00f6kets gryta, p\u00e5 dansgolv, p\u00e5 gatan, i aktioner. V\u00e4lkommen med all sin kamplust och dina f\u00f6rm\u00e5gor. V\u00e4lkommen med dina behov. N\u00e4r vi organiserar oss och st\u00e5r till varandras tj\u00e4nst, d\u00e5 kan vi g\u00f6ra vad som helst.<\/em><\/p>\n<p><em>Fram\u00e5t!<\/em><\/p><\/blockquote>\n<p>Under dagen fick vi l\u00f6pande rapporter fr\u00e5n kamraters firanden runt om i Norden. Vi gl\u00e4ds \u00e5t den kampvilja som genomsyrar v\u00e5r r\u00f6relse, och h\u00e4lsar v\u00e5r solidaritet till de kamrater som f\u00e5tt uppleva repression och v\u00e5ld. S\u00e4rskilt vill vi n\u00e4mna att Strike Back:s tv\u00e4rfackliga samling i Stockholm samlade fler deltagare \u00e4n Socialdemokraternas traditionsenliga firande. En uppv\u00e4rmning inf\u00f6r <a href=\"https:\/\/www.facebook.com\/events\/2629135033781657\/\">Strike Back 3.0 n\u00e4sta vecka<\/a>, vi ses d\u00e4r!<\/p>\n<p>Vill du organisera dig med oss? Klicka p\u00e5 fliken uppe till h\u00f6ger, och h\u00f6r av dig!<\/p>\n","protected":false},"excerpt":{"rendered":"<p>Vi vill b\u00f6rja med att rikta ett stort tack till alla kamrater som genomf\u00f6rde en heldag med oss ig\u00e5r. N\u00e4r vi, alla hela och rena, gick till s\u00e4ngs ig\u00e5r kv\u00e4ll k\u00e4ndes det b\u00e5de i ben och huvud att dagen varit l\u00e5ng. Vi b\u00f6rjade dagen b\u00e5de i G\u00f6teborg och i Kung\u00e4lv. Vi hade ett visst ansvar [&#8230;]<\/p>\n<p><a class=\"btn btn-secondary understrap-read-more-link\" href=\"https:\/\/xn--framtkamrater-sfb.se\/?p=305\">Read More&#8230;<span class=\"screen-reader-text\"> from Rapport: F\u00f6rsta maj 2019<\/span><\/a><\/p>\n","protected":false},"author":1,"featured_media":311,"comment_status":"closed","ping_status":"closed","sticky":false,"template":"","format":"standard","meta":{"footnotes":""},"categories":[1],"tags":[],"class_list":["post-305","post","type-post","status-publish","format-standard","has-post-thumbnail","hentry","category-uncategorized"],"_links":{"self":[{"href":"https:\/\/xn--framtkamrater-sfb.se\/index.php?rest_route=\/wp\/v2\/posts\/305","targetHints":{"allow":["GET"]}}],"collection":[{"href":"https:\/\/xn--framtkamrater-sfb.se\/index.php?rest_route=\/wp\/v2\/posts"}],"about":[{"href":"https:\/\/xn--framtkamrater-sfb.se\/index.php?rest_route=\/wp\/v2\/types\/post"}],"author":[{"embeddable":true,"href":"https:\/\/xn--framtkamrater-sfb.se\/index.php?rest_route=\/wp\/v2\/users\/1"}],"replies":[{"embeddable":true,"href":"https:\/\/xn--framtkamrater-sfb.se\/index.php?rest_route=%2Fwp%2Fv2%2Fcomments&post=305"}],"version-history":[{"count":7,"href":"https:\/\/xn--framtkamrater-sfb.se\/index.php?rest_route=\/wp\/v2\/posts\/305\/revisions"}],"predecessor-version":[{"id":317,"href":"https:\/\/xn--framtkamrater-sfb.se\/index.php?rest_route=\/wp\/v2\/posts\/305\/revisions\/317"}],"wp:featuredmedia":[{"embeddable":true,"href":"https:\/\/xn--framtkamrater-sfb.se\/index.php?rest_route=\/wp\/v2\/media\/311"}],"wp:attachment":[{"href":"https:\/\/xn--framtkamrater-sfb.se\/index.php?rest_route=%2Fwp%2Fv2%2Fmedia&parent=305"}],"wp:term":[{"taxonomy":"category","embeddable":true,"href":"https:\/\/xn--framtkamrater-sfb.se\/index.php?rest_route=%2Fwp%2Fv2%2Fcategories&post=305"},{"taxonomy":"post_tag","embeddable":true,"href":"https:\/\/xn--framtkamrater-sfb.se\/index.php?rest_route=%2Fwp%2Fv2%2Ftags&post=305"}],"curies":[{"name":"wp","href":"https:\/\/api.w.org\/{rel}","templated":true}]}}