{"id":319,"date":"2019-05-12T21:35:13","date_gmt":"2019-05-12T21:35:13","guid":{"rendered":"https:\/\/xn--framtkamrater-sfb.se\/?p=319"},"modified":"2019-05-13T17:19:27","modified_gmt":"2019-05-13T17:19:27","slug":"rapport-strike-back-3-0","status":"publish","type":"post","link":"https:\/\/xn--framtkamrater-sfb.se\/?p=319","title":{"rendered":"Rapport: Strike Back 3.0"},"content":{"rendered":"<p>&nbsp;<\/p>\n<p><strong>10\/5:<\/strong> Skolstrejken \u201cStudents strike back\u201d samlade sextio strejkande ungdomar, fr\u00e5n h\u00f6gstadium till gymnasium och universitet, och gick till torgm\u00f6tet f\u00f6r strejkr\u00e4tten p\u00e5 J\u00e4rntorget, d\u00e4r ungef\u00e4r hundra kamrater lyssnade p\u00e5 tal och musik <span lang=\"sv-SE\">i dryga timmen.<br \/>\n<\/span>\u00a0<img loading=\"lazy\" decoding=\"async\" class=\"alignnone size-full wp-image-333\" src=\"https:\/\/xn--framtkamrater-sfb.se\/wp-content\/uploads\/2019\/05\/strikepride3.jpg\" alt=\"\" width=\"2200\" height=\"1467\" srcset=\"https:\/\/fram\u00e5tkamrater.se\/wp-content\/uploads\/2019\/05\/strikepride3.jpg 2200w, https:\/\/fram\u00e5tkamrater.se\/wp-content\/uploads\/2019\/05\/strikepride3-300x200.jpg 300w, https:\/\/fram\u00e5tkamrater.se\/wp-content\/uploads\/2019\/05\/strikepride3-768x512.jpg 768w, https:\/\/fram\u00e5tkamrater.se\/wp-content\/uploads\/2019\/05\/strikepride3-1024x683.jpg 1024w\" sizes=\"auto, (max-width: 2200px) 100vw, 2200px\" \/><\/p>\n<p><span lang=\"sv-SE\">Bland m\u00f6tesdeltagarna fanns ett tiotal som vidtagit olika strids\u00e5tg\u00e4rder p\u00e5 sina arbetsplatser, och \u00e4nnu fler som helt fr\u00e5nvarade fr\u00e5n arbetet i varslad eller ovarslad strejk. Efter torgm\u00f6tet \u00f6ppnade vi Viktoriahuset och <a href=\"http:\/\/syndikalistisktforum.se\/\">Syndikalistiskt Forum<\/a> serverade mat och visade <em>Sorry to bother you<\/em>, en film om en strejk p\u00e5 ett callcenter, innan vi reste gemensamt till Stockholm. <\/span><\/p>\n<p>&nbsp;<\/p>\n<p><img loading=\"lazy\" decoding=\"async\" class=\"alignnone size-full wp-image-321\" src=\"https:\/\/xn--framtkamrater-sfb.se\/wp-content\/uploads\/2019\/05\/strikeback2.jpg\" alt=\"\" width=\"1280\" height=\"827\" srcset=\"https:\/\/fram\u00e5tkamrater.se\/wp-content\/uploads\/2019\/05\/strikeback2.jpg 1280w, https:\/\/fram\u00e5tkamrater.se\/wp-content\/uploads\/2019\/05\/strikeback2-300x194.jpg 300w, https:\/\/fram\u00e5tkamrater.se\/wp-content\/uploads\/2019\/05\/strikeback2-768x496.jpg 768w, https:\/\/fram\u00e5tkamrater.se\/wp-content\/uploads\/2019\/05\/strikeback2-1024x662.jpg 1024w\" sizes=\"auto, (max-width: 1280px) 100vw, 1280px\" \/><\/p>\n<p>&nbsp;<\/p>\n<p><span lang=\"sv-SE\"><strong>11\/5: <\/strong>Samlingen<a href=\"https:\/\/www.facebook.com\/events\/2629135033781657\/\"> Strike Back 3.0<\/a> p\u00e5 Norra Bantorget i Stockholm hade en avsev\u00e4rt l\u00e4gre uppslutning \u00e4n Strike Back i augusti, men med talare fr\u00e5n en imponerande bredd av fackf\u00f6rbund. <\/span><span lang=\"sv-SE\">Den delade sig sedan i ett antal fingrar, av vilka vi arbetat med <a href=\"https:\/\/www.facebook.com\/events\/611291432716100\/\">regnb\u00e5gsfingret Strike Pride<\/a> &#8211; det p\u00e5 dagen \u00f6verl\u00e4gset st\u00f6rsta fingret som hade som m\u00e5l att belysa hur inskr\u00e4nkt strejkr\u00e4tt sl\u00e5r mot p\u00e5 arbetsmarknaden redan utsatta grupper.\u00a0 <\/span><\/p>\n<p>&nbsp;<\/p>\n<p><img loading=\"lazy\" decoding=\"async\" class=\"alignnone size-full wp-image-322\" src=\"https:\/\/xn--framtkamrater-sfb.se\/wp-content\/uploads\/2019\/05\/strikeback4.jpg\" alt=\"\" width=\"1280\" height=\"853\" srcset=\"https:\/\/fram\u00e5tkamrater.se\/wp-content\/uploads\/2019\/05\/strikeback4.jpg 1280w, https:\/\/fram\u00e5tkamrater.se\/wp-content\/uploads\/2019\/05\/strikeback4-300x200.jpg 300w, https:\/\/fram\u00e5tkamrater.se\/wp-content\/uploads\/2019\/05\/strikeback4-768x512.jpg 768w, https:\/\/fram\u00e5tkamrater.se\/wp-content\/uploads\/2019\/05\/strikeback4-1024x682.jpg 1024w\" sizes=\"auto, (max-width: 1280px) 100vw, 1280px\" \/><\/p>\n<p><span lang=\"sv-SE\">Med regnb\u00e5gsflaggor, pyroteknik och sambaorkester gick <\/span><span lang=\"sv-SE\">400 strejkr\u00e4ttsk\u00e4mpar<\/span><span lang=\"sv-SE\"> en timsl\u00e5ng demonstrationsrutt i centrala Stockholm. Vid tre tillf\u00e4llen gjorde polisen oprovocerade och \u00f6verdrivet v\u00e5ldsamma ingripanden mot fingret, vilka hanterades och parerades gemensamt. Vi vill s\u00e4rskilt <\/span><span lang=\"sv-SE\">tacka v\u00e5ra g\u00f6teborgskamrater och favoritungdomar i SUF, Ung V\u00e4nster G\u00f6teborg och R\u00f6d Makt som hanterade polisens inkompetens p\u00e5 b\u00e4sta m\u00f6jliga s\u00e4tt. Tillsammans st\u00e5r vi stadigt.<\/p>\n<p><img loading=\"lazy\" decoding=\"async\" class=\"alignnone size-full wp-image-332\" src=\"https:\/\/xn--framtkamrater-sfb.se\/wp-content\/uploads\/2019\/05\/strikepride1.jpg\" alt=\"\" width=\"2000\" height=\"1723\" srcset=\"https:\/\/fram\u00e5tkamrater.se\/wp-content\/uploads\/2019\/05\/strikepride1.jpg 2000w, https:\/\/fram\u00e5tkamrater.se\/wp-content\/uploads\/2019\/05\/strikepride1-300x258.jpg 300w, https:\/\/fram\u00e5tkamrater.se\/wp-content\/uploads\/2019\/05\/strikepride1-768x662.jpg 768w, https:\/\/fram\u00e5tkamrater.se\/wp-content\/uploads\/2019\/05\/strikepride1-1024x882.jpg 1024w\" sizes=\"auto, (max-width: 2000px) 100vw, 2000px\" \/> <\/span><\/p>\n<p><span lang=\"sv-SE\">I skrivande stund sitter hela g\u00f6teborgsdelegationen p\u00e5 sin kollektiva resa hem. <\/span><span lang=\"sv-SE\">F\u00f6r oss<\/span><span lang=\"sv-SE\"> f\u00f6ljer <\/span><span lang=\"sv-SE\">nu <\/span><span lang=\"sv-SE\">ett grundligt utv\u00e4rderingsarbete <\/span><span lang=\"sv-SE\">av v\u00e5rt arbete med strejkr\u00e4ttsfr\u00e5gan och planering av framtiden. Vill du vara med i den framtiden? Organisera dig med oss! <\/span><\/p>\n","protected":false},"excerpt":{"rendered":"<p>&nbsp; 10\/5: Skolstrejken \u201cStudents strike back\u201d samlade sextio strejkande ungdomar, fr\u00e5n h\u00f6gstadium till gymnasium och universitet, och gick till torgm\u00f6tet f\u00f6r strejkr\u00e4tten p\u00e5 J\u00e4rntorget, d\u00e4r ungef\u00e4r hundra kamrater lyssnade p\u00e5 tal och musik i dryga timmen. \u00a0 Bland m\u00f6tesdeltagarna fanns ett tiotal som vidtagit olika strids\u00e5tg\u00e4rder p\u00e5 sina arbetsplatser, och \u00e4nnu fler som helt fr\u00e5nvarade [&#8230;]<\/p>\n<p><a class=\"btn btn-secondary understrap-read-more-link\" href=\"https:\/\/xn--framtkamrater-sfb.se\/?p=319\">Read More&#8230;<span class=\"screen-reader-text\"> from Rapport: Strike Back 3.0<\/span><\/a><\/p>\n","protected":false},"author":1,"featured_media":324,"comment_status":"closed","ping_status":"closed","sticky":false,"template":"","format":"standard","meta":{"footnotes":""},"categories":[1],"tags":[],"class_list":["post-319","post","type-post","status-publish","format-standard","has-post-thumbnail","hentry","category-uncategorized"],"_links":{"self":[{"href":"https:\/\/xn--framtkamrater-sfb.se\/index.php?rest_route=\/wp\/v2\/posts\/319","targetHints":{"allow":["GET"]}}],"collection":[{"href":"https:\/\/xn--framtkamrater-sfb.se\/index.php?rest_route=\/wp\/v2\/posts"}],"about":[{"href":"https:\/\/xn--framtkamrater-sfb.se\/index.php?rest_route=\/wp\/v2\/types\/post"}],"author":[{"embeddable":true,"href":"https:\/\/xn--framtkamrater-sfb.se\/index.php?rest_route=\/wp\/v2\/users\/1"}],"replies":[{"embeddable":true,"href":"https:\/\/xn--framtkamrater-sfb.se\/index.php?rest_route=%2Fwp%2Fv2%2Fcomments&post=319"}],"version-history":[{"count":8,"href":"https:\/\/xn--framtkamrater-sfb.se\/index.php?rest_route=\/wp\/v2\/posts\/319\/revisions"}],"predecessor-version":[{"id":334,"href":"https:\/\/xn--framtkamrater-sfb.se\/index.php?rest_route=\/wp\/v2\/posts\/319\/revisions\/334"}],"wp:featuredmedia":[{"embeddable":true,"href":"https:\/\/xn--framtkamrater-sfb.se\/index.php?rest_route=\/wp\/v2\/media\/324"}],"wp:attachment":[{"href":"https:\/\/xn--framtkamrater-sfb.se\/index.php?rest_route=%2Fwp%2Fv2%2Fmedia&parent=319"}],"wp:term":[{"taxonomy":"category","embeddable":true,"href":"https:\/\/xn--framtkamrater-sfb.se\/index.php?rest_route=%2Fwp%2Fv2%2Fcategories&post=319"},{"taxonomy":"post_tag","embeddable":true,"href":"https:\/\/xn--framtkamrater-sfb.se\/index.php?rest_route=%2Fwp%2Fv2%2Ftags&post=319"}],"curies":[{"name":"wp","href":"https:\/\/api.w.org\/{rel}","templated":true}]}}