{"id":335,"date":"2019-05-16T17:54:23","date_gmt":"2019-05-16T17:54:23","guid":{"rendered":"https:\/\/xn--framtkamrater-sfb.se\/?p=335"},"modified":"2019-05-16T17:58:08","modified_gmt":"2019-05-16T17:58:08","slug":"svar-till-aktuelltfokus-till-antifascismens-forsvar","status":"publish","type":"post","link":"https:\/\/xn--framtkamrater-sfb.se\/?p=335","title":{"rendered":"Svar till AktuelltFokus: Till antifascismens f\u00f6rsvar"},"content":{"rendered":"<p align=\"left\">F\u00f6ljande text \u00e4r ett svar p\u00e5 en ledartext i AktuelltFokus. Vi har f\u00f6rg\u00e4ves f\u00f6rs\u00f6kt f\u00e5 svaret publicerat d\u00e4r.<\/p>\n<p align=\"left\"><span style=\"font-size: small;\">I en <a href=\"https:\/\/aktuelltfokus.se\/gor-om-och-gor-ratt-syndikalisterna\/\">kr\u00f6nika publicerad 8\/5<\/a> kritiserar Kim Fredriksson G\u00f6teborgs LS av SACs beslut att senarel\u00e4gga sin demonstration p\u00e5 f\u00f6rsta maj f\u00f6r att deras medlemmar och sympatis\u00f6rer b\u00e5de skulle kunna delta i motdemonstrationen mot NMR i Kung\u00e4lv och g\u00e5 i deras demonstration. Fredriksson menar dels att detta f\u00f6rsvagade LS demo i G\u00f6teborg och att detta \u00e4r ett misstag i tider av h\u00e5rdnad klasskamp, men h\u00e4vdar \u00e4ven att det skulle vara en b\u00e4ttre strategi att ignorera NMR och att detta skulle vara ett effektivt s\u00e4tt att bek\u00e4mpa dem. <\/span><\/p>\n<p align=\"left\"><span style=\"font-size: small;\">Denna \u201cskygglappsstrategi\u201d f\u00f6r att bek\u00e4mpa fascismen \u00e4r b\u00e5de farlig och ineffektiv. <\/span><span style=\"font-size: small;\">Den bygger p\u00e5 en felaktig analys av NMR som organisation och av fascismen som politisk r\u00f6relse. <\/span><span style=\"font-size: small;\">Den tar inte i beaktande oss som rasifieras, vi som \u00e4r queera, v\u00e4nsterpolitiskt aktiva eller funktionshindrade, vi som uts\u00e4tts f\u00f6r deras v\u00e5ld och hat. Det \u00e4r v\u00e5r plikt som organiserad v\u00e4nster att st\u00e5 enade i solidaritet med varandra n\u00e4r vi uts\u00e4tts f\u00f6r nazisternas angrepp. Angrepp som vi vet kommer att ske om vi inte finns p\u00e5 plats f\u00f6r att konfrontera dem n\u00e4r de visar sig. Den ignorerar dessutom det faktum att det f\u00f6r m\u00e5nga av oss framst\u00e5r som f\u00f6rljuget att st\u00e5 och hedra de historiska antifascister som deltog i spanska inb\u00f6rdeskriget p\u00e5 Masthuggstorget samtidigt som precis de krafter som dessa frivilliga riskerade eller offrade sina liv f\u00f6r att sl\u00e5 tillbaka, formerar sig bara ett f\u00e5tal kilometer bort.<\/span><\/p>\n<p align=\"left\"><span style=\"font-size: small;\">Vi anser \u00e4ven att sj\u00e4lva premissen, att vi g\u00f6r avkall p\u00e5 att propagera f\u00f6r och sprida v\u00e4nsterpolitik genom att h\u00e5lla en konfrontativ antifascistisk demo, \u00e4r falsk. Det finns ingen inneboende mots\u00e4ttning mellan klasskamp och antifascism. Klasskamp utan antifascism \u00e4r s\u00e5rbar och exkluderar stora delar av arbetarklassen i allm\u00e4nhet och den organiserade arbetarr\u00f6relsen i synnerhet. Detsamma g\u00e4ller omv\u00e4nt, antifascism utan klasskamp kan aldrig helt utrota fascismen eftersom den inte angriper r\u00f6tterna som fascimen v\u00e4xer ur.<\/span><\/p>\n<p align=\"left\"><span style=\"font-size: small;\">Det \u00e4r ingen hemlighet, varken i borgarmedia eller i arbetarklassen, att det \u00e4r den revolution\u00e4ra v\u00e4nstern som st\u00e5r i fr\u00e4msta ledet i kampen mot fascismen. Varje tillf\u00e4lle vi f\u00e5r att bef\u00e4sta detta faktum blir indirekt ett tillf\u00e4lle att n\u00e5 ut till klassen och i handling visa vad vi kan \u00e5stadkomma. En lyckad antifademo \u00e4r i sig bra propaganda f\u00f6r oss, propaganda som n\u00e5r ut till l\u00e5ngt fler m\u00e4nniskor \u00e4n vad en vanlig, traditionsenlig 1 maj demonstration skulle g\u00f6ra. Sj\u00e4lvklart finns det tillf\u00e4llen d\u00e5 vi inte kan l\u00e4gga v\u00e5ra resurser p\u00e5 att bem\u00f6ta olika former av fascistisk organisering. Det finns reaktion\u00e4ra grupperingar som kan tigas ihj\u00e4l och som sj\u00e4lvd\u00f6r p\u00e5 grund av brist p\u00e5 social bas och dess anh\u00e4ngares inkompetens. Men s\u00e5 var inte fallet p\u00e5 f\u00f6rsta maj och NMR \u00e4r inte en s\u00e5dan gruppering.<\/span><\/p>\n<p align=\"left\"><span style=\"font-size: small;\">Vi delar inte skribentens bild av NMR som en organisation som n\u00f6jer sig med att vara en v\u00e5lds\u00e4lskande microsekt. De vill skapa och normalisera en bild av sig sj\u00e4lva som en politisk grupp bland andra. Deras demonstrationer ska vara uppvisningar av organisationens styrka och disciplin, ett s\u00e4tt att skapa en yta f\u00f6r att rekrytera nya medlemmar och tr\u00e4ffa sympatis\u00f6rer. Detta f\u00f6rnekar vi dem genom att motdemonstrera och fysiskt st\u00f6ra dem, och detta m\u00e5ste vi g\u00f6ra \u00e4ven p\u00e5 f\u00f6rsta maj. <\/span><\/p>\n<p align=\"left\"><span style=\"font-size: small;\">Vi menar att en traditionsenlig f\u00f6rsta maj-demonstration inte \u00e4r en politisk handling som i sig f\u00f6r\u00e4ndrar samh\u00e4llet utan ist\u00e4llet fr\u00e4mst ska ses som ett kvitto p\u00e5 hur effektivt v\u00e5rt arbete varit under \u00e5ret. F\u00f6r SAC \u00e4r den ett kvitto p\u00e5 hur synligt och stridbart f\u00f6rbundet varit p\u00e5 arbetsplatserna. En demonstration med ungef\u00e4r en tredjedel s\u00e5 m\u00e5nga deltagare som f\u00f6rra \u00e5ret skulle vara demoraliserande och mana till eftertanke, om den skedde i ett vakuum. Men sett till den specifika situationen i \u00e5r , d\u00e5 vi vet att m\u00e5nga kamrater \u00e4gnade kv\u00e4llen \u00e5t vila eftersom de var tr\u00f6tta efter en l\u00e5ng dags kamp p\u00e5 gatorna, kan vi knappast vara \u00f6verdrivet missn\u00f6jda. <\/span><\/p>\n<p align=\"left\"><span style=\"font-size: small;\">Politik \u00e4r n\u00e5got vi g\u00f6r alla dagar p\u00e5 \u00e5ret och n\u00e5gra hundra deltagare f\u00e4rre p\u00e5 en f\u00f6rsta maj demonstration ett \u00e5r g\u00f6r ingen st\u00f6rre skillnad, varken i fr\u00e5gan om strejkr\u00e4tten eller p\u00e5 samh\u00e4llet i \u00f6vrigt.<\/span><\/p>\n<p align=\"left\"><span style=\"font-size: small;\">Det \u00e4r kontinuerligt och h\u00e5rt politiskt arbete \u00f6ver tid som f\u00f6r\u00e4ndrar samh\u00e4llet. Ibland inneb\u00e4r det arbetet att g\u00f6ra avkall p\u00e5 traditioner f\u00f6r att effektivt kunna bem\u00f6ta en specifik situation. Det \u00e4r en f\u00f6rst\u00e5else vi \u00e4r glada \u00f6ver att G\u00f6teborgs LS delar med oss, och hoppas att de kommer forts\u00e4tta g\u00f6ra \u00e4ven fram\u00f6ver.<\/span><\/p>\n<p align=\"left\"><span style=\"font-size: small;\">Fram\u00e5t kamrater<\/span><\/p>\n<p align=\"left\"><span style=\"font-size: small;\">2019-05-12<\/span><\/p>\n","protected":false},"excerpt":{"rendered":"<p>F\u00f6ljande text \u00e4r ett svar p\u00e5 en ledartext i AktuelltFokus. Vi har f\u00f6rg\u00e4ves f\u00f6rs\u00f6kt f\u00e5 svaret publicerat d\u00e4r. I en kr\u00f6nika publicerad 8\/5 kritiserar Kim Fredriksson G\u00f6teborgs LS av SACs beslut att senarel\u00e4gga sin demonstration p\u00e5 f\u00f6rsta maj f\u00f6r att deras medlemmar och sympatis\u00f6rer b\u00e5de skulle kunna delta i motdemonstrationen mot NMR i Kung\u00e4lv och [&#8230;]<\/p>\n<p><a class=\"btn btn-secondary understrap-read-more-link\" href=\"https:\/\/xn--framtkamrater-sfb.se\/?p=335\">Read More&#8230;<span class=\"screen-reader-text\"> from Svar till AktuelltFokus: Till antifascismens f\u00f6rsvar<\/span><\/a><\/p>\n","protected":false},"author":1,"featured_media":336,"comment_status":"closed","ping_status":"closed","sticky":false,"template":"","format":"standard","meta":{"footnotes":""},"categories":[1],"tags":[],"class_list":["post-335","post","type-post","status-publish","format-standard","has-post-thumbnail","hentry","category-uncategorized"],"_links":{"self":[{"href":"https:\/\/xn--framtkamrater-sfb.se\/index.php?rest_route=\/wp\/v2\/posts\/335","targetHints":{"allow":["GET"]}}],"collection":[{"href":"https:\/\/xn--framtkamrater-sfb.se\/index.php?rest_route=\/wp\/v2\/posts"}],"about":[{"href":"https:\/\/xn--framtkamrater-sfb.se\/index.php?rest_route=\/wp\/v2\/types\/post"}],"author":[{"embeddable":true,"href":"https:\/\/xn--framtkamrater-sfb.se\/index.php?rest_route=\/wp\/v2\/users\/1"}],"replies":[{"embeddable":true,"href":"https:\/\/xn--framtkamrater-sfb.se\/index.php?rest_route=%2Fwp%2Fv2%2Fcomments&post=335"}],"version-history":[{"count":6,"href":"https:\/\/xn--framtkamrater-sfb.se\/index.php?rest_route=\/wp\/v2\/posts\/335\/revisions"}],"predecessor-version":[{"id":342,"href":"https:\/\/xn--framtkamrater-sfb.se\/index.php?rest_route=\/wp\/v2\/posts\/335\/revisions\/342"}],"wp:featuredmedia":[{"embeddable":true,"href":"https:\/\/xn--framtkamrater-sfb.se\/index.php?rest_route=\/wp\/v2\/media\/336"}],"wp:attachment":[{"href":"https:\/\/xn--framtkamrater-sfb.se\/index.php?rest_route=%2Fwp%2Fv2%2Fmedia&parent=335"}],"wp:term":[{"taxonomy":"category","embeddable":true,"href":"https:\/\/xn--framtkamrater-sfb.se\/index.php?rest_route=%2Fwp%2Fv2%2Fcategories&post=335"},{"taxonomy":"post_tag","embeddable":true,"href":"https:\/\/xn--framtkamrater-sfb.se\/index.php?rest_route=%2Fwp%2Fv2%2Ftags&post=335"}],"curies":[{"name":"wp","href":"https:\/\/api.w.org\/{rel}","templated":true}]}}