{"id":353,"date":"2019-06-24T14:53:52","date_gmt":"2019-06-24T14:53:52","guid":{"rendered":"https:\/\/xn--framtkamrater-sfb.se\/?p=353"},"modified":"2019-06-24T14:53:52","modified_gmt":"2019-06-24T14:53:52","slug":"utvardering-kampen-for-strejkratten-del-2","status":"publish","type":"post","link":"https:\/\/xn--framtkamrater-sfb.se\/?p=353","title":{"rendered":"Utv\u00e4rdering: Kampen f\u00f6r strejkr\u00e4tten (del 2)"},"content":{"rendered":"<p align=\"left\">\n<p align=\"left\">\n<p align=\"left\"><span style=\"font-size: large;\"><b>Kampen f\u00f6r strejkr\u00e4tten (del 2) <\/b><\/span><\/p>\n<p align=\"left\"><b>\u00d6versikt<\/b><\/p>\n<p align=\"left\">Vi har under det g\u00e5nga \u00e5ret lagt mycket energi och tid i arbetet kring att f\u00f6rsvara strejkr\u00e4ttslagstiftningen s\u00e5 som den s\u00e5g ut innan den 18\/ 6 d\u00e5 riksdagen r\u00f6stade igenom en inskr\u00e4kning av densamma. Vi kan allts\u00e5 konstatera att vi i en mycket viktig bem\u00e4rkelse har misslyckats. Inskr\u00e4nkningen stoppades inte. Arbetarklassens juridiska utrymme f\u00f6r kamp p\u00e5 arbetsplatsen har minskats. Nu kr\u00e4vs det att vi st\u00e4ller en rad fr\u00e5gor, och att vi besvarar dessa s\u00e5 \u00e4rligt och tydligt vi kan. Varf\u00f6r misslyckades vi? Fanns det n\u00e5got vi lyckades med? Hur g\u00e5r vi vidare?<\/p>\n<p align=\"left\"><b>Varf\u00f6r misslyckades vi?<\/b><\/p>\n<p align=\"left\">Vi m\u00e5ste b\u00f6rja med att konstatera att organisationen Fram\u00e5t kamrater (h\u00e4danefter ben\u00e4mnt som FK) aldrig ensamt hade kunnat s\u00e4tta stopp f\u00f6r lagf\u00f6rslaget. Knappast heller den l\u00f6sa allians av grupper, fackf\u00f6reningar, mikropartier eller individer v\u00e4nster om v\u00e4nsterpartiet som samlades runt till exempel N\u00e4tverket F\u00f6rsvara Strejkr\u00e4tten eller n\u00e4tverket Strike Back. FK kunde p\u00e5 sin h\u00f6jd hoppas p\u00e5 att h\u00f6ja upp fr\u00e5gan till aktuell, och d\u00e5 kanske fr\u00e4mst f\u00f6r den del av v\u00e4nstern vi verkar inom. Vi skulle kunna driva den politiska linje och strategi som vi s\u00e5g hade st\u00f6rst potential att transcendera v\u00e4nstermilj\u00f6n och mobilisera arbetarklassen. Denna analys delade vi med de flesta andra politiska grupperingar och tendenser vi samarbetade med, men <i>tv\u00e5 olika huvudstrategier<\/i> kristalliserade sig under arbetets g\u00e5ng:<\/p>\n<p align=\"left\"><i>Den ena<\/i> f\u00f6respr\u00e5kade en strategi som inskr\u00e4nkte sig till propagandistiskt arbete riktat mot de st\u00f6rre fackf\u00f6reningarna och att underbl\u00e5sa den interna konflikten inom LO. Denna strategi f\u00f6rutsatte f\u00f6rsiktighet. Det talades om att v\u00e4rna kontakter inom LO (d\u00e5 avs\u00e5gs varken ledning eller medlemmen p\u00e5 golvet, utan mellanskiktet av f\u00f6rtroendevalda) och att inte alienera medlemmarna med h\u00e5rd retorik. Inte heller aktivitet p\u00e5 gatan uppmuntrades, och sk\u00e4len kunde vara allt fr\u00e5n att det visade hur litet motst\u00e5ndet var (en linje som motbevisades och tystnade efter <a href=\"https:\/\/www.youtube.com\/watch?v=GmWLCWo4_oY\">Strike Back i augusti<\/a> respektive december 2018) till att vi p\u00e5 gatan inte kunde kontrollera radikalare r\u00f6ster fr\u00e5n att ta plats.<\/p>\n<p align=\"left\">F\u00f6rhoppningen var att ett LO-kollektiv i fullst\u00e4ndig revolt skulle g\u00f6ra det politiskt om\u00f6jligt f\u00f6r Socialdemokraterna att forts\u00e4tta att driva fr\u00e5gan. Dessv\u00e4rre uppstod inte denna fullst\u00e4ndiga revolt och LO kunde genom de bepr\u00f6vade grepp och taktiker f\u00f6r tystandet av opposition som de effektivt finslipat i \u00e5rtionden av att kv\u00e4va all intern opposition. Politiskt maktspel beh\u00e4rskar de, pamparna. Ett antal uteslutningar och n\u00e5gra mer eller mindre hotfulla telefonsamtal var vad som kr\u00e4vdes och den sista m\u00f6jliga arenan f\u00f6r storskaligt och offentligt motst\u00e5nd, Kommunals kongress i maj i \u00e5r, f\u00f6rl\u00f6pte relativt odramatiskt. Den interna oppositionen inom LO f\u00f6rm\u00e5dde inte att med endast det st\u00f6d delar av v\u00e4nstermilj\u00f6n kunde erbjuda ta sig an och vinna \u00f6ver den socialdemokratiska maktapparaten. Med detta inte sagt att fackliga k\u00e4mpar inom LO-kollektivet inte gjorde sitt yttersta, tog risker, k\u00e4mpade och slet. Det gjorde de. Men ensamma var de som v\u00e5gade s\u00e4tta sig emot ledning och regering inte starka nog. Varf\u00f6r var de d\u00e5 ensamma, b\u00e5de i sina f\u00f6rbund och i samh\u00e4llet i stort?<\/p>\n<p align=\"left\">F\u00f6r att besvara dessa fr\u00e5gor tittar vi n\u00e4rmare p\u00e5 <i>den andra<\/i> strategiska positionen som fanns i n\u00e4tverken och grupperingarna som arbetade med fr\u00e5gan och som \u00e4ven drevs av oss i FK. Denna andra strategi var mer intresserad av att bredda fr\u00e5gan utanf\u00f6r LO-kollektivet. Detta \u00e4r inte detsamma som att s\u00e4ga att de arbetare som \u00e4r anslutna till LO-f\u00f6rbund \u00e4r oviktiga eller mindre viktiga i kampen f\u00f6r bevarad strejkr\u00e4tt eller klasskampen i stort &#8211; men det framstod f\u00f6r oss i FK som orimligt att l\u00e4gga alla v\u00e5ra resurser p\u00e5 endast detta skikt av klassen och d\u00e4rtill med ett v\u00e4ldigt sn\u00e4vt urval av praktiker f\u00f6r att mobilisera och n\u00e5 detta skikt. Anledningen till detta sn\u00e4va fokus tror vi att vi finner dels i en \u00f6vertro p\u00e5 respektabilitetspolitik (id\u00e9n om att det \u00e4r den akt\u00f6r i samh\u00e4llet som av ett oftast diffust och odefinierat \u201dsamh\u00e4lle\u201d ses som den mest respektabla och moraliskt h\u00f6gst\u00e5ende som f\u00e5r mest st\u00f6d och vinner politiska strider) samt en slags arbetaristisk variant av tolkningsf\u00f6retr\u00e4de d\u00e4r en viss grupp arbetares erfarenheter lyfts upp av v\u00e4nstern till lite mer betydelsefulla. B\u00e5da dessa impulser, mer eller mindre uttalade, mer eller mindre medvetna, tj\u00e4nar till att sn\u00e4va in vilka grupper man n\u00e5r ut till och tilltalar. Och det \u00e4r viktigt att vara vaksam p\u00e5 tendensen, f\u00f6r n\u00e4r du \u00e4r drivande i en fr\u00e5ga som har en v\u00e4xande skara anh\u00e4ngare och n\u00e4r uppm\u00e4rksamhet riktas \u00e5t ditt h\u00e5ll, d\u00e5 \u00e4r det l\u00e4tt att g\u00e5 i f\u00e4llan, det \u00e4r l\u00e4tt att vilja framst\u00e5 som <i>respektabel<\/i>.<\/p>\n<p align=\"left\">Att ist\u00e4llet lyfta fr\u00e5gan som en del i ett st\u00f6rre angrepp p\u00e5 arbetarklassen, att lyfta fram situationer d\u00e4r den enskilde arbetaren f\u00f6rlorar p\u00e5 inskr\u00e4nkt strejkr\u00e4tt, att bredda id\u00e9n om vem som <i>\u00e4r arbetare<\/i> och att ta strejkr\u00e4ttskampen ut fr\u00e5n m\u00f6tesrum och fackliga m\u00f6ten till gatan och kvarteret \u2013 d\u00e4r s\u00e5g vi potential. Det fungerade ganska v\u00e4l fram till v\u00e5ren 2019, f\u00f6r n\u00e4r vi verkligen slog p\u00e5 stora trumman, som en del i n\u00e4tverket Strike Back, var uppslutningen mikroskopisk och fr\u00e5gan betraktades redan som s\u00e5 gott som avgjord\/f\u00f6rlorad.<\/p>\n<p align=\"left\"><b>Fanns det n\u00e5got vi lyckades med?<\/b><\/p>\n<p align=\"left\">Den stora vinsten f\u00f6r FK som grupp har varit dels de erfarenheter vi f\u00e5tt genom praktiskt arbete. Allt fr\u00e5n att designa propagandamaterial, arrangera manifestationer, konfrontationer p\u00e5 gatan och textskrivande till juridiska kunskaper kring r\u00f6rande arbetsr\u00e4tt. Listan skulle kunna g\u00f6ras l\u00e4ngre. Kunskaper som tidigare bara funnits hos ett f\u00e5tal medlemmar har spridits i organisationen, som d\u00e4rigenom har blivit starkare och mer demokratisk. Kampen har varit god jord f\u00f6r att v\u00e4xa som organisat\u00f6r och revolution\u00e4r, och har fungerat som en bra rekryteringsyta f\u00f6r oss. Vi har hela tiden arbetat utan att skylta n\u00e4mnv\u00e4rt med v\u00e5rt namn, men klassen \u00e4r inte korkad. De m\u00e4rker vem som alltid dyker upp och vilka som drar i det praktiska.<\/p>\n<p align=\"left\">Den andra stora vinsten har varit de kontakter vi knutit inom de samarbeten vi har verkat inom.<\/p>\n<p align=\"left\">Vi har kommit n\u00e4rmare andra organisationer, b\u00e5de i G\u00f6teborg och nationellt. Det s\u00e4ger sig sj\u00e4lv att goda relationer med, och f\u00f6rtroende f\u00f6r, andra v\u00e4nsterorganisationer ger styrka och st\u00f6rre m\u00f6jligheter att agera i samh\u00e4llet.<\/p>\n<p align=\"left\">Samtidigt har vi f\u00e5tt oss en ordentligt funderare \u00f6ver n\u00e4r ett n\u00e4tverk egentligen \u00e4r v\u00e4rt sitt arbete, och n\u00e4r det \u00e4r dags att l\u00e4mna ett sjunkande skepp. Timtal i m\u00f6tesrum med hela den breda v\u00e4nstern \u00e4r utmattande. Du m\u00f6ter socialdemokrater i alla dess skepnader \u2013 riktiga socialdemokrater fr\u00e5n SAP och \u00e5ldrade sj\u00e4lvutn\u00e4mnda kommunister med socialdemokratisk praktik. Det \u00e4r den absolut tr\u00e5kigaste delen av politisk praktik och inte en arena som sporrar till kamp.<\/p>\n<p align=\"left\">Sist men inte minst vill vi n\u00e4mna det arbete vi gjort f\u00f6r att synligg\u00f6ra fr\u00e5gan ur perspektiv bortom de som vanligtvis h\u00f6rs och syns i arbetsr\u00e4ttsliga sammanhang. Klassen \u00e4r heterogen, och genom att erbjuda v\u00e5ra panelsamtal eller kunskapsutj\u00e4mningar till tex kvinnoseparatistiska rum eller alternativa pridefestivaler har vi varit delaktiga i att skapa ett livsviktigt samarbete mellan den fackliga r\u00f6relsen och hbtq-r\u00f6relsen. N\u00e4r vi b\u00f6rjade arbeta med strejkr\u00e4ttsfr\u00e5gan m\u00e4rkte vi snabbt att den, b\u00e5de inom FK och inom de n\u00e4tverk vi verkade inom, attraherade framf\u00f6r allt m\u00e4n. Genom ett internt kunskapsutj\u00e4mningsarbete och genom att lyfta fr\u00e5gan kontinuerligt lyckades vi till viss m\u00e5n komma bort ifr\u00e5n andra kategorier arbetares k\u00e4nsla av att inte veta tillr\u00e4ckligt eller att k\u00e4nna sig hemma i fr\u00e5gan.<\/p>\n<p align=\"left\"><b>Hur g\u00e5r vi vidare?<\/b><\/p>\n<p align=\"left\">FK \u00e4r ingen facklig organisation. De flesta av oss arbetar och de flesta av oss \u00e4r fackligt anslutna, och om det renodlat fackliga motst\u00e5ndet mot inskr\u00e4nkt strejkr\u00e4tt varit st\u00f6rre s\u00e5 hade v\u00e5r position som st\u00f6d varit enklare. Ist\u00e4llet fick vi ta en drivande och aktiv part. Den delen av v\u00e5rt arbete tog slut i och med att regeringen r\u00f6stade igenom lagf\u00f6rslaget. Vi f\u00e5r s\u00e4kert tillf\u00e4lle att \u00e5terv\u00e4nda till strejkr\u00e4tten, och vi ser det som v\u00e5r roll att delta i, underst\u00f6dja och sk\u00e4rpa de konflikter som oundvikligen uppst\u00e5r och p\u00e5g\u00e5r hela tiden. Men det \u00e4r inte den fr\u00e5ga som kommer att sluka FK:s huvudsakliga energi den kommande tiden.<\/p>\n<p align=\"left\">Vi l\u00e4ser all historia som historien om kampen mellan klasser, men inte bara kampen mellan etablerade arbetarr\u00f6relseorganisationer och kapitalets intresseorganisationer. Klasskampen p\u00e5g\u00e5r \u00f6verallt och hela tiden, och s\u00e5 \u00e4ven med minskat juridiskt utrymme f\u00f6r strejk. Klassen kommer att finna andra, nya och vilda v\u00e4gar.<\/p>\n<p><em>\u201dMasstrejkens effektivitet, dess verkningskraft, betingelserna f\u00f6r dess uppkomst f\u00f6r\u00e4ndras hela tiden. Den \u00f6ppnar pl\u00f6tsligt nya, vida perspektiv f\u00f6r revolutionen, d\u00e4r den tycktes befinna sig i en \u00e5terv\u00e4ndsgr\u00e4nd, och den sviker d\u00e4r man s\u00e4kert r\u00e4knade med den. Stundtals v\u00e4ller den fram som en bred havsv\u00e5g \u00f6ver hela riket, stundtals delar den sig i ett v\u00e4ldigt n\u00e4t av mindre str\u00f6mmar; i ena \u00f6gonblicket porlar den fram ur underjorden som en frisk k\u00e4lla, i n\u00e4sta \u00f6gonblick sipprar den ut i jorden och f\u00f6rsvinner helt. Politiska och ekonomiska strejker, masstrejker och partiella strejker, demonstrationsstrejker och kampstrejker, generalstrejker i enskilda branscher eller st\u00e4der, lugna l\u00f6nestrider och gatustrider, barrikadstrider &#8211; allt g\u00e5r i vartannat eller l\u00f6per parallellt, korsar varandra, flyter samman; det \u00e4r ett hav av f\u00f6r\u00e4nderliga fenomen, i evig r\u00f6relse\u201d<\/em> (Rosa Luxemburg, 1906)<\/p>\n<p>&nbsp;<\/p>\n<p><strong>Fram\u00e5t kamrater <\/strong><\/p>\n<p><strong>24\/6 2019<\/strong><\/p>\n","protected":false},"excerpt":{"rendered":"<p>Kampen f\u00f6r strejkr\u00e4tten (del 2) \u00d6versikt Vi har under det g\u00e5nga \u00e5ret lagt mycket energi och tid i arbetet kring att f\u00f6rsvara strejkr\u00e4ttslagstiftningen s\u00e5 som den s\u00e5g ut innan den 18\/ 6 d\u00e5 riksdagen r\u00f6stade igenom en inskr\u00e4kning av densamma. Vi kan allts\u00e5 konstatera att vi i en mycket viktig bem\u00e4rkelse har misslyckats. Inskr\u00e4nkningen stoppades [&#8230;]<\/p>\n<p><a class=\"btn btn-secondary understrap-read-more-link\" href=\"https:\/\/xn--framtkamrater-sfb.se\/?p=353\">Read More&#8230;<span class=\"screen-reader-text\"> from Utv\u00e4rdering: Kampen f\u00f6r strejkr\u00e4tten (del 2)<\/span><\/a><\/p>\n","protected":false},"author":1,"featured_media":354,"comment_status":"closed","ping_status":"closed","sticky":false,"template":"","format":"standard","meta":{"footnotes":""},"categories":[1],"tags":[],"class_list":["post-353","post","type-post","status-publish","format-standard","has-post-thumbnail","hentry","category-uncategorized"],"_links":{"self":[{"href":"https:\/\/xn--framtkamrater-sfb.se\/index.php?rest_route=\/wp\/v2\/posts\/353","targetHints":{"allow":["GET"]}}],"collection":[{"href":"https:\/\/xn--framtkamrater-sfb.se\/index.php?rest_route=\/wp\/v2\/posts"}],"about":[{"href":"https:\/\/xn--framtkamrater-sfb.se\/index.php?rest_route=\/wp\/v2\/types\/post"}],"author":[{"embeddable":true,"href":"https:\/\/xn--framtkamrater-sfb.se\/index.php?rest_route=\/wp\/v2\/users\/1"}],"replies":[{"embeddable":true,"href":"https:\/\/xn--framtkamrater-sfb.se\/index.php?rest_route=%2Fwp%2Fv2%2Fcomments&post=353"}],"version-history":[{"count":2,"href":"https:\/\/xn--framtkamrater-sfb.se\/index.php?rest_route=\/wp\/v2\/posts\/353\/revisions"}],"predecessor-version":[{"id":356,"href":"https:\/\/xn--framtkamrater-sfb.se\/index.php?rest_route=\/wp\/v2\/posts\/353\/revisions\/356"}],"wp:featuredmedia":[{"embeddable":true,"href":"https:\/\/xn--framtkamrater-sfb.se\/index.php?rest_route=\/wp\/v2\/media\/354"}],"wp:attachment":[{"href":"https:\/\/xn--framtkamrater-sfb.se\/index.php?rest_route=%2Fwp%2Fv2%2Fmedia&parent=353"}],"wp:term":[{"taxonomy":"category","embeddable":true,"href":"https:\/\/xn--framtkamrater-sfb.se\/index.php?rest_route=%2Fwp%2Fv2%2Fcategories&post=353"},{"taxonomy":"post_tag","embeddable":true,"href":"https:\/\/xn--framtkamrater-sfb.se\/index.php?rest_route=%2Fwp%2Fv2%2Ftags&post=353"}],"curies":[{"name":"wp","href":"https:\/\/api.w.org\/{rel}","templated":true}]}}