{"id":390,"date":"2019-09-05T18:47:11","date_gmt":"2019-09-05T18:47:11","guid":{"rendered":"https:\/\/xn--framtkamrater-sfb.se\/?p=390"},"modified":"2019-09-05T18:55:50","modified_gmt":"2019-09-05T18:55:50","slug":"fienden-finns-pa-hemmaplan","status":"publish","type":"post","link":"https:\/\/xn--framtkamrater-sfb.se\/?p=390","title":{"rendered":"Fienden finns p\u00e5 hemmaplan"},"content":{"rendered":"<p>&nbsp;<\/p>\n<p>I Rojava har YPG och YPJ tillsammans med Internationella frihetsbataljonen inte bara besegrat IS, de har b\u00f6rjat bygga en demokratisk federation d\u00e4r miljoner m\u00e4nniskor lever \u00f6ver etniska och religi\u00f6sa gr\u00e4nser, p\u00e5 en yta stor som Sm\u00e5land inspr\u00e4ngt mellan Syrien, Irak och Turkiet. Ut\u00f6kad demokrati och feminism st\u00e5r i fokus f\u00f6r ett nytt samh\u00e4llsprojekt i sju sj\u00e4lvst\u00e4ndiga regioner gemensamt k\u00e4nda som Rojava (autonoma administrationen av norra och \u00f6stra Syrien).<\/p>\n<p>Erdogan och den turkiska staten hatar inte bara det kurdiska folket utan hela det demokratiska projektet. S\u00e5 snart situationen <span lang=\"sv-SE\">i Syrien var tillr\u00e4ckligt f\u00f6rdelaktig s\u00e5 f\u00f6rdrev de hundratusentals m\u00e4nniskor fr\u00e5n Afrin, en av de sju sj\u00e4lvst\u00e4ndiga regionerna. Nu vill de forts\u00e4tta kriget. <\/span><\/p>\n<p lang=\"sv-SE\">SAAB utvecklar flygplan och missilsystem \u00e5t Turkiet, SCANIA s\u00e4ljer fordon och SSAB f\u00f6rst\u00e4rker dem med svenskt st\u00e5l. Den turkiska krigstaktiken innefattar att f\u00f6rst sl\u00e4ppa l\u00f6s islamistiska g\u00e4ng, resterna av IS och dess allierade, f\u00f6r att sedan sj\u00e4lva rulla in i ruinerna. Och svenska f\u00f6retag hj\u00e4lper dem.<\/p>\n<p lang=\"sv-SE\">V\u00e5ra kamrater i Rojava, f\u00f6dda d\u00e4r s\u00e5 v\u00e4l som frivilliga ditresta, bek\u00e4mpar fienden d\u00e4r. Det minsta vi kan g\u00f6ra \u00e4r att ta kampen mot fienden p\u00e5 hemmaplan. D\u00e4rf\u00f6r ansluter vi oss till <a href=\"https:\/\/riseup4rojava.org\/call\/#1556013134550-1ea38f7c-03c4\">riseup4rojava<\/a> och uppmanar till <a href=\"https:\/\/www.facebook.com\/events\/394114417904272\/\">deltagande i flygbladsutdelningen utanf\u00f6r SSAB imorgon<\/a>.<\/p>\n<p lang=\"sv-SE\"><strong>Fram\u00e5t kamrater, g<\/strong><strong>\u00f6teborg 5\/9 2019<\/strong><\/p>\n<p lang=\"sv-SE\"><img loading=\"lazy\" decoding=\"async\" class=\"alignnone size-large wp-image-391\" src=\"https:\/\/xn--framtkamrater-sfb.se\/wp-content\/uploads\/2019\/09\/rojstod1-627x1024.jpg\" alt=\"\" width=\"627\" height=\"1024\" srcset=\"https:\/\/fram\u00e5tkamrater.se\/wp-content\/uploads\/2019\/09\/rojstod1-627x1024.jpg 627w, https:\/\/fram\u00e5tkamrater.se\/wp-content\/uploads\/2019\/09\/rojstod1-184x300.jpg 184w, https:\/\/fram\u00e5tkamrater.se\/wp-content\/uploads\/2019\/09\/rojstod1-768x1254.jpg 768w, https:\/\/fram\u00e5tkamrater.se\/wp-content\/uploads\/2019\/09\/rojstod1.jpg 825w\" sizes=\"auto, (max-width: 627px) 100vw, 627px\" \/><\/p>\n<p lang=\"sv-SE\"><img loading=\"lazy\" decoding=\"async\" class=\"alignnone size-large wp-image-392\" src=\"https:\/\/xn--framtkamrater-sfb.se\/wp-content\/uploads\/2019\/09\/rojstod3-689x1024.jpg\" alt=\"\" width=\"640\" height=\"951\" srcset=\"https:\/\/fram\u00e5tkamrater.se\/wp-content\/uploads\/2019\/09\/rojstod3-689x1024.jpg 689w, https:\/\/fram\u00e5tkamrater.se\/wp-content\/uploads\/2019\/09\/rojstod3-202x300.jpg 202w, https:\/\/fram\u00e5tkamrater.se\/wp-content\/uploads\/2019\/09\/rojstod3-768x1141.jpg 768w, https:\/\/fram\u00e5tkamrater.se\/wp-content\/uploads\/2019\/09\/rojstod3.jpg 921w\" sizes=\"auto, (max-width: 640px) 100vw, 640px\" \/><\/p>\n<p lang=\"sv-SE\"><em>Banderoll h\u00e4ngd fr\u00e5n Bastionen Carolux XI\u00a0Rex ovanf\u00f6r Esperantoplatsen i centrala G\u00f6tebor<\/em><em>g<\/em><\/p>\n","protected":false},"excerpt":{"rendered":"<p>&nbsp; I Rojava har YPG och YPJ tillsammans med Internationella frihetsbataljonen inte bara besegrat IS, de har b\u00f6rjat bygga en demokratisk federation d\u00e4r miljoner m\u00e4nniskor lever \u00f6ver etniska och religi\u00f6sa gr\u00e4nser, p\u00e5 en yta stor som Sm\u00e5land inspr\u00e4ngt mellan Syrien, Irak och Turkiet. Ut\u00f6kad demokrati och feminism st\u00e5r i fokus f\u00f6r ett nytt samh\u00e4llsprojekt i [&#8230;]<\/p>\n<p><a class=\"btn btn-secondary understrap-read-more-link\" href=\"https:\/\/xn--framtkamrater-sfb.se\/?p=390\">Read More&#8230;<span class=\"screen-reader-text\"> from Fienden finns p\u00e5 hemmaplan<\/span><\/a><\/p>\n","protected":false},"author":1,"featured_media":393,"comment_status":"closed","ping_status":"closed","sticky":false,"template":"","format":"standard","meta":{"footnotes":""},"categories":[1],"tags":[],"class_list":["post-390","post","type-post","status-publish","format-standard","has-post-thumbnail","hentry","category-uncategorized"],"_links":{"self":[{"href":"https:\/\/xn--framtkamrater-sfb.se\/index.php?rest_route=\/wp\/v2\/posts\/390","targetHints":{"allow":["GET"]}}],"collection":[{"href":"https:\/\/xn--framtkamrater-sfb.se\/index.php?rest_route=\/wp\/v2\/posts"}],"about":[{"href":"https:\/\/xn--framtkamrater-sfb.se\/index.php?rest_route=\/wp\/v2\/types\/post"}],"author":[{"embeddable":true,"href":"https:\/\/xn--framtkamrater-sfb.se\/index.php?rest_route=\/wp\/v2\/users\/1"}],"replies":[{"embeddable":true,"href":"https:\/\/xn--framtkamrater-sfb.se\/index.php?rest_route=%2Fwp%2Fv2%2Fcomments&post=390"}],"version-history":[{"count":10,"href":"https:\/\/xn--framtkamrater-sfb.se\/index.php?rest_route=\/wp\/v2\/posts\/390\/revisions"}],"predecessor-version":[{"id":405,"href":"https:\/\/xn--framtkamrater-sfb.se\/index.php?rest_route=\/wp\/v2\/posts\/390\/revisions\/405"}],"wp:featuredmedia":[{"embeddable":true,"href":"https:\/\/xn--framtkamrater-sfb.se\/index.php?rest_route=\/wp\/v2\/media\/393"}],"wp:attachment":[{"href":"https:\/\/xn--framtkamrater-sfb.se\/index.php?rest_route=%2Fwp%2Fv2%2Fmedia&parent=390"}],"wp:term":[{"taxonomy":"category","embeddable":true,"href":"https:\/\/xn--framtkamrater-sfb.se\/index.php?rest_route=%2Fwp%2Fv2%2Fcategories&post=390"},{"taxonomy":"post_tag","embeddable":true,"href":"https:\/\/xn--framtkamrater-sfb.se\/index.php?rest_route=%2Fwp%2Fv2%2Ftags&post=390"}],"curies":[{"name":"wp","href":"https:\/\/api.w.org\/{rel}","templated":true}]}}