{"id":409,"date":"2019-10-11T20:39:10","date_gmt":"2019-10-11T20:39:10","guid":{"rendered":"https:\/\/xn--framtkamrater-sfb.se\/?p=409"},"modified":"2019-10-11T20:39:10","modified_gmt":"2019-10-11T20:39:10","slug":"slut-upp-bakom-rojava","status":"publish","type":"post","link":"https:\/\/xn--framtkamrater-sfb.se\/?p=409","title":{"rendered":"Slut upp bakom Rojava!"},"content":{"rendered":"<p>&nbsp;<\/p>\n<p>Europa och v\u00e4rlden v\u00e4nde kurderna och deras allierade i Rojava ryggen och tvingade dem att mer eller mindre sj\u00e4lva ta kampen mot IS, samtidigt som de stod under st\u00e4ndigt hot fr\u00e5n den turkiska regimen. De gjorde enorma uppoffringar och det \u00e4r nog sv\u00e5rt att f\u00f6rst\u00e5 hur extremt sv\u00e5r situationen varit, men de lyckades tillslut mer eller mindre besegra den islamiska sekten. De tvingades sen att ta ansvar f\u00f6r efterspelet, agera f\u00e5ngvaktare \u00e5t europeiska islamister samtidigt som de l\u00e4mnades utan n\u00e5got som helst st\u00f6d f\u00f6r \u00e5teruppbyggandet av samh\u00e4llet. St\u00f6det till Erdogans regim och vapenhandeln med diktaturen fortsatte dock som vanligt. Nu ser v\u00e4rlden \u00e5terigen p\u00e5 n\u00e4r den turkiska arm\u00e9n f\u00f6r terrorkrig och p\u00e5b\u00f6rjar en potentiell etnisk rensning i norra Syrien. \u00c4r detta tacken f\u00f6r att de tog ansvar f\u00f6r oss alla och krossade den vidriga terrorsekten? \u00c4r det s\u00e5 h\u00e4r Europa bem\u00f6ter regionens fr\u00e4msta demokratiska och feministiska projekt? De styrande politikerna och den ekonomiska eliten st\u00e5r p\u00e5 islamisternas sida. Vi andra m\u00e5ste st\u00e4lla oss p\u00e5 Rojavas! Ett reellt samh\u00e4llsprojekt f\u00f6r j\u00e4mst\u00e4lldhet, j\u00e4mlikhet och demokrati har inget st\u00f6d av v\u00e4rldens s\u00e5 kallade ledare, som hellre byter minskade flyktingstr\u00f6mmar mot vapensystem f\u00f6r att sedan tv\u00e5 sina h\u00e4nder genom tomma f\u00f6rd\u00f6manden av invasionen.<\/p>\n<p>De har inte heller n\u00e5gon verklig vilja att bek\u00e4mpa islamismen. Deras praktiska handlingar talar sitt tydliga spr\u00e5k. Det \u00e4r upp till oss att visa Rojava att de inte st\u00e5r ensamma. Att internationell solidaritet fortfarande existerar. Att fascism inte tolereras i n\u00e5gon tappning. Den turkiska statens invasion har inletts, tiden att sluta upp bakom Rojava \u00e4r nu!<\/p>\n<p>Ig\u00e5r kv\u00e4ll deltog vi i en manifestation p\u00e5 J\u00e4rntorget i G\u00f6teborg, och \u00f6ver hela v\u00e4rlden sl\u00f6t m\u00e4nniskor upp p\u00e5 liknande s\u00e4tt f\u00f6r att f\u00f6rd\u00f6ma den turkiska statens aggression och f\u00f6r att visa sitt st\u00f6d f\u00f6r Rojava. P\u00e5 l\u00f6rdag, 12\/10, kommer vi delta i manifestationerna i Stockholm och G\u00f6teborg. Vi uppmanar alla att delta i n\u00e5gon av de manifestationer, demonstrationer och andra typer av aktioner som \u00e4ger rum imorgon. Agera!<\/p>\n<p>\u00a1No pasar\u00e1n!<\/p>\n","protected":false},"excerpt":{"rendered":"<p>&nbsp; Europa och v\u00e4rlden v\u00e4nde kurderna och deras allierade i Rojava ryggen och tvingade dem att mer eller mindre sj\u00e4lva ta kampen mot IS, samtidigt som de stod under st\u00e4ndigt hot fr\u00e5n den turkiska regimen. De gjorde enorma uppoffringar och det \u00e4r nog sv\u00e5rt att f\u00f6rst\u00e5 hur extremt sv\u00e5r situationen varit, men de lyckades tillslut [&#8230;]<\/p>\n<p><a class=\"btn btn-secondary understrap-read-more-link\" href=\"https:\/\/xn--framtkamrater-sfb.se\/?p=409\">Read More&#8230;<span class=\"screen-reader-text\"> from Slut upp bakom Rojava!<\/span><\/a><\/p>\n","protected":false},"author":1,"featured_media":410,"comment_status":"closed","ping_status":"closed","sticky":false,"template":"","format":"standard","meta":{"footnotes":""},"categories":[1],"tags":[],"class_list":["post-409","post","type-post","status-publish","format-standard","has-post-thumbnail","hentry","category-uncategorized"],"_links":{"self":[{"href":"https:\/\/xn--framtkamrater-sfb.se\/index.php?rest_route=\/wp\/v2\/posts\/409","targetHints":{"allow":["GET"]}}],"collection":[{"href":"https:\/\/xn--framtkamrater-sfb.se\/index.php?rest_route=\/wp\/v2\/posts"}],"about":[{"href":"https:\/\/xn--framtkamrater-sfb.se\/index.php?rest_route=\/wp\/v2\/types\/post"}],"author":[{"embeddable":true,"href":"https:\/\/xn--framtkamrater-sfb.se\/index.php?rest_route=\/wp\/v2\/users\/1"}],"replies":[{"embeddable":true,"href":"https:\/\/xn--framtkamrater-sfb.se\/index.php?rest_route=%2Fwp%2Fv2%2Fcomments&post=409"}],"version-history":[{"count":2,"href":"https:\/\/xn--framtkamrater-sfb.se\/index.php?rest_route=\/wp\/v2\/posts\/409\/revisions"}],"predecessor-version":[{"id":412,"href":"https:\/\/xn--framtkamrater-sfb.se\/index.php?rest_route=\/wp\/v2\/posts\/409\/revisions\/412"}],"wp:featuredmedia":[{"embeddable":true,"href":"https:\/\/xn--framtkamrater-sfb.se\/index.php?rest_route=\/wp\/v2\/media\/410"}],"wp:attachment":[{"href":"https:\/\/xn--framtkamrater-sfb.se\/index.php?rest_route=%2Fwp%2Fv2%2Fmedia&parent=409"}],"wp:term":[{"taxonomy":"category","embeddable":true,"href":"https:\/\/xn--framtkamrater-sfb.se\/index.php?rest_route=%2Fwp%2Fv2%2Fcategories&post=409"},{"taxonomy":"post_tag","embeddable":true,"href":"https:\/\/xn--framtkamrater-sfb.se\/index.php?rest_route=%2Fwp%2Fv2%2Ftags&post=409"}],"curies":[{"name":"wp","href":"https:\/\/api.w.org\/{rel}","templated":true}]}}