{"id":450,"date":"2019-12-08T10:59:00","date_gmt":"2019-12-08T10:59:00","guid":{"rendered":"https:\/\/xn--framtkamrater-sfb.se\/?p=450"},"modified":"2019-12-08T10:59:00","modified_gmt":"2019-12-08T10:59:00","slug":"rapport-helsingfors-utan-nazister","status":"publish","type":"post","link":"https:\/\/xn--framtkamrater-sfb.se\/?p=450","title":{"rendered":"Rapport: Helsingfors utan nazister"},"content":{"rendered":"<p>&nbsp;<\/p>\n<p><span lang=\"sv-SE\">Fram\u00e5t kamrater har varit <\/span><span lang=\"sv-SE\">i<\/span> <span lang=\"sv-SE\">F<\/span><span lang=\"sv-SE\">inland och <\/span><span lang=\"sv-SE\">deltagit i<\/span> <a href=\"http:\/\/www.ilmannatseja.com\/pa-svenska\/\"><em>Helsinki ilman natseja<\/em><\/a> &#8211;<span lang=\"sv-SE\"> en \u00e5rlig antifascistisk demonstration som arrangeras <\/span><span lang=\"sv-SE\">i <\/span><span lang=\"sv-SE\">motst\u00e5nd mot<\/span><span lang=\"sv-SE\"> att h\u00f6gerextrema grupperingar firar<\/span> <span lang=\"sv-SE\">F<\/span><span lang=\"sv-SE\">inlands sj\u00e4lvst\u00e4ndighetsdag <\/span><span lang=\"sv-SE\">med en marsch<\/span> <span lang=\"sv-SE\">genom<\/span><span lang=\"sv-SE\"> centrala<\/span> <span lang=\"sv-SE\">H<\/span><span lang=\"sv-SE\">elsingfors. <\/span><span lang=\"sv-SE\">Vi reste dit som en del i n\u00e4tverket ARNA:s mobiliseringskampanj <a href=\"https:\/\/www.infoarna.org\/post\/antifa-offensive\"><em>Nordic Antifa Offensive<\/em><\/a> och m\u00f6tte b\u00e5de finska, norska och andra svenska grupper p\u00e5 plats. <\/span><span lang=\"sv-SE\">Sj\u00e4lvst\u00e4ndighetsmarschen samlar<\/span> <span lang=\"sv-SE\">allt fr\u00e5n<\/span><span lang=\"sv-SE\"> nazistiska <\/span><span lang=\"sv-SE\">och rasistiska grupper<\/span><span lang=\"sv-SE\"> som NMR och Soldiers of Odin <\/span><span lang=\"sv-SE\">till Sannfinl\u00e4ndare och borgerliga nationalister<\/span><span lang=\"sv-SE\">. Detta \u00e5r var inget undantag och <\/span><span lang=\"sv-SE\">de<\/span><span lang=\"sv-SE\"> finska nazisterna fyllde sina <\/span><span lang=\"sv-SE\">tunna<\/span><span lang=\"sv-SE\"> led med inresta <\/span><span lang=\"sv-SE\">svenskar<\/span> <span lang=\"sv-SE\">s\u00e5v\u00e4l som<\/span><span lang=\"sv-SE\"> Blood <\/span><span lang=\"sv-SE\">&amp;<\/span><span lang=\"sv-SE\"> Hono<\/span><span lang=\"sv-SE\">u<\/span><span lang=\"sv-SE\">r <\/span><span lang=\"sv-SE\">och <\/span><span lang=\"sv-SE\">det tyska nazistp<\/span><span lang=\"sv-SE\">artiet <\/span><em><span lang=\"sv-SE\">Der Dritte Weg.<\/span><\/em><\/p>\n<p><span lang=\"sv-SE\">Under dagen arrangerar nazisterna traditionsenligt en kort f\u00f6rmarsch f\u00f6r att sedan sluta upp med och fungera som vaktstyrka till den stora sj\u00e4lvst\u00e4ndighetsmarschen. Fredagen den 6\/12 b\u00f6rjade f\u00f6r v\u00e5r del med nyheten om att 15 svenska NMR-aktivister stannats i finska gr\u00e4nskontroller n\u00e4r de g\u00e5tt i land fr\u00e5n f\u00e4rjan. NMR \u00e4r f\u00f6rbjudna enligt finsk lag, men har startat en ny frontorganisat<\/span><span lang=\"sv-SE\">ion (<\/span><em>Kohti Vaupatta)<\/em><span lang=\"sv-SE\">. <\/span><span lang=\"sv-SE\">Polisen s\u00e4ger sig visserligen vara s\u00e4ker p\u00e5 att den nya organisationen \u00e4r densamma som den gamla, men sl\u00e4ppte likv\u00e4l in den svenska motsvarigheten i centrala Helsingfors. Sammanlagt <\/span><span lang=\"sv-SE\">blev<\/span><span lang=\"sv-SE\"> nazisterna <\/span><span lang=\"sv-SE\">trots detta endast<\/span><span lang=\"sv-SE\"> en bl\u00f6t skara p\u00e5 200 demonstranter, som oengagerat gormade provokation<\/span><span lang=\"sv-SE\">er<\/span><span lang=\"sv-SE\"> i det kompakta finska eftermiddagsm\u00f6rkret. N\u00e4stan lika t\u00e4tt som regnet duggade hitlerh\u00e4lsningarna och svastikorna, \u00e5siktsyttringar som inte \u00e4r straffbara i Finland.<\/span><\/p>\n<p><img loading=\"lazy\" decoding=\"async\" class=\"alignnone wp-image-454 size-large\" src=\"https:\/\/xn--framtkamrater-sfb.se\/wp-content\/uploads\/2019\/12\/0-1024x768.jpg\" alt=\"\" width=\"640\" height=\"480\" srcset=\"https:\/\/fram\u00e5tkamrater.se\/wp-content\/uploads\/2019\/12\/0-1024x768.jpg 1024w, https:\/\/fram\u00e5tkamrater.se\/wp-content\/uploads\/2019\/12\/0-300x225.jpg 300w, https:\/\/fram\u00e5tkamrater.se\/wp-content\/uploads\/2019\/12\/0-768x576.jpg 768w, https:\/\/fram\u00e5tkamrater.se\/wp-content\/uploads\/2019\/12\/0.jpg 1280w\" sizes=\"auto, (max-width: 640px) 100vw, 640px\" \/><\/p>\n<p>Klockan 17:00 b\u00f6rjade motdemonstrationen samlas. En v\u00e4xande skara av muntra helsingforsbor trotsade vinterregnet f\u00f6r att tillsammans visa sin avsky mot nazisternas n\u00e4rvaro i huvudstaden. Demonstrationen inleddes med tal och n\u00e4r det var dags f\u00f6r avmarsch 17.30 hade 2700 personer av alla \u00e5ldrar hunnit ansluta sig. Motdemonstrationen arrangeras av en koalition av v\u00e4nsterpolitiska grupper, antirasistiska n\u00e4tverk och kulturf\u00f6reningar under namnet <em>Helsinki ilman natseja<\/em> (Helsingfors utan nazister) och har v\u00e4xt sig st\u00f6rre \u00e5r f\u00f6r \u00e5r sedan starten 2014. Demonstrationst\u00e5get g\u00e5r en halvtimmes promenad genom staden innan den avslutas i en park precis i anslutning till den stora sj\u00e4lvst\u00e4ndighetsmarschens samlingsplats.<\/p>\n<p><img loading=\"lazy\" decoding=\"async\" class=\"alignnone size-large wp-image-457\" src=\"https:\/\/xn--framtkamrater-sfb.se\/wp-content\/uploads\/2019\/12\/5-1024x768.jpg\" alt=\"\" width=\"640\" height=\"480\" srcset=\"https:\/\/fram\u00e5tkamrater.se\/wp-content\/uploads\/2019\/12\/5-1024x768.jpg 1024w, https:\/\/fram\u00e5tkamrater.se\/wp-content\/uploads\/2019\/12\/5-300x225.jpg 300w, https:\/\/fram\u00e5tkamrater.se\/wp-content\/uploads\/2019\/12\/5-768x576.jpg 768w, https:\/\/fram\u00e5tkamrater.se\/wp-content\/uploads\/2019\/12\/5.jpg 1280w\" sizes=\"auto, (max-width: 640px) 100vw, 640px\" \/><\/p>\n<p>Tillsammans \u00f6versv\u00e4mmade vi Helsingfors gator och trots att vi begr\u00e4nsades av h\u00e5rt militariserad polis var sammanh\u00e5llningen god. Det spelades musik, skanderades slagord och och den uppsluppna st\u00e4mningen lockade flera utomst\u00e5ende att ansluta sig. Polisen gjorde ett antal godtyckliga gripanden, varp\u00e5 demonstrationen alltid stannade upp och inv\u00e4ntade frisl\u00e4ppande. N\u00e4r vi anl\u00e4nde till slutdestinationen bj\u00f6ds det p\u00e5 livemusik och fler tal. N\u00e4r till slut sj\u00e4lvst\u00e4ndighetsmarschen med tungt polisbeskydd kom g\u00e5endes var budskapet fr\u00e5n motdemonstrationen tydligt: Inga fascister p\u00e5 v\u00e5ra gator! Som vanligt \u00e4r det endast med polisens ambiti\u00f6sa beskydd som sammanslutningar som dessa v\u00e5gar sig ut, och om de hade n\u00e5got som helst budskap bortom hitlerh\u00e4lsningar riktade \u00e5t v\u00e5rt h\u00e5ll s\u00e5 ekade de tomt mot packade kedjor av tungt utrustad polis.<\/p>\n<p><img loading=\"lazy\" decoding=\"async\" class=\"alignnone size-large wp-image-458\" src=\"https:\/\/xn--framtkamrater-sfb.se\/wp-content\/uploads\/2019\/12\/4-1024x576.jpg\" alt=\"\" width=\"640\" height=\"360\" srcset=\"https:\/\/fram\u00e5tkamrater.se\/wp-content\/uploads\/2019\/12\/4-1024x576.jpg 1024w, https:\/\/fram\u00e5tkamrater.se\/wp-content\/uploads\/2019\/12\/4-300x169.jpg 300w, https:\/\/fram\u00e5tkamrater.se\/wp-content\/uploads\/2019\/12\/4-768x432.jpg 768w, https:\/\/fram\u00e5tkamrater.se\/wp-content\/uploads\/2019\/12\/4.jpg 1280w\" sizes=\"auto, (max-width: 640px) 100vw, 640px\" \/><\/p>\n<p>Det \u00e4r positivt att <em>Helsinki ilman natseja<\/em> har v\u00e4xt sig fr\u00e5n knappa 400 deltagare \u00e5r 2014 till en siffra n\u00e4rmare 3000 i \u00e5r, och vi \u00e4r glada f\u00f6r alla tillf\u00e4llen att st\u00e4rka de kamratliga banden till likasinnade i Helsingfors. Bredden \u00e4r imponerande och det \u00e4r tydligt att arrang\u00f6rerna g\u00f6r vad de kan f\u00f6r att n\u00e5 utanf\u00f6r Helsingsfors vanliga v\u00e4nsterkretsar. Om vi ska se p\u00e5 arrangemanget med kritiska \u00f6gon s\u00e5 \u00e4r det bristen p\u00e5 f\u00f6rs\u00f6k att faktiskt stoppa marschen som skaver mest. Vi vet att motdemonstrationen gjorde ett f\u00f6rs\u00f6k att blockera den 2015 och att polisen besvarade det med gummihagel, elchocksvapen och extremt \u00f6verv\u00e5ld, n\u00e5gonting som s\u00e5klart lever kvar i arrang\u00f6rernas minne, men att vi trots v\u00e5rt antal aldrig riktigt kunde st\u00f6ra marschens fortl\u00f6pande \u00e4r n\u00e5got som frustrerar oss som antifascister. F\u00f6rhoppningsvis kan den saken komma att \u00e4ndras i framtiden, eftersom motdemonstrationen v\u00e4xer och sj\u00e4lvst\u00e4ndighetsmarschen minskar, \u00e5r f\u00f6r \u00e5r.<\/p>\n<p><strong>Fram\u00e5t kamrater, 7\/12 2019<\/strong><\/p>\n","protected":false},"excerpt":{"rendered":"<p>&nbsp; Fram\u00e5t kamrater har varit i Finland och deltagit i Helsinki ilman natseja &#8211; en \u00e5rlig antifascistisk demonstration som arrangeras i motst\u00e5nd mot att h\u00f6gerextrema grupperingar firar Finlands sj\u00e4lvst\u00e4ndighetsdag med en marsch genom centrala Helsingfors. Vi reste dit som en del i n\u00e4tverket ARNA:s mobiliseringskampanj Nordic Antifa Offensive och m\u00f6tte b\u00e5de finska, norska och andra [&#8230;]<\/p>\n<p><a class=\"btn btn-secondary understrap-read-more-link\" href=\"https:\/\/xn--framtkamrater-sfb.se\/?p=450\">Read More&#8230;<span class=\"screen-reader-text\"> from Rapport: Helsingfors utan nazister<\/span><\/a><\/p>\n","protected":false},"author":1,"featured_media":452,"comment_status":"closed","ping_status":"closed","sticky":false,"template":"","format":"standard","meta":{"footnotes":""},"categories":[1],"tags":[],"class_list":["post-450","post","type-post","status-publish","format-standard","has-post-thumbnail","hentry","category-uncategorized"],"_links":{"self":[{"href":"https:\/\/xn--framtkamrater-sfb.se\/index.php?rest_route=\/wp\/v2\/posts\/450","targetHints":{"allow":["GET"]}}],"collection":[{"href":"https:\/\/xn--framtkamrater-sfb.se\/index.php?rest_route=\/wp\/v2\/posts"}],"about":[{"href":"https:\/\/xn--framtkamrater-sfb.se\/index.php?rest_route=\/wp\/v2\/types\/post"}],"author":[{"embeddable":true,"href":"https:\/\/xn--framtkamrater-sfb.se\/index.php?rest_route=\/wp\/v2\/users\/1"}],"replies":[{"embeddable":true,"href":"https:\/\/xn--framtkamrater-sfb.se\/index.php?rest_route=%2Fwp%2Fv2%2Fcomments&post=450"}],"version-history":[{"count":5,"href":"https:\/\/xn--framtkamrater-sfb.se\/index.php?rest_route=\/wp\/v2\/posts\/450\/revisions"}],"predecessor-version":[{"id":459,"href":"https:\/\/xn--framtkamrater-sfb.se\/index.php?rest_route=\/wp\/v2\/posts\/450\/revisions\/459"}],"wp:featuredmedia":[{"embeddable":true,"href":"https:\/\/xn--framtkamrater-sfb.se\/index.php?rest_route=\/wp\/v2\/media\/452"}],"wp:attachment":[{"href":"https:\/\/xn--framtkamrater-sfb.se\/index.php?rest_route=%2Fwp%2Fv2%2Fmedia&parent=450"}],"wp:term":[{"taxonomy":"category","embeddable":true,"href":"https:\/\/xn--framtkamrater-sfb.se\/index.php?rest_route=%2Fwp%2Fv2%2Fcategories&post=450"},{"taxonomy":"post_tag","embeddable":true,"href":"https:\/\/xn--framtkamrater-sfb.se\/index.php?rest_route=%2Fwp%2Fv2%2Ftags&post=450"}],"curies":[{"name":"wp","href":"https:\/\/api.w.org\/{rel}","templated":true}]}}