{"id":460,"date":"2019-12-12T19:01:47","date_gmt":"2019-12-12T19:01:47","guid":{"rendered":"https:\/\/xn--framtkamrater-sfb.se\/?p=460"},"modified":"2019-12-12T19:01:47","modified_gmt":"2019-12-12T19:01:47","slug":"folkbildning-med-framat-kamrater-teknologi-och-framtid","status":"publish","type":"post","link":"https:\/\/xn--framtkamrater-sfb.se\/?p=460","title":{"rendered":"Folkbildning med Fram\u00e5t kamrater: Teknologi och framtid"},"content":{"rendered":"<p>&nbsp;<\/p>\n<p>V\u00e4lkommen till den f\u00f6rsta studiedagen under 2020-\u00e5rs serie Folkbildning med Fram\u00e5t kamrater! V\u00e5r f\u00f6rhoppning \u00e4r att arrangera ett antal under \u00e5ren och h\u00e4r nedan \u00e4r presentationen av v\u00e5r f\u00f6rsta:<\/p>\n<p><strong>TEKNOLOGI OCH FRAMTID<\/strong><\/p>\n<p>Den 19\/1 i Viktoriasalen fr\u00e5n klockan 13 till senast 17.<br \/>\nI samarbete med <a href=\"https:\/\/www.facebook.com\/syndikalistiskt.forum\/\" target=\"_blank\" rel=\"noopener\">Syndikalistiskt Forum<\/a><br \/>\nVi bjuder p\u00e5 lunch! Ingen f\u00f6ranm\u00e4lan.<\/p>\n<p><strong>PROGRAM:<\/strong><\/p>\n<p><strong>F\u00d6REL\u00c4SNNING: <\/strong><a href=\"https:\/\/www.facebook.com\/gigwatch.se\/\" target=\"_blank\" rel=\"noopener\"><strong>GigWatch<\/strong><\/a><br \/>\nGigwatch \u00e4r ett intitativ som granskar gigekonomin och sl\u00e5r h\u00e5l p\u00e5 myterna som omg\u00e4rdar den.Vi best\u00e5r av ungdomar fr\u00e5n olika delar av civilsamh\u00e4llet som vill se en f\u00f6r\u00e4ndring p\u00e5 den utveckling som p\u00e5g\u00e5r i samh\u00e4llet just nu, d\u00e4r gigekonomin breder ut sig till fler och fler branscher. Det \u00e4r en utveckling som innefattar en gigifiering av hela arbetsmarknaden. Den inneb\u00e4r \u00e5 ena sidan att nya gigf\u00f6retag tar \u00f6ver marknaden men \u00e4ven att f\u00f6retag som tidigare erbjudit traditionella anst\u00e4llningar v\u00e4ljer att anv\u00e4nda sig av mer os\u00e4kra anst\u00e4llningsformer och arbetsvillkor. Jobbar du inte redan inom gigekonomin finns risken att du inom en snar framtid kommer att g\u00f6ra det, om vi inte g\u00f6r n\u00e5got \u00e5t det nu.<\/p>\n<p>Vill du lyssna p\u00e5 gigwatchs podcast kan du g\u00f6ra det h\u00e4r: <a href=\"https:\/\/l.facebook.com\/l.php?u=https%3A%2F%2Fwww.gigwatch.se%2F2019%2F09%2F23%2Fpremiar-for-gigwatch-podden%2F%3Ffbclid%3DIwAR2RUTLV3rLoLm5gJ5Z79WfzrdP5X-6YuYALJcGafbDcr91SC0XwDwtZm7I&amp;h=AT09pSqhIMqxccOKZxgPiKaT7gecOxuxsBmVQccDjpWWjtkOB_OEjP424Tuf5hqxIXQzEfgw-vrr0KE8SkQDywUjBuCON1RoPEbmLejbgm5PLkGAA9T1AROrdHFU2lLJlMIf\" target=\"_blank\" rel=\"nofollow noopener\" data-lynx-mode=\"hover\">https:\/\/www.gigwatch.se\/2019\/09\/23\/premiar-for-gigwatch-podden\/<\/a><\/p>\n<p><strong>F\u00d6REL\u00c4SNING: RED MIRROR<\/strong><br \/>\nRed Mirror (RM) \u00e4r ett sj\u00e4lvorganiserat studieprojekt som initierades av Autonom Organisering i Lund. RM drivs f\u00f6r n\u00e4rvarande i Lund och Stockholm, samt online p\u00e5 Reddit. Det \u00e4r just ett studieprojekt eftersom det syftar till att f\u00f6rst\u00e5 v\u00e5r omv\u00e4rld i relation till hur samh\u00e4llet och dess maktstrukturer relaterar till teknologisk framv\u00e4xt.<\/p>\n<p>\u201cF\u00f6r oss \u00e4r orden logistik och automatiseringen av arbete \u2013 allts\u00e5 d\u00e4r robotar tar \u00f6ver arbete \u2013 centrala begrepp. I kapitalismen inneb\u00e4r det ju att m\u00e4ngden \u201dd\u00f6tt arbete,\u201d i marxistiska termer \u00f6kar, det vill s\u00e4ga att samh\u00e4llet blir mer och mer instabilt. Men det inneb\u00e4r ocks\u00e5 en m\u00f6jlighet till en annan v\u00e4rld. Det vill s\u00e4ga att f\u00f6rest\u00e4lla sig kommunismen som f\u00f6rintandet av arbete. V\u00e5rt huvudsyfte \u00e4r att skapa en id\u00e9 om en annan v\u00e4rld som inte \u00e4r fast i statssocialismen.\u201d<\/p>\n<p><strong>PRESENTATION:<\/strong> FRAMTIDSCIRKELN!<\/p>\n<blockquote><p><em>Under v\u00e5ren 2020 vill vi studera framtiden med er. Vad ser vi f\u00f6r problem med samtiden, och vilka m\u00f6jliga framtider ser vi? F\u00f6rhoppningsvis en post-patriarkal och post-kapitalistisk, men hur den skulle kunna se ut vill vi dr\u00f6mma om med er. Vi kommer delvis att ha teknologi som ing\u00e5ng men absolut inte avgr\u00e4nsning. Vi vill l\u00e4sa hela eller delar av tre b\u00f6cker (Mark Fishers \u201cKapitalistisk realism\u201d, Peter Frase\u2019s \u201cFyra framtider\u201d och Aaron Bastanis \u201cHelautomatise<span class=\"text_exposed_show\">rad lyxkommunism\u201d), men v\u00e5r f\u00f6rhoppning \u00e4r att medlemmarna ska styra cirkeln \u00e5t det h\u00e5ll de \u00f6nskar och att den ska leda till nya kunskaper, till tydligare id\u00e9er och eventuell praktik.<\/span><\/em><\/p><\/blockquote>\n<div class=\"text_exposed_show\">\n<blockquote><p><em>Tillsammans med er vill vi l\u00e4sa, diskutera och helst agera. Den blir vad vi g\u00f6r det till! Vi vill tr\u00e4ffas varannan vecka v\u00e5ren 2020 p\u00e5 en plats som passar deltagarna. Cirkeln kr\u00e4ver inga f\u00f6rkunskaper, och missar du introduktionen s\u00e5 kan du h\u00f6ra av dig h\u00e4r p\u00e5 facebook eller till framatkamrater@riseup.net och anm\u00e4la intresse.<\/em><\/p>\n<p><em>OBS: Du kan komma den 19\/1 p\u00e5 Folkbildning med Fram\u00e5t kamrater utan att senare delta i studiecirkeln.<\/em><\/p><\/blockquote>\n<\/div>\n<p>Vi ses! \/Fram\u00e5t kamrater<\/p>\n<p><a href=\"https:\/\/www.facebook.com\/events\/484196568867367\/\">L\u00e4nk till facebook<\/a><\/p>\n","protected":false},"excerpt":{"rendered":"<p>&nbsp; V\u00e4lkommen till den f\u00f6rsta studiedagen under 2020-\u00e5rs serie Folkbildning med Fram\u00e5t kamrater! V\u00e5r f\u00f6rhoppning \u00e4r att arrangera ett antal under \u00e5ren och h\u00e4r nedan \u00e4r presentationen av v\u00e5r f\u00f6rsta: TEKNOLOGI OCH FRAMTID Den 19\/1 i Viktoriasalen fr\u00e5n klockan 13 till senast 17. I samarbete med Syndikalistiskt Forum Vi bjuder p\u00e5 lunch! Ingen f\u00f6ranm\u00e4lan. PROGRAM: [&#8230;]<\/p>\n<p><a class=\"btn btn-secondary understrap-read-more-link\" href=\"https:\/\/xn--framtkamrater-sfb.se\/?p=460\">Read More&#8230;<span class=\"screen-reader-text\"> from Folkbildning med Fram\u00e5t kamrater: Teknologi och framtid<\/span><\/a><\/p>\n","protected":false},"author":1,"featured_media":463,"comment_status":"closed","ping_status":"closed","sticky":false,"template":"","format":"standard","meta":{"footnotes":""},"categories":[1],"tags":[],"class_list":["post-460","post","type-post","status-publish","format-standard","has-post-thumbnail","hentry","category-uncategorized"],"_links":{"self":[{"href":"https:\/\/xn--framtkamrater-sfb.se\/index.php?rest_route=\/wp\/v2\/posts\/460","targetHints":{"allow":["GET"]}}],"collection":[{"href":"https:\/\/xn--framtkamrater-sfb.se\/index.php?rest_route=\/wp\/v2\/posts"}],"about":[{"href":"https:\/\/xn--framtkamrater-sfb.se\/index.php?rest_route=\/wp\/v2\/types\/post"}],"author":[{"embeddable":true,"href":"https:\/\/xn--framtkamrater-sfb.se\/index.php?rest_route=\/wp\/v2\/users\/1"}],"replies":[{"embeddable":true,"href":"https:\/\/xn--framtkamrater-sfb.se\/index.php?rest_route=%2Fwp%2Fv2%2Fcomments&post=460"}],"version-history":[{"count":3,"href":"https:\/\/xn--framtkamrater-sfb.se\/index.php?rest_route=\/wp\/v2\/posts\/460\/revisions"}],"predecessor-version":[{"id":465,"href":"https:\/\/xn--framtkamrater-sfb.se\/index.php?rest_route=\/wp\/v2\/posts\/460\/revisions\/465"}],"wp:featuredmedia":[{"embeddable":true,"href":"https:\/\/xn--framtkamrater-sfb.se\/index.php?rest_route=\/wp\/v2\/media\/463"}],"wp:attachment":[{"href":"https:\/\/xn--framtkamrater-sfb.se\/index.php?rest_route=%2Fwp%2Fv2%2Fmedia&parent=460"}],"wp:term":[{"taxonomy":"category","embeddable":true,"href":"https:\/\/xn--framtkamrater-sfb.se\/index.php?rest_route=%2Fwp%2Fv2%2Fcategories&post=460"},{"taxonomy":"post_tag","embeddable":true,"href":"https:\/\/xn--framtkamrater-sfb.se\/index.php?rest_route=%2Fwp%2Fv2%2Ftags&post=460"}],"curies":[{"name":"wp","href":"https:\/\/api.w.org\/{rel}","templated":true}]}}