{"id":484,"date":"2020-03-09T21:17:45","date_gmt":"2020-03-09T21:17:45","guid":{"rendered":"https:\/\/xn--framtkamrater-sfb.se\/?p=484"},"modified":"2020-03-09T21:17:45","modified_gmt":"2020-03-09T21:17:45","slug":"rapport-budapest-8-2","status":"publish","type":"post","link":"https:\/\/xn--framtkamrater-sfb.se\/?p=484","title":{"rendered":"Rapport: Budapest 8\/2"},"content":{"rendered":"\n<p> <\/p>\n\n\n\n<p>Det h\u00e4nder att vi blir tillfr\u00e5gade om att komma n\u00e5gonstans f\u00f6r att backa upp en antifascistisk mobilisering. Inte d\u00e4rf\u00f6r att vi \u00e4r st\u00f6rst eller b\u00e4st n\u00e4r det kommer till antifascistiskt arbete, utan d\u00e4rf\u00f6r att vi kan. Vi har under \u00e5ren, b\u00e5de innan och efter att vi bildats som formell organisation, varit tvugna att skaffa oss en del erfarenhet i fr\u00e5gan. Dessutom har vi en storlek och struktur som till\u00e5ter att vi skickar delegater, och f\u00f6rs\u00f6ker alltid g\u00f6ra det n\u00e4r vi blir ombedda. Oftast \u00e4r det f\u00f6rfr\u00e5gningar fr\u00e5n mindre st\u00e4der i G\u00f6teborgs n\u00e4rhet, men ibland dyker fr\u00e5gan upp genom n\u00e5got av de internationella n\u00e4tverk vi \u00e4r medlemmar i eller arbetar n\u00e4ra. S\u00e5 var fallet med Budapest i Ungern den 8\/2.&nbsp;<\/p>\n\n\n\n<p>\n\t&#8220;Day of Honour&#8221; \u00e4r en h\u00f6gtidsdag, officiellt f\u00f6rbjuden\n\tmen mer eller mindre underst\u00f6dd av den h\u00f6gerextrema regeringen,\n\ttill minne av ett utbrytningsf\u00f6rs\u00f6k 1945. Budapest var bel\u00e4grat\n\tav sovjetiska trupper och 45.000 tysk-ungerska soldater f\u00f6rs\u00f6kte,\n\tmot Hitlers order, att bryta sig ut&nbsp;ur&nbsp;staden. Bara 700\n\tlyckades ta sig till tyska gr\u00e4nsen, men Ungerska nazister f\u00f6rs\u00f6ker\n\tskriva om historien som ett \u00e4rofyllt och framg\u00e5ngsrikt r\u00e4ddande\n\tav Budapest befolkning. Day of Honour best\u00e5r av tv\u00e5 samlingar, en\n\tren nazistisk ceremoni i centrala Budapest och en 60km marsch (samma\n\tsom tyskarna flydde 1945) vilken samlar tusentals vandrare fr\u00e5n\n\thela det politiska h\u00f6gerspektrat.&nbsp;<\/p>\n\n\n\n<p><\/p>\n\n\n\n<p> Den f\u00f6rstn\u00e4mnda ceremonin m\u00f6ts med en antifascistisk protest, f\u00f6rra \u00e5ret bara hundra personer stark. I \u00e5r har v\u00e5ra kamrater i <a href=\"https:\/\/www.facebook.com\/autonomiahun\">Autonom\u00eda Budapest<\/a> arbetat h\u00e5rt med att mobilisera \u00e4ven utanf\u00f6r den lilla v\u00e4nsterpolitiska milj\u00f6n, och lyckades \u00e4ven f\u00e5 ett st\u00f6rre medialt genomslag. P\u00e5 plats samlade vi omkring 300 antifascister, och en liten bit bort samlade romska grupper och liberala partier ungef\u00e4r 200. Protesterna slogs ihop (under jubel) och med v\u00e5ra 500 personer var vi samma antal som nazisterna en bit d\u00e4rifr\u00e5n. Arrang\u00f6rerna betraktar dagen som en succ\u00e9 och hoppas kunna bygga n\u00e5gonting st\u00f6rre och h\u00e5llbarare inf\u00f6r kommande \u00e5r.\u00a0Vi var givetvis aldrig i n\u00e4rheten av att kunna st\u00f6ra eller f\u00f6rhindra ceremonin, men dagarna var ett litet steg i r\u00e4tt riktning.\u00a0<\/p>\n\n\n\n<figure class=\"wp-block-image size-large\"><img loading=\"lazy\" decoding=\"async\" width=\"480\" height=\"360\" src=\"https:\/\/fram\u00e5tkamrater.se\/wp-content\/uploads\/2020\/03\/2.jpg\" alt=\"\" class=\"wp-image-507\" srcset=\"https:\/\/fram\u00e5tkamrater.se\/wp-content\/uploads\/2020\/03\/2.jpg 480w, https:\/\/fram\u00e5tkamrater.se\/wp-content\/uploads\/2020\/03\/2-300x225.jpg 300w\" sizes=\"auto, (max-width: 480px) 100vw, 480px\" \/><\/figure>\n\n\n\n<p>\n\tVad som var mest bekymmersamt f\u00f6r oss var hur fritt nazister kan\n\tr\u00f6ra sig i Budapest under denna deras h\u00f6gtidshelg. De och vi var\n\tberoende av samma kollektivtrafik f\u00f6r att n\u00e5 samlingsplatserna,\n\toch helt or\u00e4dda kom och l\u00e4mnade de ceremonin i mindre g\u00e4ng,\n\tikl\u00e4dda merchendise fr\u00e5n k\u00e4nda h\u00f6gerextrema organisationer eller\n\tutkl\u00e4dda till fyrtiotalets SS-soldater. Man uppmanas g\u00f6mma\n\tpolitiska flaggor, HBTQ-symboler eller andra tydliga\n\tidentitetsmark\u00f6rer n\u00e4r man r\u00f6r sig i Budapest &#8211; en situation helt\n\tmotsatt den vi \u00e4r vana vid i Sverige, d\u00e4r det ist\u00e4llet \u00e4r\n\tnazister som m\u00e5ste komma och l\u00e4mna samlade och under polisi\u00e4rt\n\tbeskydd.&nbsp;&nbsp;<\/p>\n\n\n\n<p>Fr\u00e5n Budapest tar vi med oss ungerska antifascisters mod, nya kontakter i centraleuropa och en stolthet \u00f6ver att vara en del av en internationell r\u00f6relse mot fascism, fr\u00e5n segern 1945 till Kung\u00e4lv 2019. S\u00e5 l\u00e4nge den h\u00e4r typen av r\u00f6relser existerar och mobiliserar s\u00e5 t\u00e4nker vi g\u00f6ra detsamma. Fram\u00e5t!&nbsp;<\/p>\n\n\n\n<figure class=\"wp-block-image size-large\"><img loading=\"lazy\" decoding=\"async\" width=\"360\" height=\"480\" src=\"https:\/\/fram\u00e5tkamrater.se\/wp-content\/uploads\/2020\/03\/3.jpg\" alt=\"\" class=\"wp-image-512\" srcset=\"https:\/\/fram\u00e5tkamrater.se\/wp-content\/uploads\/2020\/03\/3.jpg 360w, https:\/\/fram\u00e5tkamrater.se\/wp-content\/uploads\/2020\/03\/3-225x300.jpg 225w\" sizes=\"auto, (max-width: 360px) 100vw, 360px\" \/><\/figure>\n","protected":false},"excerpt":{"rendered":"<p>Det h\u00e4nder att vi blir tillfr\u00e5gade om att komma n\u00e5gonstans f\u00f6r att backa upp en antifascistisk mobilisering. Inte d\u00e4rf\u00f6r att vi \u00e4r st\u00f6rst eller b\u00e4st n\u00e4r det kommer till antifascistiskt arbete, utan d\u00e4rf\u00f6r att vi kan. Vi har under \u00e5ren, b\u00e5de innan och efter att vi bildats som formell organisation, varit tvugna att skaffa oss [&#8230;]<\/p>\n<p><a class=\"btn btn-secondary understrap-read-more-link\" href=\"https:\/\/xn--framtkamrater-sfb.se\/?p=484\">Read More&#8230;<span class=\"screen-reader-text\"> from Rapport: Budapest 8\/2<\/span><\/a><\/p>\n","protected":false},"author":1,"featured_media":506,"comment_status":"closed","ping_status":"closed","sticky":false,"template":"","format":"standard","meta":{"footnotes":""},"categories":[1],"tags":[],"class_list":["post-484","post","type-post","status-publish","format-standard","has-post-thumbnail","hentry","category-uncategorized"],"_links":{"self":[{"href":"https:\/\/xn--framtkamrater-sfb.se\/index.php?rest_route=\/wp\/v2\/posts\/484","targetHints":{"allow":["GET"]}}],"collection":[{"href":"https:\/\/xn--framtkamrater-sfb.se\/index.php?rest_route=\/wp\/v2\/posts"}],"about":[{"href":"https:\/\/xn--framtkamrater-sfb.se\/index.php?rest_route=\/wp\/v2\/types\/post"}],"author":[{"embeddable":true,"href":"https:\/\/xn--framtkamrater-sfb.se\/index.php?rest_route=\/wp\/v2\/users\/1"}],"replies":[{"embeddable":true,"href":"https:\/\/xn--framtkamrater-sfb.se\/index.php?rest_route=%2Fwp%2Fv2%2Fcomments&post=484"}],"version-history":[{"count":8,"href":"https:\/\/xn--framtkamrater-sfb.se\/index.php?rest_route=\/wp\/v2\/posts\/484\/revisions"}],"predecessor-version":[{"id":515,"href":"https:\/\/xn--framtkamrater-sfb.se\/index.php?rest_route=\/wp\/v2\/posts\/484\/revisions\/515"}],"wp:featuredmedia":[{"embeddable":true,"href":"https:\/\/xn--framtkamrater-sfb.se\/index.php?rest_route=\/wp\/v2\/media\/506"}],"wp:attachment":[{"href":"https:\/\/xn--framtkamrater-sfb.se\/index.php?rest_route=%2Fwp%2Fv2%2Fmedia&parent=484"}],"wp:term":[{"taxonomy":"category","embeddable":true,"href":"https:\/\/xn--framtkamrater-sfb.se\/index.php?rest_route=%2Fwp%2Fv2%2Fcategories&post=484"},{"taxonomy":"post_tag","embeddable":true,"href":"https:\/\/xn--framtkamrater-sfb.se\/index.php?rest_route=%2Fwp%2Fv2%2Ftags&post=484"}],"curies":[{"name":"wp","href":"https:\/\/api.w.org\/{rel}","templated":true}]}}