{"id":490,"date":"2020-03-03T12:05:38","date_gmt":"2020-03-03T12:05:38","guid":{"rendered":"https:\/\/xn--framtkamrater-sfb.se\/?p=490"},"modified":"2020-03-03T12:33:02","modified_gmt":"2020-03-03T12:33:02","slug":"aret-2019-med-framat-kamrater","status":"publish","type":"post","link":"https:\/\/xn--framtkamrater-sfb.se\/?p=490","title":{"rendered":"\u00c5ret 2019 med Fram\u00e5t Kamrater"},"content":{"rendered":"\n<p>\u00c4nnu ett \u00e5r har g\u00e5tt och Fram\u00e5t kamrater har fortsatt vara en kraft att r\u00e4kna. Vi \u00e4r inte l\u00e4ngre en ny organisation, i skrivande stund har vi funnits i tv\u00e5 \u00e5r och f\u00e5tt k\u00e4nna p\u00e5 hur det k\u00e4nns n\u00e4r nyf\u00f6r\u00e4lskelsen lagt sig och den h\u00e5rda vardagen tagit vid. Trots detta finns vi kvar och vi har utvecklat goda samarbeten med andra organisationer och n\u00e4tverk.<br><br>2019 b\u00f6rjade med dunder och brak f\u00f6r att fira v\u00e5rt ett\u00e5rsjubileum, d\u00e4r vi tillsammans tog oss till Berlin f\u00f6r att h\u00e5lla halv\u00e5rskongress men ocks\u00e5 f\u00f6r att sida vid sida med tusentals andra hedra minnet av Rosa Luxemburg, d\u00e5 det var 100 \u00e5r sedan hon m\u00f6rdades. I rasande takt har \u00e5ret sedan fortsatt &#8211; de d\u00f6da manar oss.&nbsp;<br><br>Vi har \u00e4gnat oss \u00e5t v\u00e5ra pelare: Internstruktur &#8211; Studier &#8211; N\u00e4rvaro p\u00e5 gatan.De fr\u00e5gor som pr\u00e4glat \u00e5ret har varit fortsatt kamp f\u00f6r strejkr\u00e4tten under v\u00e5ren, protester mot invasionen av Rojava under h\u00f6sten och en st\u00e4ndig diskussion f\u00f6r att lyfta fram feministiska perspektiv. Antifascistisk kamp har varit och \u00e4r st\u00e4ndigt aktuell. Detta har ocks\u00e5 2019 verkligen visat prov p\u00e5.&nbsp;<\/p>\n\n\n\n<p><br><strong>Inskr\u00e4nkningen av strejkr\u00e4tten\u00a0<\/strong><br><br>Precis som under 2018 har vi f\u00f6rs\u00f6kt bredda och lyfta fr\u00e5gan om lagf\u00f6rslaget som skulle leda till inskr\u00e4nkningar i strejkr\u00e4tten. Under v\u00e5ren organiserade\u00a0 vi informationskv\u00e4llar, affischeringar och manifestationer med n\u00e4tverket Strike Back. Vi har k\u00e4mpat tillsammans. Genom generationer av kamp vann vi v\u00e5r r\u00e4tt att kollektivt v\u00e4gra arbeta. N\u00e5got som nu \u00e4r mer inskr\u00e4nkt tack vare en allians mellan socialdemokratin med Socialdemokraterna, LO, TCO och Svenskt n\u00e4ringsliv. Trots v\u00e5ra f\u00f6rs\u00f6k till mobilisering r\u00f6stades lagf\u00f6rslaget om inskr\u00e4nkt strejkr\u00e4tt igenom, och vi \u00e5kte p\u00e5 en stor f\u00f6rlust. Detta nederlag blev f\u00f6r oss som organisation en ganska h\u00e5rd sm\u00e4ll, och det skulle vara en l\u00f6gn att s\u00e4ga att luften inte gick ur oss till viss del. Men vi har \u00e5terigen samlat kraft, f\u00f6r nu \u00e4r \u00e4ven LAS hotat, och vi ser hur arbetsr\u00e4tten faller i rasande fart.<\/p>\n\n\n\n<p><br><strong>Feminism<\/strong><br><br>I s\u00e5 m\u00e5nga fr\u00e5gor som m\u00f6jligt har vi f\u00f6rs\u00f6kt att f\u00e5 in ett feministisk perspektiv. F\u00f6r att bredda och g\u00f6ra strejkr\u00e4ttsfr\u00e5gan relevant har vi bland annat h\u00e5llit en transseparatistisk infokv\u00e4ll om strejkr\u00e4tten och haft ett queert finger i Strike Back-manifestationen i Stockholm. Vi har \u00e4ven \u00e4gnat oss \u00e5t folkbildning i form av en studiecirkel under h\u00f6sten. Vi har l\u00e4st och diskuterat feministisk organisering, vad det \u00e4r, hur man&nbsp;g\u00f6r och hur de feministiskta perspektiven m\u00e5ste genomsyra all form av klasskamp. Vi har \u00e4ven riktat oss in\u00e5t f\u00f6r att inte bara titta p\u00e5 v\u00e5ran politiska praktik utan \u00e4ven analyserat v\u00e5ra internstrukturer och testat &#8211; f\u00f6r oss &#8211; nya metoder f\u00f6r m\u00f6ten, skrivande och gemensamt skapande.&nbsp;<\/p>\n\n\n\n<p><br><strong>Antifascism<\/strong><br><br>Fascismen har visat sitt fula ansikte i s\u00e5v\u00e4l G\u00f6teborg som i Kung\u00e4lv och stora delar av v\u00e4rlden. Vi har tillsammans med v\u00e5ra kamrater k\u00e4mpat och mobiliserat mot fascister var de \u00e4n visar sig. Stort polisp\u00e5drag gjorde att nazister kunde g\u00e5 genom Kung\u00e4lv, liberaler manifesterade stillsamt men vi visade att nazister inte \u00e4r v\u00e4lkomna p\u00e5 v\u00e5ra gator. Trots st\u00f6d fr\u00e5n polisen blev NMRs f\u00f6rsta maj en flopp och p\u00e5 kv\u00e4llen kunde vi g\u00e5 i det Syndikalistiska f\u00f6rsta maj-t\u00e5get f\u00f6r att fira \u00e5rets viktigaste dag. Tillsammans med n\u00e4tverket Autonomous Revolutionary Nordic Alliance (ARNA) samordnade vi anti-fascistiska aktiviteter runt om i Norden. Vi har \u00e4ven manifesterat till minne av den syndikalistiskt fackliga aktivisten Bj\u00f6rn S\u00f6derberg, som m\u00f6rdades av nazister f\u00f6r 20 \u00e5r sedan. Vi har mobiliserat och \u00e5kt till Finland f\u00f6r att st\u00f6tta v\u00e5ra kamrater som anordnar motdemonstrationer mot en \u00e5rlig fascistisk demonstration p\u00e5 Finlands sj\u00e4lvst\u00e4ndighetsdag. P\u00e5 grund av detta arbete och en \u00f6kad synlighet har repressionen slagit h\u00e5rt. Men vad \u00e4r en solidarisk organisation som l\u00e5ter sig avskr\u00e4ckas av detta? Inte mer \u00e4n en liten lort. I solidaritet med k\u00e4mpande kamrater har vi inlett 2020 med en rad insamlingsprojekt f\u00f6r att f\u00e5 ihop en st\u00f6dkassa.<\/p>\n\n\n\n<p><br><strong>Internationalism<\/strong><br><br>Medan v\u00e4rlden tittade p\u00e5 k\u00e4mpade YPG\/YPJ mot Daesh(Islamiska staten), vann och kunde p\u00e5b\u00f6rja arbetet med uppbyggandet av ett socialistiskt samh\u00e4lle. Men progressiv kamp \u00e4r inte utan bakslag. Under oktober m\u00e5nad invaderade Turkiska arm\u00e9n Rojava, d\u00e4r de beg\u00e5r folkmord, alltmedan omv\u00e4rlden tittar bort. Vi har tillsammans med kamrater v\u00e4rlden \u00f6ver deltagit i manifestationer, demonstrationer, blockader och kampanjer mot turkiska staten och till st\u00f6ttandet av folket i Rojava.<\/p>\n\n\n\n<p><br><strong>Internstruktur<\/strong><br><br>I skapandet av en l\u00e5ngsiktig och h\u00e5llbar organisation har vi \u00e4gnat mycket tid till v\u00e5ra interna strukturer. Vi tror p\u00e5 att organisera sig tillsammans och att v\u00e5r styrka \u00e4r v\u00e5rt antal, men det finns inga f\u00e4rdiga paket f\u00f6r hur man organiserar sig tillsammans. V\u00e5rt arbete under 2019 har gjort oss redo f\u00f6r att starta st\u00f6rre och mer l\u00e5ngsiktiga projekt \u00e4n de vi \u00e4gnat oss \u00e5t tidigare. Och vi tror att vi \u00e4r en organisation som p\u00e5 ett mer h\u00e5llbart s\u00e4tt \u00e4r har utrymme att v\u00e4xa.<\/p>\n\n\n\n<p><br><strong>Fram\u00e5t kamrater mot 2020<\/strong><br><br>Vi har nu g\u00e5tt in i ett nytt \u00e5rtionde och som resten av v\u00e4rlden har \u00e4ven vi insett att klimathotet \u00e4r en av v\u00e5ra st\u00f6rsta fr\u00e5gor idag. Men fr\u00e5ga har kapats av liberala krafter och vi, med m\u00e5nga andra, vill ta fr\u00e5gan och g\u00f6ra den till vad det egentligen handlar om &#8211; striden mot kapitalismen. <\/p>\n","protected":false},"excerpt":{"rendered":"<p>\u00c4nnu ett \u00e5r har g\u00e5tt och Fram\u00e5t kamrater har fortsatt vara en kraft att r\u00e4kna. Vi \u00e4r inte l\u00e4ngre en ny organisation, i skrivande stund har vi funnits i tv\u00e5 \u00e5r och f\u00e5tt k\u00e4nna p\u00e5 hur det k\u00e4nns n\u00e4r nyf\u00f6r\u00e4lskelsen lagt sig och den h\u00e5rda vardagen tagit vid. Trots detta finns vi kvar och vi [&#8230;]<\/p>\n<p><a class=\"btn btn-secondary understrap-read-more-link\" href=\"https:\/\/xn--framtkamrater-sfb.se\/?p=490\">Read More&#8230;<span class=\"screen-reader-text\"> from \u00c5ret 2019 med Fram\u00e5t Kamrater<\/span><\/a><\/p>\n","protected":false},"author":1,"featured_media":0,"comment_status":"closed","ping_status":"closed","sticky":false,"template":"","format":"standard","meta":{"footnotes":""},"categories":[1],"tags":[],"class_list":["post-490","post","type-post","status-publish","format-standard","hentry","category-uncategorized"],"_links":{"self":[{"href":"https:\/\/xn--framtkamrater-sfb.se\/index.php?rest_route=\/wp\/v2\/posts\/490","targetHints":{"allow":["GET"]}}],"collection":[{"href":"https:\/\/xn--framtkamrater-sfb.se\/index.php?rest_route=\/wp\/v2\/posts"}],"about":[{"href":"https:\/\/xn--framtkamrater-sfb.se\/index.php?rest_route=\/wp\/v2\/types\/post"}],"author":[{"embeddable":true,"href":"https:\/\/xn--framtkamrater-sfb.se\/index.php?rest_route=\/wp\/v2\/users\/1"}],"replies":[{"embeddable":true,"href":"https:\/\/xn--framtkamrater-sfb.se\/index.php?rest_route=%2Fwp%2Fv2%2Fcomments&post=490"}],"version-history":[{"count":4,"href":"https:\/\/xn--framtkamrater-sfb.se\/index.php?rest_route=\/wp\/v2\/posts\/490\/revisions"}],"predecessor-version":[{"id":494,"href":"https:\/\/xn--framtkamrater-sfb.se\/index.php?rest_route=\/wp\/v2\/posts\/490\/revisions\/494"}],"wp:attachment":[{"href":"https:\/\/xn--framtkamrater-sfb.se\/index.php?rest_route=%2Fwp%2Fv2%2Fmedia&parent=490"}],"wp:term":[{"taxonomy":"category","embeddable":true,"href":"https:\/\/xn--framtkamrater-sfb.se\/index.php?rest_route=%2Fwp%2Fv2%2Fcategories&post=490"},{"taxonomy":"post_tag","embeddable":true,"href":"https:\/\/xn--framtkamrater-sfb.se\/index.php?rest_route=%2Fwp%2Fv2%2Ftags&post=490"}],"curies":[{"name":"wp","href":"https:\/\/api.w.org\/{rel}","templated":true}]}}