{"id":517,"date":"2020-03-14T13:58:47","date_gmt":"2020-03-14T13:58:47","guid":{"rendered":"https:\/\/xn--framtkamrater-sfb.se\/?p=517"},"modified":"2021-01-10T15:23:42","modified_gmt":"2021-01-10T15:23:42","slug":"rapport-ta-natten-tillbaka-8-mars-2020","status":"publish","type":"post","link":"https:\/\/xn--framtkamrater-sfb.se\/?p=517","title":{"rendered":"Rapport: Ta Natten Tillbaka &#038; 8. mars 2020"},"content":{"rendered":"\n<p><\/p>\n\n\n\n<figure class=\"wp-block-image size-large is-resized\"><img decoding=\"async\" src=\"https:\/\/fram\u00e5tkamrater.se\/wp-content\/uploads\/2020\/03\/Screenshot-2020-03-14-at-14.36.46.png\" alt=\"\" class=\"wp-image-518\" width=\"586\" srcset=\"https:\/\/fram\u00e5tkamrater.se\/wp-content\/uploads\/2020\/03\/Screenshot-2020-03-14-at-14.36.46.png 1024w, https:\/\/fram\u00e5tkamrater.se\/wp-content\/uploads\/2020\/03\/Screenshot-2020-03-14-at-14.36.46-300x211.png 300w, https:\/\/fram\u00e5tkamrater.se\/wp-content\/uploads\/2020\/03\/Screenshot-2020-03-14-at-14.36.46-768x541.png 768w\" sizes=\"(max-width: 1024px) 100vw, 1024px\" \/><figcaption>Foto: N\u00e4tverket Ta Natten Tillbaka<\/figcaption><\/figure>\n\n\n\n<p>I dag vilar vi efter \u00e5rets h\u00e4ftigaste kv\u00e4ll, och v\u00e5rdar den styrka vi tillsammans skapade d\u00e5 vi deltog p\u00e5 Ta Natten Tillbaka! Den trans- och kvinnoseperatistiska demonstrationen Ta Natten Tillbaka, organiserat av ett seperatistisk n\u00e4tverk med samma namn, gick l\u00f6rdag 7. mars fr\u00e5n Masthuggstorget till G\u00f6taplatsen under parollen &#8220;Nej till all sexuell exploatering&#8221;. Demonstrationen \u00e4r en direkt aktion d\u00e4r vi tillsammans g\u00f6r gatan v\u00e5r f\u00f6r en kv\u00e4ll, f\u00f6r att vi ska k\u00e4nna v\u00e5r styrka och vad frihet kan inneb\u00e4ra. Gemenskap och direkt aktion \u00e4r fullst\u00e4ndigt n\u00f6dv\u00e4ndigt f\u00f6r att vi ska bygga en v\u00e4nsterr\u00f6relse, och i slut\u00e4ndan ett helt nytt samh\u00e4lle fritt fr\u00e5n exploatering. D\u00e4rf\u00f6r k\u00e4nner flera av oss att denna kv\u00e4llen kan kallas \u00e5rets h\u00e4ftigaste kv\u00e4ll!<\/p>\n\n\n\n<p>&#8220;Kvinnohatets resultat &#8211; \u00e4r en j\u00e4vla v\u00e5ldt\u00e4ktsstat!&#8221;<\/p>\n\n\n\n<p>&#8220;Vi tar v\u00e5r stad i kv\u00e4ll!&#8221;<\/p>\n\n\n\n<p>&#8220;AK4 AK5, v\u00e5ldt\u00e4ktsm\u00e4n kan h\u00e4lsa hem!&#8221;<\/p>\n\n\n\n<p>&#8220;Torskarna i bilarna och bilarna i brand!&#8221;<\/p>\n\n\n\n<p>Vi ropade slagord. Vi sj\u00f6ng med G\u00f6teborgs Feministiska K\u00f6r. Dansade till Riotsambas trummor. Utf\u00f6rde en svensk version av flashmoben &#8220;Un violador en tu camino&#8221;. Vi h\u00f6ll cism\u00e4n utanf\u00f6r. Vi fyllde gatorna med v\u00e5r kraft. Vi lyfte n\u00e4ven i v\u00e4dret efter aktivisten fr\u00e5n Inte Din Horas tal. Vi m\u00f6tte motst\u00e5nd, och k\u00e4mpade ner det. Vi m\u00f6tte varandra, och lyfte upp varandra. I n\u00e4stan tre timmar en l\u00f6rdag kv\u00e4ll tog vi natten tillbaka!!&nbsp;<\/p>\n\n\n\n<figure class=\"wp-block-image size-large is-resized is-style-default\"><img loading=\"lazy\" decoding=\"async\" src=\"https:\/\/fram\u00e5tkamrater.se\/wp-content\/uploads\/2020\/03\/Screenshot-2020-03-14-at-14.36.59.png\" alt=\"Foto: N\u00e4tverket Ta Natten Tillbaka\" class=\"wp-image-519\" width=\"571\" height=\"336\" srcset=\"https:\/\/fram\u00e5tkamrater.se\/wp-content\/uploads\/2020\/03\/Screenshot-2020-03-14-at-14.36.59.png 992w, https:\/\/fram\u00e5tkamrater.se\/wp-content\/uploads\/2020\/03\/Screenshot-2020-03-14-at-14.36.59-300x177.png 300w, https:\/\/fram\u00e5tkamrater.se\/wp-content\/uploads\/2020\/03\/Screenshot-2020-03-14-at-14.36.59-768x452.png 768w\" sizes=\"auto, (max-width: 571px) 100vw, 571px\" \/><figcaption>Foto: N\u00e4tverket Ta Natten Tillbaka<\/figcaption><\/figure>\n\n\n\n<p><br>Och p\u00e5 s\u00f6ndag klev vi ur s\u00e4ngarna och ut p\u00e5 gatan, som fylldes med vattenp\u00f6lar under det stundtals kraftiga regnet. Trots v\u00e4dret var vi m\u00e5nga som sl\u00f6t upp i B\u00e4ltessp\u00e4nnarparken och t\u00e5gade tillsammans till J\u00e4rntorget. Talarna belyste fr\u00e5gan om sexuell exploatering fr\u00e5n olika h\u00e5ll, fr\u00e5n otrygghet p\u00e5 jobbet till solidariteten i n\u00e4tverket #intedinhora.<\/p>\n\n\n\n<p><br>Det \u00e4r med varma k\u00e4nslor vi i Fram\u00e5t kamrater t\u00e4nker tillbaka p\u00e5 samarbetet vi har med olika v\u00e4nstergrupper i G\u00f6teborg inf\u00f6r 8 mars-helgens olika aktiviteter. Vi enas i att vilja omvandla G\u00f6teborg den h\u00e4r helgen, och vi k\u00e4mpar f\u00f6r att g\u00f6ra verklighet av planerna p\u00e5 ett s\u00e5 demokratiskt och feministiskt s\u00e4tt som m\u00f6jligt, \u00e4ven n\u00e4r det blir stressigt. Det ska vi vara stolta \u00f6ver. N\u00e4sta \u00e5r g\u00f6r vi n\u00e5got \u00e4nnu mer storslaget!<br>Vill du som l\u00e4ser det h\u00e4r engagera dig i feministiskt arbete, \u00e5ret runt? Organisera dig med oss!<\/p>\n\n\n\n<p><\/p>\n","protected":false},"excerpt":{"rendered":"<p>I dag vilar vi efter \u00e5rets h\u00e4ftigaste kv\u00e4ll, och v\u00e5rdar den styrka vi tillsammans skapade d\u00e5 vi deltog p\u00e5 Ta Natten Tillbaka! Den trans- och kvinnoseperatistiska demonstrationen Ta Natten Tillbaka, organiserat av ett seperatistisk n\u00e4tverk med samma namn, gick l\u00f6rdag 7. mars fr\u00e5n Masthuggstorget till G\u00f6taplatsen under parollen &#8220;Nej till all sexuell exploatering&#8221;. Demonstrationen \u00e4r [&#8230;]<\/p>\n<p><a class=\"btn btn-secondary understrap-read-more-link\" href=\"https:\/\/xn--framtkamrater-sfb.se\/?p=517\">Read More&#8230;<span class=\"screen-reader-text\"> from Rapport: Ta Natten Tillbaka &#038; 8. mars 2020<\/span><\/a><\/p>\n","protected":false},"author":1,"featured_media":530,"comment_status":"closed","ping_status":"closed","sticky":false,"template":"","format":"standard","meta":{"footnotes":""},"categories":[1],"tags":[],"class_list":["post-517","post","type-post","status-publish","format-standard","has-post-thumbnail","hentry","category-uncategorized"],"_links":{"self":[{"href":"https:\/\/xn--framtkamrater-sfb.se\/index.php?rest_route=\/wp\/v2\/posts\/517","targetHints":{"allow":["GET"]}}],"collection":[{"href":"https:\/\/xn--framtkamrater-sfb.se\/index.php?rest_route=\/wp\/v2\/posts"}],"about":[{"href":"https:\/\/xn--framtkamrater-sfb.se\/index.php?rest_route=\/wp\/v2\/types\/post"}],"author":[{"embeddable":true,"href":"https:\/\/xn--framtkamrater-sfb.se\/index.php?rest_route=\/wp\/v2\/users\/1"}],"replies":[{"embeddable":true,"href":"https:\/\/xn--framtkamrater-sfb.se\/index.php?rest_route=%2Fwp%2Fv2%2Fcomments&post=517"}],"version-history":[{"count":10,"href":"https:\/\/xn--framtkamrater-sfb.se\/index.php?rest_route=\/wp\/v2\/posts\/517\/revisions"}],"predecessor-version":[{"id":531,"href":"https:\/\/xn--framtkamrater-sfb.se\/index.php?rest_route=\/wp\/v2\/posts\/517\/revisions\/531"}],"wp:featuredmedia":[{"embeddable":true,"href":"https:\/\/xn--framtkamrater-sfb.se\/index.php?rest_route=\/wp\/v2\/media\/530"}],"wp:attachment":[{"href":"https:\/\/xn--framtkamrater-sfb.se\/index.php?rest_route=%2Fwp%2Fv2%2Fmedia&parent=517"}],"wp:term":[{"taxonomy":"category","embeddable":true,"href":"https:\/\/xn--framtkamrater-sfb.se\/index.php?rest_route=%2Fwp%2Fv2%2Fcategories&post=517"},{"taxonomy":"post_tag","embeddable":true,"href":"https:\/\/xn--framtkamrater-sfb.se\/index.php?rest_route=%2Fwp%2Fv2%2Ftags&post=517"}],"curies":[{"name":"wp","href":"https:\/\/api.w.org\/{rel}","templated":true}]}}