{"id":533,"date":"2020-05-01T17:38:21","date_gmt":"2020-05-01T17:38:21","guid":{"rendered":"https:\/\/xn--framtkamrater-sfb.se\/?p=533"},"modified":"2020-05-01T21:19:16","modified_gmt":"2020-05-01T21:19:16","slug":"rapport-forsta-maj-pa-gator-och-torg","status":"publish","type":"post","link":"https:\/\/xn--framtkamrater-sfb.se\/?p=533","title":{"rendered":"Rapport: F\u00f6rsta maj p\u00e5 gator och torg"},"content":{"rendered":"\n<p><br>R\u00f6da och svarta fanor vajar i stadens offentliga flaggst\u00e4nger, och vi tog till gator och torg p\u00e5 arbetarr\u00f6relsens internationella h\u00f6gtidsdag. Ett torgm\u00f6te till arbetsr\u00e4ttens f\u00f6rsvar och en blockad av socialdemokraternas kansli, tv\u00e5 torgm\u00f6ten f\u00f6r internationell solidaritet, ett f\u00f6r fri kollektivtrafik och en avslutande propagandaresa med v\u00e4sttrafik. Vill du f\u00f6lja med n\u00e4sta g\u00e5ng? Klicka p\u00e5 <strong>kontakta oss! <\/strong><\/p>\n\n\n\n<p><strong>Till arbetsr\u00e4ttens f\u00f6rsvar<\/strong><\/p>\n\n\n\n<p>\nVi befinner oss i en oviss storm. Stormen \u00e4r viruset och det ovissa\nligger inte bara i sj\u00e4lva sjukdomsf\u00f6rloppet, hur m\u00e5nga som kommer\natt drabbas och hur vi kan mildra&nbsp;den&nbsp;smittspridningen. I\nstormens sp\u00e5r har redan flera tusen m\u00e4nniskor blivit varslade och\nde med otryggast anst\u00e4llningar har helt enkelt blivit av med sina\ninbokade arbetspass. Vi vet inte hur m\u00e5nga fler som kommer f\u00f6rlora\nsina jobb, hur deras liv och m\u00f6jligheter att f\u00f6rs\u00f6rja sig kommer\np\u00e5verkas. Klart \u00e4r att det i Sverige idag inte verkar s\u00e4rskilt\nsv\u00e5rt att sparka m\u00e4nniskor, om n\u00e5gon nu trodde det.<\/p>\n\n\n\n<p>Januari\u00f6verenskommelsen\nligger till grund f\u00f6r en utredning om f\u00f6r\u00e4ndringar i LAS \u2013 Lagen\nom Anst\u00e4llningsskydd &#8211; och ber\u00e4knas vara klar sista maj.&nbsp;<\/p>\n\n\n\n<p>Utredningen \u00e4r en\nlogisk forts\u00e4ttning p\u00e5 inskr\u00e4nkningen av konfliktr\u00e4tten, som\ngenomf\u00f6rdes trots v\u00e5ra kraftfulla protester f\u00f6rra \u00e5ret. Partierna\nsom ing\u00e5r i \u00f6verenskommelsen pressar \u00e4ven in LO i f\u00e5llan, och\nvill nu&nbsp; bl.a. ge arbetsk\u00f6pare \u00f6kade m\u00f6jligheter att kring\u00e5\nturordningsreglerna och g\u00f6ra upps\u00e4gningar billigare, s\u00e4rskilt f\u00f6r\nmindre f\u00f6retag. Hur p\u00e5verkas vi av allt detta? Om du tex s\u00e4gs upp\nn\u00e4r du p\u00e5talar sexuella trakasserier, s\u00e5 f\u00e5r dina arbetskamrater\ninte l\u00e4ngre ta till konflikt\u00e5tg\u00e4rder i solidaritet med dig. Vi vet\natt s\u00e5na metoder har fungerat f\u00f6rr &#8211; det g\u00e5r att tvinga\narbetsledningen att backa, att ta tillbaka sin upps\u00e4gning, genom\nstrids\u00e5tg\u00e4rder. Men utan konfliktr\u00e4tten har vi inte l\u00e4ngre lagen\np\u00e5 v\u00e5r sida n\u00e4r vi g\u00f6r s\u00e5. F\u00f6r\u00e4ndringarna inneb\u00e4r ocks\u00e5 att\nf\u00f6retag kommer ha laglig r\u00e4tt att s\u00e4ga upp anst\u00e4llda utan saklig\ngrund. D\u00e5 har vi inget att komma med i arbetsdomstol, inga bevis att\nl\u00e4gga fram f\u00f6r att upps\u00e4gningen \u00e4r ett resultat av\ndiskriminering. Arbetsk\u00f6paren har r\u00e4tten p\u00e5 sin sida. Vem ska d\u00e5\nv\u00e5ga br\u00e5ka och anm\u00e4la \u2013 med andra ord k\u00e4mpa fackligt?<\/p>\n\n\n\n<p>Det \u00e4r enkelt att\nse vilken av arbetsmarknadens parter som januaripartierna h\u00e5ller om\nryggen: De s\u00e4ger sj\u00e4lva att behovet av \u00f6kad s.k. \u201dflexibilitet\u201d\nf\u00f6r arbetsk\u00f6parna kommer vara \u00e4nnu viktigare efter krisen.&nbsp;\nMed andra ord: de vill g\u00f6ra det l\u00e4ttare f\u00f6r arbetsk\u00f6pare att\nm\u00f6blera om bland sina anst\u00e4llda och kasta ut de som de inte l\u00e4ngre\ntycker sig ha anv\u00e4ndning av eller som de uppfattar som besv\u00e4rliga.<\/p>\n\n\n\n<p>De enda som tj\u00e4nar\np\u00e5 en s\u00e5n flexibilitet \u00e4r arbetsk\u00f6parna, de som profiterar p\u00e5\nv\u00e5rt arbete \u2013 ett arbete vi utf\u00f6r under alltj\u00e4mt otrygga\nf\u00f6rh\u00e5llanden.<\/p>\n\n\n\n<p>De med\ntidsbegr\u00e4nsade anst\u00e4llningar&nbsp; i Sverige uppg\u00e5r idag till\nflera hundra tusen och de senaste \u00e5ren har olika former av\ntidsbegr\u00e4nsade anst\u00e4llningar blivit allt vanligare. Detsamma g\u00e4ller\nden s.k. gig-ekonomin; en form av modernt dagl\u00f6neri. Den delen av\narbetsmarknaden framst\u00e4lls ofta av arbetsk\u00f6pare och politiker som\nn\u00e5gonting efterstr\u00e4vansv\u00e4rt just f\u00f6r sin flexibilitet. Vi\nbetackar oss f\u00f6r nyorden och kallar detta f\u00f6r dess r\u00e4tta namn: ett\nutnyttjande av m\u00e4nniskors desperata behov av f\u00f6rs\u00f6rjning.<\/p>\n\n\n\n<p>Stormen \u00e4r sedan l\u00e4nge h\u00e4r och v\u00e5ra anst\u00e4llningsavtal viner i vinden. Vill vi ha trygga anst\u00e4llningar och grundl\u00e4ggandde f\u00f6ruts\u00e4ttningar f\u00f6r facklig organisering \u00e4ven efter krisen? JA, det vill vi! Men tro inte att januaripartierna, LO och n\u00e4ringslivet \u00e4r de som kommer ge oss det. Det blir allt tydligare att attackerna mot v\u00e5ra h\u00e5rt f\u00f6rv\u00e4rvade arbetsvillkor och r\u00e4ttigheter inte tar paus under krisen. D\u00e4rf\u00f6r \u00e4r det nu h\u00f6g tid att g\u00e5 samman och organisera oss f\u00f6r fortsatt kamp!<\/p>\n\n\n\n<figure class=\"wp-block-image size-large\"><img loading=\"lazy\" decoding=\"async\" width=\"1024\" height=\"654\" src=\"https:\/\/fram\u00e5tkamrater.se\/wp-content\/uploads\/2020\/05\/LAS1-1024x654.jpg\" alt=\"\" class=\"wp-image-541\" srcset=\"https:\/\/fram\u00e5tkamrater.se\/wp-content\/uploads\/2020\/05\/LAS1-1024x654.jpg 1024w, https:\/\/fram\u00e5tkamrater.se\/wp-content\/uploads\/2020\/05\/LAS1-300x192.jpg 300w, https:\/\/fram\u00e5tkamrater.se\/wp-content\/uploads\/2020\/05\/LAS1-768x490.jpg 768w, https:\/\/fram\u00e5tkamrater.se\/wp-content\/uploads\/2020\/05\/LAS1.jpg 1430w\" sizes=\"auto, (max-width: 1024px) 100vw, 1024px\" \/><figcaption> Rosor i klassf\u00f6rr\u00e4deriets f\u00e4rg <\/figcaption><\/figure>\n\n\n\n<figure class=\"wp-block-image size-large\"><img loading=\"lazy\" decoding=\"async\" width=\"1024\" height=\"743\" src=\"https:\/\/fram\u00e5tkamrater.se\/wp-content\/uploads\/2020\/05\/LAS2-1024x743.jpg\" alt=\"\" class=\"wp-image-539\" srcset=\"https:\/\/fram\u00e5tkamrater.se\/wp-content\/uploads\/2020\/05\/LAS2-1024x743.jpg 1024w, https:\/\/fram\u00e5tkamrater.se\/wp-content\/uploads\/2020\/05\/LAS2-300x218.jpg 300w, https:\/\/fram\u00e5tkamrater.se\/wp-content\/uploads\/2020\/05\/LAS2-768x557.jpg 768w, https:\/\/fram\u00e5tkamrater.se\/wp-content\/uploads\/2020\/05\/LAS2.jpg 1410w\" sizes=\"auto, (max-width: 1024px) 100vw, 1024px\" \/><figcaption>Blockad av Socialdemokraternas kansli p\u00e5 j\u00e4rntorget<\/figcaption><\/figure>\n\n\n\n<p><strong>Internationell solidaritet<\/strong><br><\/p>\n\n\n\n<p>Under dagen h\u00f6ll vi tv\u00e5 torgm\u00f6ten tillsammans med <a href=\"https:\/\/www.facebook.com\/pg\/rojavakommitteerna\">Rojavakommitt\u00e9erna<\/a>, <a href=\"https:\/\/www.facebook.com\/samidoungbg\/\">Samidoun<\/a>, andra v\u00e4nstergrupper samt kurdiska, turkiska och palestinska grupper i G\u00f6teborg. <\/p>\n\n\n\n<figure class=\"wp-block-gallery columns-3 is-cropped wp-block-gallery-1 is-layout-flex wp-block-gallery-is-layout-flex\"><ul class=\"blocks-gallery-grid\"><li class=\"blocks-gallery-item\"><figure><img loading=\"lazy\" decoding=\"async\" width=\"1024\" height=\"552\" src=\"https:\/\/fram\u00e5tkamrater.se\/wp-content\/uploads\/2020\/05\/brunnsparken1-1024x552.jpg\" alt=\"\" data-id=\"549\" data-full-url=\"https:\/\/fram\u00e5tkamrater.se\/wp-content\/uploads\/2020\/05\/brunnsparken1.jpg\" data-link=\"https:\/\/xn--framtkamrater-sfb.se\/?attachment_id=549\" class=\"wp-image-549\" srcset=\"https:\/\/fram\u00e5tkamrater.se\/wp-content\/uploads\/2020\/05\/brunnsparken1-1024x552.jpg 1024w, https:\/\/fram\u00e5tkamrater.se\/wp-content\/uploads\/2020\/05\/brunnsparken1-300x162.jpg 300w, https:\/\/fram\u00e5tkamrater.se\/wp-content\/uploads\/2020\/05\/brunnsparken1-768x414.jpg 768w, https:\/\/fram\u00e5tkamrater.se\/wp-content\/uploads\/2020\/05\/brunnsparken1-1536x828.jpg 1536w, https:\/\/fram\u00e5tkamrater.se\/wp-content\/uploads\/2020\/05\/brunnsparken1.jpg 1629w\" sizes=\"auto, (max-width: 1024px) 100vw, 1024px\" \/><\/figure><\/li><li class=\"blocks-gallery-item\"><figure><img loading=\"lazy\" decoding=\"async\" width=\"1024\" height=\"563\" src=\"https:\/\/fram\u00e5tkamrater.se\/wp-content\/uploads\/2020\/05\/brunnsparken2-1024x563.jpg\" alt=\"\" data-id=\"550\" data-full-url=\"https:\/\/fram\u00e5tkamrater.se\/wp-content\/uploads\/2020\/05\/brunnsparken2.jpg\" data-link=\"https:\/\/xn--framtkamrater-sfb.se\/?attachment_id=550\" class=\"wp-image-550\" srcset=\"https:\/\/fram\u00e5tkamrater.se\/wp-content\/uploads\/2020\/05\/brunnsparken2-1024x563.jpg 1024w, https:\/\/fram\u00e5tkamrater.se\/wp-content\/uploads\/2020\/05\/brunnsparken2-300x165.jpg 300w, https:\/\/fram\u00e5tkamrater.se\/wp-content\/uploads\/2020\/05\/brunnsparken2-768x422.jpg 768w, https:\/\/fram\u00e5tkamrater.se\/wp-content\/uploads\/2020\/05\/brunnsparken2.jpg 1498w\" sizes=\"auto, (max-width: 1024px) 100vw, 1024px\" \/><\/figure><\/li><li class=\"blocks-gallery-item\"><figure><img loading=\"lazy\" decoding=\"async\" width=\"1024\" height=\"557\" src=\"https:\/\/fram\u00e5tkamrater.se\/wp-content\/uploads\/2020\/05\/j\u00e4rntorget2-1024x557.jpg\" alt=\"\" data-id=\"552\" data-full-url=\"https:\/\/fram\u00e5tkamrater.se\/wp-content\/uploads\/2020\/05\/j\u00e4rntorget2.jpg\" data-link=\"https:\/\/xn--framtkamrater-sfb.se\/?attachment_id=552\" class=\"wp-image-552\" srcset=\"https:\/\/fram\u00e5tkamrater.se\/wp-content\/uploads\/2020\/05\/j\u00e4rntorget2-1024x557.jpg 1024w, https:\/\/fram\u00e5tkamrater.se\/wp-content\/uploads\/2020\/05\/j\u00e4rntorget2-300x163.jpg 300w, https:\/\/fram\u00e5tkamrater.se\/wp-content\/uploads\/2020\/05\/j\u00e4rntorget2-768x418.jpg 768w, https:\/\/fram\u00e5tkamrater.se\/wp-content\/uploads\/2020\/05\/j\u00e4rntorget2-1536x835.jpg 1536w, https:\/\/fram\u00e5tkamrater.se\/wp-content\/uploads\/2020\/05\/j\u00e4rntorget2.jpg 1620w\" sizes=\"auto, (max-width: 1024px) 100vw, 1024px\" \/><\/figure><\/li><li class=\"blocks-gallery-item\"><figure><img loading=\"lazy\" decoding=\"async\" width=\"1024\" height=\"592\" src=\"https:\/\/fram\u00e5tkamrater.se\/wp-content\/uploads\/2020\/05\/j\u00e4rntorget1-1024x592.jpg\" alt=\"\" data-id=\"551\" data-full-url=\"https:\/\/fram\u00e5tkamrater.se\/wp-content\/uploads\/2020\/05\/j\u00e4rntorget1.jpg\" data-link=\"https:\/\/xn--framtkamrater-sfb.se\/?attachment_id=551\" class=\"wp-image-551\" srcset=\"https:\/\/fram\u00e5tkamrater.se\/wp-content\/uploads\/2020\/05\/j\u00e4rntorget1-1024x592.jpg 1024w, https:\/\/fram\u00e5tkamrater.se\/wp-content\/uploads\/2020\/05\/j\u00e4rntorget1-300x173.jpg 300w, https:\/\/fram\u00e5tkamrater.se\/wp-content\/uploads\/2020\/05\/j\u00e4rntorget1-768x444.jpg 768w, https:\/\/fram\u00e5tkamrater.se\/wp-content\/uploads\/2020\/05\/j\u00e4rntorget1-1536x888.jpg 1536w, https:\/\/fram\u00e5tkamrater.se\/wp-content\/uploads\/2020\/05\/j\u00e4rntorget1.jpg 1663w\" sizes=\"auto, (max-width: 1024px) 100vw, 1024px\" \/><\/figure><\/li><\/ul><\/figure>\n\n\n\n<p> <strong>T\u00f6m f\u00f6rvaren &#8211; evakuera l\u00e4gren<\/strong><\/p>\n\n\n\n<p>\nEn pandemi sveper \u00f6ver\nv\u00e4rlden. Viruset tar ingen h\u00e4nsyn till den smittades nationalitet\neller klass. Vad som \u00e4r avg\u00f6rande f\u00f6r spridningen \u00e4r tillg\u00e5ng\ntill skyddsmaterial, vilka resurser v\u00e5rden har samt vilken m\u00f6jlighet\nde friska har att v\u00e4lja social distansering eller vilka f\u00f6rebyggande\n\u00e5tg\u00e4rder de kan ta till. Lever de tr\u00e5ngt? M\u00e5ste de g\u00e5 till\narbetet? Finns d\u00e4r relevant skyddsutrustning och har den med symptom\nr\u00e5d att h\u00e5lla sig hemma? \n<\/p>\n\n\n\n<p> P\u00e5 svenska f\u00f6rvar sitter hundratals flyktingar vars enda brott \u00e4r att de nyttjat sin m\u00e4nskliga r\u00e4ttighet att s\u00f6ka asyl i ett annat land. De befinner sig i ett om\u00e4nskligt limbo p\u00e5 obest\u00e4md tid d\u00e4r de varken kan bli en integrerad part i det svenska samh\u00e4llet eller kan utvisas, eftersom deportationerna upph\u00f6rt. De lever tr\u00e5ngt, det tillkommer hela tiden nya personer och de upplever sig varken ha tillg\u00e5ng till material eller information f\u00f6r att minska risken f\u00f6r smittspridning.  Vissa av dem, till exempel i K\u00e5llered i G\u00f6teborg, har inlett en desperat hungerstrejk. P\u00e5 andra f\u00f6rvar i Sverige sparkas de intagna ut trots att de uppger att de inte har n\u00e5gonstans att bo. P\u00e5 n\u00e4tterna s\u00f6ker de skydd i soprum och trappuppg\u00e5ngar, p\u00e5 dagarna \u00e4r de f\u00f6rpassade till k\u00f6pcentran eller v\u00e4nthallar, riskmilj\u00f6er i en pandemi.<\/p>\n\n\n\n<p>\nEn \u00e4nnu grymmare situation \u00e4r\nden f\u00f6r asyls\u00f6kande som tvingats till l\u00e4ger, antingen i Europas\nperiferi eller i utkanten av ett krigsh\u00e4rjat land. Fort Europa g\u00f6r\nallt f\u00f6r att f\u00f6rhindra att de nyttjar sin r\u00e4tt att s\u00f6ka asyl\ntrots att m\u00e4nniskor p\u00e5 flykt hittills inte varit de som spridit\nviruset. F\u00f6rst p\u00e5 senare tid har enskilda fall av covid-19\nidentifierats i flyktingl\u00e4ger vid Greklands kust, och m\u00e4nniskorna i\nl\u00e4gren kan nu inte annat \u00e4n v\u00e4nta p\u00e5 den typ av smittspridning\nsom \u00e4r oundviklig n\u00e4r basala hygienartiklar och skyddsutrustning\nsaknas. \n<\/p>\n\n\n\n<p>Rika stater i v\u00e4st har sedan l\u00e4nge blundat f\u00f6r det otroliga m\u00e4nskliga lidande som utspelar sig p\u00e5 dessa platser. Man skickar miljarder till den turkiska staten f\u00f6r att stoppa m\u00e4nniskor vid Europas gr\u00e4nser, pengar som sedan pumpas in i ett krigsmaskineri som m\u00f6rdar och driver \u00e4nnu fler p\u00e5 flykt.  <\/p>\n\n\n\n<p>\nVi kr\u00e4ver t\u00f6mda\nflyktingf\u00f6rvar och evakuerade flyktingl\u00e4ger som ett f\u00f6rsta akut\nsvar p\u00e5 pandemin, ingen flykting ska beh\u00f6va insjukna som ett djur i\nbur. En pandemi \u00e4r per definition internationell och kr\u00e4ver\nen internationell l\u00f6sning. Detsamma g\u00e4ller i f\u00f6rl\u00e4ngningen \u00e4ven\nf\u00f6r de krig och konflikter som skapat befolkningar p\u00e5 flykt. V\u00e5ra\nv\u00e4nner i f\u00f6rvar har inte startat n\u00e5gra krig, de \u00e4r startade av\nden lilla grupp m\u00e4nniskor som vill ut\u00f6ka sin rikedom till varje\npris. Till priset av bomber \u00f6ver Rojava, till priset av drunknade\nbarn vid EU:s gr\u00e4nser och till priset av sjuka svenskar som inte har\nr\u00e5d att stanna hemma fr\u00e5n jobbet. V\u00e5rt svar \u00e4r alltid den\ninternationella solidariteten. \n<\/p>\n\n\n\n<p> S\u00e5 l\u00e4nge n\u00e5gon \u00e4r sjuk riskerar vi alla att insjukna.  <\/p>\n\n\n\n<p>S\u00e5 l\u00e4nge n\u00e5gon \u00e4r ofri \u00e4r alla ofria.  <\/p>\n\n\n\n<figure class=\"wp-block-gallery columns-1 is-cropped wp-block-gallery-2 is-layout-flex wp-block-gallery-is-layout-flex\"><ul class=\"blocks-gallery-grid\"><li class=\"blocks-gallery-item\"><figure><img loading=\"lazy\" decoding=\"async\" width=\"480\" height=\"339\" src=\"https:\/\/fram\u00e5tkamrater.se\/wp-content\/uploads\/2020\/05\/resia.jpg\" alt=\"\" data-id=\"534\" data-full-url=\"https:\/\/fram\u00e5tkamrater.se\/wp-content\/uploads\/2020\/05\/resia.jpg\" data-link=\"https:\/\/xn--framtkamrater-sfb.se\/?attachment_id=534\" class=\"wp-image-534\" srcset=\"https:\/\/fram\u00e5tkamrater.se\/wp-content\/uploads\/2020\/05\/resia.jpg 480w, https:\/\/fram\u00e5tkamrater.se\/wp-content\/uploads\/2020\/05\/resia-300x212.jpg 300w\" sizes=\"auto, (max-width: 480px) 100vw, 480px\" \/><\/figure><\/li><\/ul><figcaption class=\"blocks-gallery-caption\">   Blod p\u00e5 Resias fasad och h\u00e4nder. Resebyr\u00e5n \u00e4r genom sitt <a href=\"https:\/\/swedishkurd.wordpress.com\/2019\/10\/18\/1-124\/\">samarbete<\/a> med  Turkish Airlines indirekt ansvariga f\u00f6r de m\u00e4nniskor som m\u00f6rdas och drivs p\u00e5 flykt av det turkiska krigsmaskineriet. Det tydliggjordes  natten till 1\/5.   <\/figcaption><\/figure>\n\n\n\n<p><\/p>\n\n\n\n<p>Vi avslutade dagen med att sprida material fr\u00e5n det nordiska n\u00e4tverket <a href=\"https:\/\/www.infoarna.org\/post\/cure-the-capitalist-virus-a-call-for-decentralized-actions-on-may-1-across-the-north\">ARNA<\/a> p\u00e5 och omkring kollektivtrafiken. Dessutom h\u00f6ll vi ett torgm\u00f6te f\u00f6r fri kollektivtrafik p\u00e5 Korsv\u00e4gen.<\/p>\n\n\n\n<figure class=\"wp-block-image size-large\"><img loading=\"lazy\" decoding=\"async\" width=\"1024\" height=\"789\" src=\"https:\/\/fram\u00e5tkamrater.se\/wp-content\/uploads\/2020\/05\/korsv\u00e4gen-1024x789.jpg\" alt=\"\" class=\"wp-image-558\" srcset=\"https:\/\/fram\u00e5tkamrater.se\/wp-content\/uploads\/2020\/05\/korsv\u00e4gen-1024x789.jpg 1024w, https:\/\/fram\u00e5tkamrater.se\/wp-content\/uploads\/2020\/05\/korsv\u00e4gen-300x231.jpg 300w, https:\/\/fram\u00e5tkamrater.se\/wp-content\/uploads\/2020\/05\/korsv\u00e4gen-768x591.jpg 768w, https:\/\/fram\u00e5tkamrater.se\/wp-content\/uploads\/2020\/05\/korsv\u00e4gen.jpg 1379w\" sizes=\"auto, (max-width: 1024px) 100vw, 1024px\" \/><\/figure>\n\n\n\n<p><strong>V\u00e5rt tal p\u00e5 Korsv\u00e4gen: <\/strong><\/p>\n\n\n\n<p>\nB\u00e4sta kamrater, tack f\u00f6r att ni kommit hit. M\u00e5nga av er har nog\npromenerat hit, andra kanske har cyklat.\nMajoriteten har nog \u00e5kt med kollektivtrafiken, gissar jag vilt. De\nd\u00e4r rassliga vagnarna som f\u00f6r oss dit vi vill, och f\u00f6r den delen\nandra st\u00e4llen vi inte vill till. \n<\/p>\n\n\n\n<p>Hur mycket tid\nspenderar vi inte p\u00e5 vagnen, egentligen? Vi f\u00e4rdas fr\u00e5n hemmet\ntill jobbet, till festen. Till v\u00e4nner och partners och o\u00e4ndligt\nm\u00e5nga andra platser till. \u00c4nd\u00e5 \u00e4r kollektivtrafiken en plats som\ngjorts s\u00e5 separerad fr\u00e5n oss, avl\u00e4gsen, otillg\u00e4nglig och otrygg.\nEn plats som inte \u00e4r till f\u00f6r oss p\u00e5 v\u00e5ra villkor. \n<\/p>\n\n\n\n<p>Att vara kvinna i\nkollektivtrafiken \u00e4r att vara st\u00e4ndigt utsatt f\u00f6r m\u00e4ns ov\u00e4lkomna\nn\u00e4rmanden, I synnerhet sent p\u00e5 natten. Att bli intr\u00e4ngd i ett h\u00f6rn\nav en man som v\u00e4grar lyssna p\u00e5 ett nej. Att bli utsatt f\u00f6r rena\nsexuella trakasserier n\u00e4r allt en vill \u00e4r att ta sig hem.<\/p>\n\n\n\n<p>Kollektivtrafiken \u00e4r\nocks\u00e5 en os\u00e4ker plats f\u00f6r oss med l\u00e5ga inkomster. F\u00f6r oss som\nhar l\u00f6ner som knappt g\u00e5r att leva p\u00e5, \u00e4n mindre betala ett\nm\u00e5nadskort, men \u00e4nd\u00e5 \u00e4r beroende av sp\u00e5rvagnen f\u00f6r att kunna ta\noss till v\u00e5ra jobb med skitl\u00f6ner. Att V\u00e4sttrafik anst\u00e4ller folk\nf\u00f6r att f\u00f6rf\u00f6lja de av oss som inte har n\u00e5got annat val \u00e4n att\nplanka, att bestraffa oss f\u00f6r att l\u00f6nerna vi f\u00e5r inte r\u00e4cker\ntill. Inte s\u00e4llan \u00e4r det arbetare som h\u00e5ller samh\u00e4llet ig\u00e5ng,\nyrkesfolk vars insats \u00e4r v\u00e4sentlig f\u00f6r v\u00e5r vardag: St\u00e4dare,\nv\u00e5rdarbetare, transportarbetare och m\u00e5nga andra. Tacken vi f\u00e5r \u00e4r\nb\u00f6ter. \n<\/p>\n\n\n\n<p>Det \u00e4r obegripligt\nhur en s\u00e5n grundl\u00e4ggande samh\u00e4llsfuktion som kollektivtrafik g\u00f6rs\notillg\u00e4nglig f\u00f6r oss som beh\u00f6ver den som mest genom h\u00f6ga avgifter\noch sm\u00e4rtsamma b\u00f6tesbelopp. Samtidigt fylls vagnarna med reklam f\u00f6r\ndet ena och det andra bolaget som vill s\u00e4lja oss saker vi inte\nbeh\u00f6ver. Jag kan knappt f\u00f6rest\u00e4lla mig int\u00e4kterna fr\u00e5n reklamen.\nF\u00f6rst\u00e5r ni hur f\u00f6rvr\u00e4ngt det \u00e4r att vi betalar f\u00f6r att \u00e5ka p\u00e5\nrullande reklampelare? \n<\/p>\n\n\n\n<p>Det f\u00e5r vara nog\nnu. Vi beh\u00f6ver inte reklam f\u00f6r fillers eller epilering eller andra\nmisogyna kvinnoideal. Vi beh\u00f6ver kunna r\u00f6ra oss fritt. Det sista vi\nvill se klockan fem p\u00e5 morgonen \u00e4r reklam f\u00f6r n\u00e5t j\u00e4vla\nkreditbolag eller f\u00f6r resor till maldiverna, hur m\u00e5nga har r\u00e5d med\ndet egentligen? \n<\/p>\n\n\n\n<p>Vi m\u00e5ste prata om\nkollektivtrafiken f\u00f6r vad det borde vara: v\u00e5r gemensamma egendom.\nVi m\u00e5ste prata om kollektivtrafik f\u00f6r vad det \u00e4r: ett verktyg f\u00f6r\nr\u00f6relsefrihet. Att kunna ta sig till olika platser m\u00e5ste vara\nm\u00f6jligt f\u00f6r alla och inte enbart den med pengar. Att f\u00f6rflytta sig\ni staden efter \u00f6nskan och behov \u00e4r en r\u00e4tt alla b\u00f6r kunna ta del\nav.<\/p>\n\n\n\n<p>Kollektivtrafiken\nm\u00e5ste vara en plats d\u00e4r kvinnor kan vistas tryggt, fri fr\u00e5n\ntrakasserier och o\u00f6nskade kroppsideal. En plats d\u00e4r arbetare kan\nvistas utan r\u00e4dsla f\u00f6r att en redan anstr\u00e4ngd ekonomi ska belastas\nytterligare av straffavgifter. En plats fri fr\u00e5n konsumtionshets som\nvarken vi eller planeten m\u00e4ktar med. \n<\/p>\n\n\n\n<p>Vi m\u00e5ste agera. Riv ner reklamen. Kr\u00e4v och agera f\u00f6r en avgiftsfri kollektivtrafik. V\u00e5ga gripa in n\u00e4r kvinnor uts\u00e4tts i trafiken. Hj\u00e4lp varandra att undkomma b\u00f6ter. G\u00e5 med i planka och dela solidariskt p\u00e5 b\u00f6tesbelopp. N\u00e4r vi pratar om att gatorna tillh\u00f6r oss s\u00e5 innefattar det \u00e4ven f\u00f6rm\u00e5gan och r\u00e4tten att r\u00f6ra oss i den. D\u00e4rf\u00f6r m\u00e5ste kollektivtrafiken fungera p\u00e5 v\u00e5ra villkor. Kollektivtrafik \u00e4r inte en tj\u00e4nst, den \u00e4r en f\u00f6ruts\u00e4ttning f\u00f6r ett v\u00e4lfungerande samh\u00e4lle. L\u00e5t oss ta det i gemensam \u00e4go och ta hand om det tillsammans.<\/p>\n\n\n\n<figure class=\"wp-block-image size-large\"><img loading=\"lazy\" decoding=\"async\" width=\"769\" height=\"1024\" src=\"https:\/\/fram\u00e5tkamrater.se\/wp-content\/uploads\/2020\/05\/arna-769x1024.jpg\" alt=\"\" class=\"wp-image-563\" srcset=\"https:\/\/fram\u00e5tkamrater.se\/wp-content\/uploads\/2020\/05\/arna-769x1024.jpg 769w, https:\/\/fram\u00e5tkamrater.se\/wp-content\/uploads\/2020\/05\/arna-225x300.jpg 225w, https:\/\/fram\u00e5tkamrater.se\/wp-content\/uploads\/2020\/05\/arna-768x1023.jpg 768w, https:\/\/fram\u00e5tkamrater.se\/wp-content\/uploads\/2020\/05\/arna.jpg 1020w\" sizes=\"auto, (max-width: 769px) 100vw, 769px\" \/><\/figure>\n\n\n\n<p><strong>Tack f\u00f6r i \u00e5r kamrater! Fram\u00e5t! <\/strong><\/p>\n\n\n\n<figure class=\"wp-block-image size-large\"><img loading=\"lazy\" decoding=\"async\" width=\"1024\" height=\"768\" src=\"https:\/\/fram\u00e5tkamrater.se\/wp-content\/uploads\/2020\/05\/sessen-1024x768.jpg\" alt=\"\" class=\"wp-image-564\" srcset=\"https:\/\/fram\u00e5tkamrater.se\/wp-content\/uploads\/2020\/05\/sessen-1024x768.jpg 1024w, https:\/\/fram\u00e5tkamrater.se\/wp-content\/uploads\/2020\/05\/sessen-300x225.jpg 300w, https:\/\/fram\u00e5tkamrater.se\/wp-content\/uploads\/2020\/05\/sessen-768x576.jpg 768w, https:\/\/fram\u00e5tkamrater.se\/wp-content\/uploads\/2020\/05\/sessen.jpg 1536w\" sizes=\"auto, (max-width: 1024px) 100vw, 1024px\" \/><\/figure>\n","protected":false},"excerpt":{"rendered":"<p>R\u00f6da och svarta fanor vajar i stadens offentliga flaggst\u00e4nger, och vi tog till gator och torg p\u00e5 arbetarr\u00f6relsens internationella h\u00f6gtidsdag. Ett torgm\u00f6te till arbetsr\u00e4ttens f\u00f6rsvar och en blockad av socialdemokraternas kansli, tv\u00e5 torgm\u00f6ten f\u00f6r internationell solidaritet, ett f\u00f6r fri kollektivtrafik och en avslutande propagandaresa med v\u00e4sttrafik. Vill du f\u00f6lja med n\u00e4sta g\u00e5ng? Klicka p\u00e5 kontakta [&#8230;]<\/p>\n<p><a class=\"btn btn-secondary understrap-read-more-link\" href=\"https:\/\/xn--framtkamrater-sfb.se\/?p=533\">Read More&#8230;<span class=\"screen-reader-text\"> from Rapport: F\u00f6rsta maj p\u00e5 gator och torg<\/span><\/a><\/p>\n","protected":false},"author":1,"featured_media":560,"comment_status":"closed","ping_status":"closed","sticky":false,"template":"","format":"standard","meta":{"footnotes":""},"categories":[1],"tags":[],"class_list":["post-533","post","type-post","status-publish","format-standard","has-post-thumbnail","hentry","category-uncategorized"],"_links":{"self":[{"href":"https:\/\/xn--framtkamrater-sfb.se\/index.php?rest_route=\/wp\/v2\/posts\/533","targetHints":{"allow":["GET"]}}],"collection":[{"href":"https:\/\/xn--framtkamrater-sfb.se\/index.php?rest_route=\/wp\/v2\/posts"}],"about":[{"href":"https:\/\/xn--framtkamrater-sfb.se\/index.php?rest_route=\/wp\/v2\/types\/post"}],"author":[{"embeddable":true,"href":"https:\/\/xn--framtkamrater-sfb.se\/index.php?rest_route=\/wp\/v2\/users\/1"}],"replies":[{"embeddable":true,"href":"https:\/\/xn--framtkamrater-sfb.se\/index.php?rest_route=%2Fwp%2Fv2%2Fcomments&post=533"}],"version-history":[{"count":25,"href":"https:\/\/xn--framtkamrater-sfb.se\/index.php?rest_route=\/wp\/v2\/posts\/533\/revisions"}],"predecessor-version":[{"id":570,"href":"https:\/\/xn--framtkamrater-sfb.se\/index.php?rest_route=\/wp\/v2\/posts\/533\/revisions\/570"}],"wp:featuredmedia":[{"embeddable":true,"href":"https:\/\/xn--framtkamrater-sfb.se\/index.php?rest_route=\/wp\/v2\/media\/560"}],"wp:attachment":[{"href":"https:\/\/xn--framtkamrater-sfb.se\/index.php?rest_route=%2Fwp%2Fv2%2Fmedia&parent=533"}],"wp:term":[{"taxonomy":"category","embeddable":true,"href":"https:\/\/xn--framtkamrater-sfb.se\/index.php?rest_route=%2Fwp%2Fv2%2Fcategories&post=533"},{"taxonomy":"post_tag","embeddable":true,"href":"https:\/\/xn--framtkamrater-sfb.se\/index.php?rest_route=%2Fwp%2Fv2%2Ftags&post=533"}],"curies":[{"name":"wp","href":"https:\/\/api.w.org\/{rel}","templated":true}]}}