{"id":571,"date":"2020-05-03T19:26:19","date_gmt":"2020-05-03T19:26:19","guid":{"rendered":"https:\/\/xn--framtkamrater-sfb.se\/?p=571"},"modified":"2021-01-10T15:23:14","modified_gmt":"2021-01-10T15:23:14","slug":"stoppa-all-sexuell-exploatering","status":"publish","type":"post","link":"https:\/\/xn--framtkamrater-sfb.se\/?p=571","title":{"rendered":"Stoppa all sexuell exploatering"},"content":{"rendered":"\n<figure class=\"wp-block-image size-large\"><img loading=\"lazy\" decoding=\"async\" width=\"1024\" height=\"666\" src=\"https:\/\/fram\u00e5tkamrater.se\/wp-content\/uploads\/2020\/05\/klibba_torsk-2-1024x666.png\" alt=\"\" class=\"wp-image-575\" srcset=\"https:\/\/fram\u00e5tkamrater.se\/wp-content\/uploads\/2020\/05\/klibba_torsk-2-1024x666.png 1024w, https:\/\/fram\u00e5tkamrater.se\/wp-content\/uploads\/2020\/05\/klibba_torsk-2-300x195.png 300w, https:\/\/fram\u00e5tkamrater.se\/wp-content\/uploads\/2020\/05\/klibba_torsk-2-768x499.png 768w, https:\/\/fram\u00e5tkamrater.se\/wp-content\/uploads\/2020\/05\/klibba_torsk-2-1536x999.png 1536w, https:\/\/fram\u00e5tkamrater.se\/wp-content\/uploads\/2020\/05\/klibba_torsk-2.png 1689w\" sizes=\"auto, (max-width: 1024px) 100vw, 1024px\" \/><\/figure>\n\n\n\n<p>Nu \u00e4r det snart ett \u00e5r sedan vi sl\u00e4ppte v\u00e5ra <a href=\"https:\/\/fram\u00e5tkamrater.se\/?p=358\">teser om kommersiell sexuell exploatering<\/a>, ett st\u00e4ndigt aktuellt \u00e4mne, som vi vidareutvecklade i ett tal p\u00e5 8 mars. L\u00e4s det h\u00e4r nedan och h\u00e4mta v\u00e5r nya klibba p\u00e5 Syndikalistiskt Forum i G\u00f6teborg!<\/p>\n\n\n\n<p>\n\u2019&#8221;Jag\nvet inte hur m\u00e5nga g\u00e5nger kunder (alltid m\u00e4n) g\u00e5tt f\u00f6rbi och\nkommenterat mitt utseende eller min kropp p\u00e5 ett sexuellt s\u00e4tt. De\nhar st\u00e4llt sig n\u00e4ra och tagit p\u00e5 mig f\u00f6r att \u201djag sett lite\nkall ut och de ska hj\u00e4lpa till att v\u00e4rma mig\u201d. De st\u00e5r i\nsj\u00e4lvscanningskassan och l\u00e5tsas scanna mig och fr\u00e5gar om de kan f\u00e5\nmig p\u00e5 k\u00f6pet eller hur mycket jag kostar.&#8221;<\/p>\n\n\n\n<p>\nS\u00e5\nvittnade en handelsarbetare under metoo-upproret&nbsp;<a href=\"https:\/\/www.facebook.com\/hashtag\/obekv%C3%A4marbetstid?source=feed_text&amp;epa=HASHTAG&amp;__xts__%5B0%5D=68.ARCqYrxbZjWqrijSFCUl37aIzHt1-LGxKqvwu8A0RgDz2Cpxf4rON7dkkzMmfp2jphaM11uy1d_mFDFyVc4SOFLTy7KVjTy1dd2cRSJb31iZI4BAE3LehGkH66UxZXsEPry8Xb7KYgzXbtcAk5CukV0c8uw97A0IBReeu6HZULc1fBIP2421xF0eLkJFdt4D7PRgpdrSN663S3eKxvAVYWnOQrN3OH2qtzvMXq9IpKoIh5sPzMfTfPDsebDPFqQdFD0B-xA1Y2ghSy0oty0oVuPwaYzIsQZ28O8s_HsApJSTqJ59Ka893XpFy-kVp2DL5KzbScw--gCxRtEGcV_3NHu6&amp;__tn__=%2ANK-R\">#obekv\u00e4marbetstid<\/a>.\nN\u00e4r vi samlas idag under parollen &#8220;Nej till all sexuell\nexploatering!&#8221; kan vi minnas n\u00e4r vi gick samman och satte ljus\np\u00e5 m\u00e4ns sexuella v\u00e5ld i olika sammanhang under&nbsp;<a href=\"https:\/\/www.facebook.com\/hashtag\/metoo?source=feed_text&amp;epa=HASHTAG&amp;__xts__%5B0%5D=68.ARCqYrxbZjWqrijSFCUl37aIzHt1-LGxKqvwu8A0RgDz2Cpxf4rON7dkkzMmfp2jphaM11uy1d_mFDFyVc4SOFLTy7KVjTy1dd2cRSJb31iZI4BAE3LehGkH66UxZXsEPry8Xb7KYgzXbtcAk5CukV0c8uw97A0IBReeu6HZULc1fBIP2421xF0eLkJFdt4D7PRgpdrSN663S3eKxvAVYWnOQrN3OH2qtzvMXq9IpKoIh5sPzMfTfPDsebDPFqQdFD0B-xA1Y2ghSy0oty0oVuPwaYzIsQZ28O8s_HsApJSTqJ59Ka893XpFy-kVp2DL5KzbScw--gCxRtEGcV_3NHu6&amp;__tn__=%2ANK-R\">#metoo<\/a>.\nS\u00e4rskilt vill vi p\u00e5minna om kopplingarna vi gjorde till utsattheten\np\u00e5 jobbet. F\u00f6r n\u00e4r arbetet \u00e4r otryggt, d\u00e5 blir vi kvinnor\notrygga.<\/p>\n\n\n\n<p>\nEn\nannan arbetare vittnade:<\/p>\n\n\n\n<p>\n&#8220;Jag\ntog d\u00e4rf\u00f6r upp problemet med (manliga) chefen som sa att det inte\nvar n\u00e5got att bry sig om och att jag \u201dm\u00e5ste t\u00e5la ett par sk\u00e4mt.\u201d\nM\u00e5dde MYCKET d\u00e5ligt av detta s\u00e5 jag sjukanm\u00e4lde mig tv\u00e5 dagar d\u00e5\njag bara gr\u00e4t. N\u00e4r jag kom tillbaka till jobbet ville man avsluta\nmin provanst\u00e4llning eftersom jag inte verkade kunna samarbeta i\ngrupp.&#8221;<\/p>\n\n\n\n<p>\nEtt\nav kraven fr\u00e5n metoo-upproret&nbsp;<a href=\"https:\/\/www.facebook.com\/hashtag\/obekv%C3%A4marbetstid?source=feed_text&amp;epa=HASHTAG&amp;__xts__%5B0%5D=68.ARCqYrxbZjWqrijSFCUl37aIzHt1-LGxKqvwu8A0RgDz2Cpxf4rON7dkkzMmfp2jphaM11uy1d_mFDFyVc4SOFLTy7KVjTy1dd2cRSJb31iZI4BAE3LehGkH66UxZXsEPry8Xb7KYgzXbtcAk5CukV0c8uw97A0IBReeu6HZULc1fBIP2421xF0eLkJFdt4D7PRgpdrSN663S3eKxvAVYWnOQrN3OH2qtzvMXq9IpKoIh5sPzMfTfPDsebDPFqQdFD0B-xA1Y2ghSy0oty0oVuPwaYzIsQZ28O8s_HsApJSTqJ59Ka893XpFy-kVp2DL5KzbScw--gCxRtEGcV_3NHu6&amp;__tn__=%2ANK-R\">#obekv\u00e4marbetstid<\/a>&nbsp;var\natt &#8220;Allm\u00e4n visstid m\u00e5ste avskaffas&#8221;, allts\u00e5 ett\navskaffande av tidsbegr\u00e4nsade anst\u00e4llningsformer. De hade sett att\nanv\u00e4ndandet av s\u00e5dana anst\u00e4llningsformer bidrar till en\ntystnadskultur p\u00e5 arbetsplatserna, eftersom anst\u00e4llda inte v\u00e5gar\nanm\u00e4la sexuella trakasserier av r\u00e4dsla f\u00f6r att bli av med jobbet.\nOtrygga arbeten l\u00e4mnar f\u00e4ltet \u00f6ppet f\u00f6r m\u00e4n som vill utnyttja\nkvinnor. M\u00e4n som \u00e4r kollegor, m\u00e4n som \u00e4r kunder, m\u00e4n som \u00e4r\nchefer. \u00d6ppet f\u00e4lt.<\/p>\n\n\n\n<p>\nD\u00e4rf\u00f6r\n\u00e4r det skr\u00e4mmande att de r\u00e4ttigheter vi har p\u00e5 arbetet \u00e4r under\nattack. De senaste \u00e5ren har flera arbetsr\u00e4ttsliga lagar angripits\nav n\u00e4ringslivet, sossarna och resten av regeringen. De har dessutom\nobegripligt nog draghj\u00e4lp fr\u00e5n de flesta stora fackf\u00f6rbund. Det \u00e4r\nbara VI p\u00e5 golvet som st\u00e5r i v\u00e4gen. Det h\u00e4r \u00e4r kvinnofientliga\nangrepp. Det \u00e4r v\u00e5r \u00f6vertygelse att varje angrepp p\u00e5\nanst\u00e4llningsskyddet &#8211; under r\u00e5dande patriarkala livsvillkor &#8211; \u00e4r\nangrepp p\u00e5 kvinnor. Och hur dom har mage att g\u00f6ra s\u00e5, det \u00e4r ett\nrent mysterium. Hur kan dom bevittna v\u00e5ra&nbsp;<a href=\"https:\/\/www.facebook.com\/hashtag\/metoo?source=feed_text&amp;epa=HASHTAG&amp;__xts__%5B0%5D=68.ARCqYrxbZjWqrijSFCUl37aIzHt1-LGxKqvwu8A0RgDz2Cpxf4rON7dkkzMmfp2jphaM11uy1d_mFDFyVc4SOFLTy7KVjTy1dd2cRSJb31iZI4BAE3LehGkH66UxZXsEPry8Xb7KYgzXbtcAk5CukV0c8uw97A0IBReeu6HZULc1fBIP2421xF0eLkJFdt4D7PRgpdrSN663S3eKxvAVYWnOQrN3OH2qtzvMXq9IpKoIh5sPzMfTfPDsebDPFqQdFD0B-xA1Y2ghSy0oty0oVuPwaYzIsQZ28O8s_HsApJSTqJ59Ka893XpFy-kVp2DL5KzbScw--gCxRtEGcV_3NHu6&amp;__tn__=%2ANK-R\">#metoo<\/a>-uppror,\ni varje arbetssektor i samh\u00e4llet, med ena handen ge l\u00f6ften om\nf\u00f6rb\u00e4ttringar och \u00e5tg\u00e4rder, och samtidigt med andra handen\nplanera f\u00f6r att g\u00f6ra oss otryggare? Det kan vi inte f\u00f6rst\u00e5 eller\nacceptera.<\/p>\n\n\n\n<p>\nF\u00f6rra\n\u00e5ret inskr\u00e4nktes r\u00e4tten att strejka och ta till konflikt\u00e5tg\u00e4rder.\nI \u00e5r \u00e4r det lagen om anst\u00e4llningsskydd, LAS, som st\u00e5r p\u00e5 tur.\nTillsammans \u00e4r dessa ingrepp en s\u00e4rskilt giftig kombination f\u00f6r\nkvinnor, eftersom diskrimineringslagen undergr\u00e4vs. Om du tex s\u00e4gs\nupp n\u00e4r du p\u00e5talar sexuella trakasserier, s\u00e5 f\u00e5r dina\narbetskamrater inte l\u00e4ngre ta till konflikt\u00e5tg\u00e4rder i solidaritet\nmed dig. Vi vet att s\u00e5na metoder har fungerat f\u00f6rr &#8211; det g\u00e5r att\ntvinga arbetsledningen att backa, att ta tillbaka sin upps\u00e4gning,\ngenom strids\u00e5tg\u00e4rder. Men utan konfliktr\u00e4tten har vi inte l\u00e4ngre\nlagen p\u00e5 v\u00e5r sida n\u00e4r vi g\u00f6r s\u00e5.<\/p>\n\n\n\n<p>\nMed\ninskr\u00e4nkningar i LAS kommer f\u00f6retag dessutom ha laglig r\u00e4tt att\nkunna s\u00e4ga upp anst\u00e4llda utan saklig grund. D\u00e5 har vi inget att\nkomma med i arbetsdomstol, inga bevis att l\u00e4gga fram f\u00f6r att\nupps\u00e4gningen \u00e4r ett resultat av diskriminering. Arbetsk\u00f6paren har\nr\u00e4tten p\u00e5 sin sida. Vilken kvinna ska v\u00e5ga br\u00e5ka, vem ska v\u00e5ga\nanm\u00e4la, vem ska v\u00e5ga k\u00e4mpa fackligt? N\u00e4r regering och LO-f\u00f6rbund\nsl\u00e4pper fram f\u00f6rs\u00e4mringar i arbetsr\u00e4tten s\u00e5 tar dom ifr\u00e5n oss\nv\u00e5ra m\u00f6jligheter att k\u00e4mpa.<\/p>\n\n\n\n<p>\nDe\ng\u00f6r oss mer beroende av m\u00e4n. N\u00e4r kvinnor f\u00f6rlorar egen inkomst\nblir vi mer beroende av eventuell sambons inkomst. M\u00e5nga\ngenerationer kvinnor kan vittna om vad ett s\u00e5nt ekonomiskt beroende\nkan inneb\u00e4ra, om det vill sig illa.<\/p>\n\n\n\n<p>\nKvinnor,\nhar jag sagt, och jag menar f\u00f6rst\u00e5s kvinnor med och utan\ntransbakgrund. Transkvinnor \u00e4r lika utsatta som andra kvinnor. Om\ninte mer. Detsamma g\u00e4ller muslimska kvinnor, kvinnor som b\u00f6rjar\nn\u00e4rma sig pensionen, ickevita kvinnor, kvinnor med funktionshinder,\nkvinnor som \u00e4r fackligt aktiva &#8211; kort sagt, alla som \u00e4r extra\nutsatta f\u00f6r arbetsledningens diskriminering och p\u00e5hitt. Det\ninkluderar \u00e4ven andra transpersoner och queers. Vi \u00e4r v\u00e4ldigt,\nv\u00e4ldigt m\u00e5nga som har mycket att f\u00f6rlora. Det betyder att vi ocks\u00e5\n\u00e4r v\u00e4ldigt m\u00e5nga som kan g\u00e5 samman. Vi utg\u00f6r majoriteten av\narbetarklassen!<\/p>\n\n\n\n<p>\nI\nsommar avg\u00f6rs anst\u00e4llningsskyddets \u00f6de. Allts\u00e5 beh\u00f6ver vi agera\nnu. V\u00e5ra feministiska anstr\u00e4ngningar slutar inte idag, de\nforts\u00e4tter. L\u00e5t f\u00f6rsta maj i G\u00f6teborg bli en feministisk kampdag!\nDet \u00e4r vi som b\u00e4r samh\u00e4llet. Utan oss fungerar ingenting. Vi har\nenorm makt i v\u00e5ra h\u00e4nder n\u00e4r vi agerar gemensamt.<\/p>\n\n\n\n<p>\nVi\nm\u00e5ste bek\u00e4mpa det kapitalistiska systemet som g\u00f6r oss ekonomiskt\nutsatta, som st\u00e4ndigt s\u00f6ker fler s\u00e4tt att expandera \u00e4ven n\u00e4r\nv\u00e5ra psyken och kroppar betalar priset. Vi m\u00e5ste angripa alla de\nstrukturer som g\u00f6r det enkelt f\u00f6r m\u00e4n att exploatera oss.<\/p>\n\n\n\n<p>\nTillsammans\nf\u00f6r\u00e4ndrar vi allt!<\/p>\n\n\n\n<p>\nStrike\nback!<\/p>\n","protected":false},"excerpt":{"rendered":"<p>Nu \u00e4r det snart ett \u00e5r sedan vi sl\u00e4ppte v\u00e5ra teser om kommersiell sexuell exploatering, ett st\u00e4ndigt aktuellt \u00e4mne, som vi vidareutvecklade i ett tal p\u00e5 8 mars. L\u00e4s det h\u00e4r nedan och h\u00e4mta v\u00e5r nya klibba p\u00e5 Syndikalistiskt Forum i G\u00f6teborg! \u2019&#8221;Jag vet inte hur m\u00e5nga g\u00e5nger kunder (alltid m\u00e4n) g\u00e5tt f\u00f6rbi och kommenterat [&#8230;]<\/p>\n<p><a class=\"btn btn-secondary understrap-read-more-link\" href=\"https:\/\/xn--framtkamrater-sfb.se\/?p=571\">Read More&#8230;<span class=\"screen-reader-text\"> from Stoppa all sexuell exploatering<\/span><\/a><\/p>\n","protected":false},"author":1,"featured_media":575,"comment_status":"closed","ping_status":"closed","sticky":false,"template":"","format":"standard","meta":{"footnotes":""},"categories":[1],"tags":[],"class_list":["post-571","post","type-post","status-publish","format-standard","has-post-thumbnail","hentry","category-uncategorized"],"_links":{"self":[{"href":"https:\/\/xn--framtkamrater-sfb.se\/index.php?rest_route=\/wp\/v2\/posts\/571","targetHints":{"allow":["GET"]}}],"collection":[{"href":"https:\/\/xn--framtkamrater-sfb.se\/index.php?rest_route=\/wp\/v2\/posts"}],"about":[{"href":"https:\/\/xn--framtkamrater-sfb.se\/index.php?rest_route=\/wp\/v2\/types\/post"}],"author":[{"embeddable":true,"href":"https:\/\/xn--framtkamrater-sfb.se\/index.php?rest_route=\/wp\/v2\/users\/1"}],"replies":[{"embeddable":true,"href":"https:\/\/xn--framtkamrater-sfb.se\/index.php?rest_route=%2Fwp%2Fv2%2Fcomments&post=571"}],"version-history":[{"count":3,"href":"https:\/\/xn--framtkamrater-sfb.se\/index.php?rest_route=\/wp\/v2\/posts\/571\/revisions"}],"predecessor-version":[{"id":577,"href":"https:\/\/xn--framtkamrater-sfb.se\/index.php?rest_route=\/wp\/v2\/posts\/571\/revisions\/577"}],"wp:featuredmedia":[{"embeddable":true,"href":"https:\/\/xn--framtkamrater-sfb.se\/index.php?rest_route=\/wp\/v2\/media\/575"}],"wp:attachment":[{"href":"https:\/\/xn--framtkamrater-sfb.se\/index.php?rest_route=%2Fwp%2Fv2%2Fmedia&parent=571"}],"wp:term":[{"taxonomy":"category","embeddable":true,"href":"https:\/\/xn--framtkamrater-sfb.se\/index.php?rest_route=%2Fwp%2Fv2%2Fcategories&post=571"},{"taxonomy":"post_tag","embeddable":true,"href":"https:\/\/xn--framtkamrater-sfb.se\/index.php?rest_route=%2Fwp%2Fv2%2Ftags&post=571"}],"curies":[{"name":"wp","href":"https:\/\/api.w.org\/{rel}","templated":true}]}}