{"id":579,"date":"2020-09-16T20:18:11","date_gmt":"2020-09-16T20:18:11","guid":{"rendered":"https:\/\/xn--framtkamrater-sfb.se\/?p=579"},"modified":"2020-09-16T20:18:12","modified_gmt":"2020-09-16T20:18:12","slug":"underlivets-sondag","status":"publish","type":"post","link":"https:\/\/xn--framtkamrater-sfb.se\/?p=579","title":{"rendered":"Underlivets S\u00f6ndag"},"content":{"rendered":"\n<p>Den 20:e september planerar f\u00f6reningen Livsval att arrangera en \u201cLivets S\u00f6ndag\u201d i G\u00f6teborg. Livsval ser som sin uppgift att sprida myter och skr\u00e4ckpropaganda om aborter i Sverige, med m\u00e5let att de ska stigmatiseras eller helst f\u00f6rbjudas helt. F\u00f6reningen \u00e4r naturligtvis medveten om att aborter sker \u00e4ven i de l\u00e4nder d\u00e4r de f\u00f6rbjuds, men under os\u00e4kra och m\u00e5nga g\u00e5nger livsfarliga former. Det bryr de sig inte om. Efter f\u00f6rra \u00e5rets fiasko med en \u201dLivets Marsch\u201d som f\u00f6r\u00f6dmjukades och \u00f6verr\u00f6stades l\u00e4ngs avenyn s\u00e5 har de i tysthet l\u00e5tit planera ett stillast\u00e5ende torgm\u00f6te p\u00e5 Gustav Adolfs Torg.<br><br>Deppigt, tycker vi.<br><br>Vi kallar h\u00e4rmed till Underlivets S\u00f6ndag, en hyllning och kampdag till minne av de reproduktiva r\u00e4ttigheter som kvinnor\u00f6relsen i Sverige k\u00e4mpat sig till. Ta med dig flaggor, skyltar, instrument, h\u00e5ll ett tal eller f\u00f6rbered n\u00e5got annan kreativt \u00f6verraskningsmoment. Vi g\u00f6r abortmotst\u00e5ndarna s\u00e4llskap p\u00e5 Gustav Adolfs Torg mellan klockan 14-16 och efter\u00e5t erbjuder vi sm\u00f6rg\u00e5s, kaffe och tv\u00e5 f\u00f6redrag p\u00e5 <a href=\"http:\/\/syndikalistisktforum.se\">Syndikalistiskt Forum<\/a>. Vi samlar dessutom in pengar till <a href=\"http:\/\/aborcyjnydreamteam.pl\/\">Aborcyjny Dream Team<\/a> i Polen, d\u00e4r reproduktiva r\u00e4ttigheter blivit kraftigt inskr\u00e4nkta. <br><br>Torget \u00e4r stort, v\u00e4nligen h\u00e5ll avst\u00e5nd till varandra. Om du har symptom, stanna hemma. P\u00e5 Syndikalistiskt Forum sl\u00e4pper vi in omkring 25 personer.<\/p>\n","protected":false},"excerpt":{"rendered":"<p>Den 20:e september planerar f\u00f6reningen Livsval att arrangera en \u201cLivets S\u00f6ndag\u201d i G\u00f6teborg. Livsval ser som sin uppgift att sprida myter och skr\u00e4ckpropaganda om aborter i Sverige, med m\u00e5let att de ska stigmatiseras eller helst f\u00f6rbjudas helt. F\u00f6reningen \u00e4r naturligtvis medveten om att aborter sker \u00e4ven i de l\u00e4nder d\u00e4r de f\u00f6rbjuds, men under os\u00e4kra [&#8230;]<\/p>\n<p><a class=\"btn btn-secondary understrap-read-more-link\" href=\"https:\/\/xn--framtkamrater-sfb.se\/?p=579\">Read More&#8230;<span class=\"screen-reader-text\"> from Underlivets S\u00f6ndag<\/span><\/a><\/p>\n","protected":false},"author":1,"featured_media":580,"comment_status":"closed","ping_status":"closed","sticky":false,"template":"","format":"standard","meta":{"footnotes":""},"categories":[1],"tags":[],"class_list":["post-579","post","type-post","status-publish","format-standard","has-post-thumbnail","hentry","category-uncategorized"],"_links":{"self":[{"href":"https:\/\/xn--framtkamrater-sfb.se\/index.php?rest_route=\/wp\/v2\/posts\/579","targetHints":{"allow":["GET"]}}],"collection":[{"href":"https:\/\/xn--framtkamrater-sfb.se\/index.php?rest_route=\/wp\/v2\/posts"}],"about":[{"href":"https:\/\/xn--framtkamrater-sfb.se\/index.php?rest_route=\/wp\/v2\/types\/post"}],"author":[{"embeddable":true,"href":"https:\/\/xn--framtkamrater-sfb.se\/index.php?rest_route=\/wp\/v2\/users\/1"}],"replies":[{"embeddable":true,"href":"https:\/\/xn--framtkamrater-sfb.se\/index.php?rest_route=%2Fwp%2Fv2%2Fcomments&post=579"}],"version-history":[{"count":1,"href":"https:\/\/xn--framtkamrater-sfb.se\/index.php?rest_route=\/wp\/v2\/posts\/579\/revisions"}],"predecessor-version":[{"id":581,"href":"https:\/\/xn--framtkamrater-sfb.se\/index.php?rest_route=\/wp\/v2\/posts\/579\/revisions\/581"}],"wp:featuredmedia":[{"embeddable":true,"href":"https:\/\/xn--framtkamrater-sfb.se\/index.php?rest_route=\/wp\/v2\/media\/580"}],"wp:attachment":[{"href":"https:\/\/xn--framtkamrater-sfb.se\/index.php?rest_route=%2Fwp%2Fv2%2Fmedia&parent=579"}],"wp:term":[{"taxonomy":"category","embeddable":true,"href":"https:\/\/xn--framtkamrater-sfb.se\/index.php?rest_route=%2Fwp%2Fv2%2Fcategories&post=579"},{"taxonomy":"post_tag","embeddable":true,"href":"https:\/\/xn--framtkamrater-sfb.se\/index.php?rest_route=%2Fwp%2Fv2%2Ftags&post=579"}],"curies":[{"name":"wp","href":"https:\/\/api.w.org\/{rel}","templated":true}]}}