{"id":629,"date":"2021-09-08T17:09:13","date_gmt":"2021-09-08T17:09:13","guid":{"rendered":"https:\/\/xn--framtkamrater-sfb.se\/?p=629"},"modified":"2021-09-08T17:09:13","modified_gmt":"2021-09-08T17:09:13","slug":"rapport-ende-gelande-2021","status":"publish","type":"post","link":"https:\/\/xn--framtkamrater-sfb.se\/?p=629","title":{"rendered":"Rapport: Ende Gel\u00e4nde 2021"},"content":{"rendered":"\n<p><br>I slutet av juli for vi \u2013 ett g\u00e4ng fr\u00e5n <a href=\"https:\/\/autonomorganisering.noblogs.org\/post\/2021\/08\/26\/rapport-ende-gelande-2021\/\">Autonom Organisering<\/a> &amp; Fram\u00e5t kamrater \u2013 gemensamt ner till Brunsb\u00fcttel i nordv\u00e4stra Tyskland, f\u00f6r att delta i Ende Gel\u00e4ndes massaktion.<\/p>\n\n\n\n<p>Ende Gel\u00e4ndes taktik \u00e4r att storma och blockera transport- eller produktionsnoder med s\u00e5 mycket m\u00e4nniskor att polisen inte har n\u00e5got annat val \u00e4n att l\u00e5ta folk g\u00e5 dit de vill. Samtidigt l\u00e5ter man sig inte hindras av att polisen st\u00e4ller sig iv\u00e4gen, utan jobbar aktivt f\u00f6r att ta sig igenom och f\u00f6rbi polisblockader. Tillsammans med hundratals andra m\u00e4nniskor anv\u00e4nde v\u00e5rt finger sig av denna teknik f\u00f6r att i \u00f6ver 20 timmar blockera det enda t\u00e5gsp\u00e5r som leder in till det lokala oljeraffinaderiet.<\/p>\n\n\n\n<p>I vanlig ordning inspirerar Ende Gel\u00e4nde genom sin skala, organisation och tillg\u00e4nglighet. Att l\u00e5ta tusentals m\u00e4nniskor \u2013 m\u00e5nga utan tidigare erfarenheter \u2013 delta i en s\u00e5 militant storskalig aktion \u00e4r det inte m\u00e5nga andra som lyckas med. Den k\u00e4nsla av kollektiv makt och sj\u00e4lvbest\u00e4mmande man som deltagare g\u00e5r iv\u00e4g med \u00e4r en viktig upplevelse man b\u00e4r med sig l\u00e4nge, och \u00e4ven in i andra kamper.<\/p>\n\n\n\n<p>Vad vi s\u00e5g p\u00e5 EG var ett m\u00f6te mellan en bredare milj\u00f6r\u00f6relse och den radikala v\u00e4nstern, d\u00e4r de tv\u00e5 sidorna lyckas m\u00f6tas och agera mot en gemensam fiende och med gemensamma medel. H\u00e4r i sverige finns det fortfarande ett stort gap mellan dessa r\u00f6relser. V\u00e5r f\u00f6rhoppning och ambition \u00e4r att, inspirerade av EG, f\u00f6rm\u00e5 dessa r\u00f6relser att n\u00e4rma sig varandra. Vi m\u00e5ste v\u00e5ga samarbeta, vi m\u00e5ste h\u00e5lla egna aktioner, delta i andras aktioner och visa den bredare milj\u00f6r\u00f6relsen att det g\u00e5r (och kr\u00e4vs!) att pusha gr\u00e4nserna mot stat och kapital f\u00f6r att tvinga fram f\u00f6r\u00e4ndring! Detta \u00e4r ocks\u00e5 v\u00e5rat stora hopp om vi vill se den massaktionsform som finns i Tyskland f\u00f6rverkligas som kampmetod \u00e4ven h\u00e4r p\u00e5 hemmaplan.<\/p>\n\n\n\n<p>I Sverige och hela Europa byggs och expanderas just nu infrastruktur f\u00f6r fossilgas. Att det \u00e4r i detta tidigare stadie g\u00f6r det sv\u00e5rt att hitta lika sl\u00e5ende m\u00e5l som de enorma kolgruvor som finns i v\u00e4stra Tyskland, men det g\u00f6r det ocks\u00e5 l\u00e4ttare att p\u00e5verka, och se till att vi aldrig kommer till det stadie att vi har s\u00e5dan storskalig fossil energiproduktion. Utan dessa sl\u00e5ende m\u00e5l \u00e4r det inte lika tydligt hur man faktiskt p\u00e5verkar produktionen, n\u00e5got som m\u00e4rktes tydligt d\u00e5 vi blockerade ett t\u00e5gsp\u00e5r utan att veta hur ofta t\u00e5gen hade g\u00e5tt och hur mycket vi faktiskt blockerade. Att \u00f6verkomma detta och kunna visualisera \u00e4ven fossilgas som det konkreta hot det \u00e4r, \u00e4r viktigt f\u00f6r att kunna h\u00e5lla lika inspirerande aktioner mot fossilgas som de mot kol.<\/p>\n\n\n\n<p>Nu n\u00e4r pandemin \u00e4r mer under kontroll \u00e4r det dags f\u00f6r oss att \u00e5terinta gatorna! Det finns inga urs\u00e4kter; trots ett stort deltagarantal, s\u00e4rskilt om det skulle s\u00e4ttas i en svensk kontext, s\u00e5 gick det utm\u00e4rkt att bo i l\u00e4gret och genomf\u00f6ra aktionen \u2013 pandemin till trots \u2013 tack vare ordentlig f\u00f6rberedelse, tydlig information och hygiendisciplin.<\/p>\n\n\n\n<p>Coronapandemin var inte den r\u00e4ddning f\u00f6r milj\u00f6n som en del trodde den skulle vara, och nu n\u00e4r ekonomin p\u00e5 allvar kommer ig\u00e5ng igen ser vi hur allt f\u00f6r stor m\u00e4ngd bidragspengar g\u00e5r till flygf\u00f6retag och annan klimatvidrig verksamhet. Kapitalet har ingen som helst avsikt att sluta f\u00f6rst\u00f6ra v\u00e5r planet s\u00e5 l\u00e4nge som det finns pengar att tj\u00e4na, det \u00e4r upp till oss att se till att det finns en jord kvar till framtida generationer. Tiden f\u00f6r denna kamp \u00e4r nu. Vi ses p\u00e5 gatorna; i gruvorna; p\u00e5 t\u00e5gr\u00e4lsarna.<\/p>\n\n\n\n<p><strong>Fram\u00e5t kamrater &amp; Autonom Organisering<\/strong><br>Augusti 2021<\/p>\n","protected":false},"excerpt":{"rendered":"<p>I slutet av juli for vi \u2013 ett g\u00e4ng fr\u00e5n Autonom Organisering &amp; Fram\u00e5t kamrater \u2013 gemensamt ner till Brunsb\u00fcttel i nordv\u00e4stra Tyskland, f\u00f6r att delta i Ende Gel\u00e4ndes massaktion. Ende Gel\u00e4ndes taktik \u00e4r att storma och blockera transport- eller produktionsnoder med s\u00e5 mycket m\u00e4nniskor att polisen inte har n\u00e5got annat val \u00e4n att l\u00e5ta [&#8230;]<\/p>\n<p><a class=\"btn btn-secondary understrap-read-more-link\" href=\"https:\/\/xn--framtkamrater-sfb.se\/?p=629\">Read More&#8230;<span class=\"screen-reader-text\"> from Rapport: Ende Gel\u00e4nde 2021<\/span><\/a><\/p>\n","protected":false},"author":1,"featured_media":630,"comment_status":"closed","ping_status":"closed","sticky":false,"template":"","format":"standard","meta":{"footnotes":""},"categories":[1],"tags":[],"class_list":["post-629","post","type-post","status-publish","format-standard","has-post-thumbnail","hentry","category-uncategorized"],"_links":{"self":[{"href":"https:\/\/xn--framtkamrater-sfb.se\/index.php?rest_route=\/wp\/v2\/posts\/629","targetHints":{"allow":["GET"]}}],"collection":[{"href":"https:\/\/xn--framtkamrater-sfb.se\/index.php?rest_route=\/wp\/v2\/posts"}],"about":[{"href":"https:\/\/xn--framtkamrater-sfb.se\/index.php?rest_route=\/wp\/v2\/types\/post"}],"author":[{"embeddable":true,"href":"https:\/\/xn--framtkamrater-sfb.se\/index.php?rest_route=\/wp\/v2\/users\/1"}],"replies":[{"embeddable":true,"href":"https:\/\/xn--framtkamrater-sfb.se\/index.php?rest_route=%2Fwp%2Fv2%2Fcomments&post=629"}],"version-history":[{"count":3,"href":"https:\/\/xn--framtkamrater-sfb.se\/index.php?rest_route=\/wp\/v2\/posts\/629\/revisions"}],"predecessor-version":[{"id":633,"href":"https:\/\/xn--framtkamrater-sfb.se\/index.php?rest_route=\/wp\/v2\/posts\/629\/revisions\/633"}],"wp:featuredmedia":[{"embeddable":true,"href":"https:\/\/xn--framtkamrater-sfb.se\/index.php?rest_route=\/wp\/v2\/media\/630"}],"wp:attachment":[{"href":"https:\/\/xn--framtkamrater-sfb.se\/index.php?rest_route=%2Fwp%2Fv2%2Fmedia&parent=629"}],"wp:term":[{"taxonomy":"category","embeddable":true,"href":"https:\/\/xn--framtkamrater-sfb.se\/index.php?rest_route=%2Fwp%2Fv2%2Fcategories&post=629"},{"taxonomy":"post_tag","embeddable":true,"href":"https:\/\/xn--framtkamrater-sfb.se\/index.php?rest_route=%2Fwp%2Fv2%2Ftags&post=629"}],"curies":[{"name":"wp","href":"https:\/\/api.w.org\/{rel}","templated":true}]}}