{"id":652,"date":"2022-09-17T11:13:36","date_gmt":"2022-09-17T11:13:36","guid":{"rendered":"https:\/\/xn--framtkamrater-sfb.se\/?p=652"},"modified":"2022-09-17T11:13:36","modified_gmt":"2022-09-17T11:13:36","slug":"traffa-oss-pa-radikal-bokmassa-2022","status":"publish","type":"post","link":"https:\/\/xn--framtkamrater-sfb.se\/?p=652","title":{"rendered":"Tr\u00e4ffa oss p\u00e5 Radikal Bokm\u00e4ssa 2022"},"content":{"rendered":"\n<blockquote class=\"wp-block-quote is-layout-flow wp-block-quote-is-layout-flow\"><p><\/p><p>F\u00f6r tionde g\u00e5ngen p\u00e5 rad s\u00e5 arrangerar <a href=\"https:\/\/syndikalistisktforum.se\/\">Syndikalistiskt Forum<\/a> en alternativ bokm\u00e4ssa i G\u00f6teborg. <\/p><p>Vi medverkar i \u00e5r genom tv\u00e5 programpunkter och en utst\u00e4llning: <br><br><a href=\"https:\/\/syndikalistisktforum.se\/2022\/varis-criminalization-of-a-nazi-group-in-finland-lordag-kl-1300\/\">Varis: Criminalization of a Nazi group in Finland<\/a> (L\u00f6rdag, kl 13:00)<br><br><img loading=\"lazy\" decoding=\"async\" width=\"150\" height=\"150\" class=\"wp-image-655\" style=\"width: 150px;\" src=\"https:\/\/fram\u00e5tkamrater.se\/wp-content\/uploads\/2022\/09\/FK-pa-RB.jpg\" alt=\"\" srcset=\"https:\/\/fram\u00e5tkamrater.se\/wp-content\/uploads\/2022\/09\/FK-pa-RB.jpg 400w, https:\/\/fram\u00e5tkamrater.se\/wp-content\/uploads\/2022\/09\/FK-pa-RB-300x300.jpg 300w, https:\/\/fram\u00e5tkamrater.se\/wp-content\/uploads\/2022\/09\/FK-pa-RB-150x150.jpg 150w\" sizes=\"auto, (max-width: 150px) 100vw, 150px\" \/><\/p><cite>The pan-Nordic National Socialist organization the Nordic Resistance Movement was banned in Finland by the Supreme Court in September 2020. Two years after the ban, Finnish Nazis have ceased to use the name and symbols of the NRM but have instead founded new organizations and continue with new faces. How has the ban effected Nazi activities in Finland? Are bans imposed by the state authorities actually a solution for the Nazi problem? How should \u00a0anti-fascists think about all this? A Finnish anti-fascist will give presentation about their experiences of banning a visible Nazi organization and share their thoughts on the questions that rise from the process.<\/cite><\/blockquote>\n\n\n\n<p><a href=\"https:\/\/syndikalistisktforum.se\/2022\/autonom-organisering-genus-och-fascism-lordag-1400\/\">AUTONOM ORGANISERING \u2013 GENUS OCH FASCISM<\/a> (l\u00f6rdag, 14:00)<\/p>\n\n\n\n<blockquote class=\"wp-block-quote is-layout-flow wp-block-quote-is-layout-flow\"><p><img loading=\"lazy\" decoding=\"async\" width=\"150\" height=\"84\" class=\"wp-image-656\" style=\"width: 150px;\" src=\"https:\/\/fram\u00e5tkamrater.se\/wp-content\/uploads\/2022\/09\/FR-pa-RB.jpg\" alt=\"\" srcset=\"https:\/\/fram\u00e5tkamrater.se\/wp-content\/uploads\/2022\/09\/FR-pa-RB.jpg 1920w, https:\/\/fram\u00e5tkamrater.se\/wp-content\/uploads\/2022\/09\/FR-pa-RB-300x169.jpg 300w, https:\/\/fram\u00e5tkamrater.se\/wp-content\/uploads\/2022\/09\/FR-pa-RB-1024x576.jpg 1024w, https:\/\/fram\u00e5tkamrater.se\/wp-content\/uploads\/2022\/09\/FR-pa-RB-768x432.jpg 768w, https:\/\/fram\u00e5tkamrater.se\/wp-content\/uploads\/2022\/09\/FR-pa-RB-1536x864.jpg 1536w\" sizes=\"auto, (max-width: 150px) 100vw, 150px\" \/><\/p><cite>Vad \u00e4r fascismen? \u00c4r det bara en ideologi f\u00f6r f\u00f6rvirrade och hatiska unga m\u00e4n som egentligen bara beh\u00f6ver mer k\u00e4rlek? \u00c4r fascism samma sak som kommunismen, tv\u00e5 sidor av samma mynt? \u00c4r det endast en direkt produkt av kapitalismens f\u00f6rfall? Vad binder samman ISIS, Sverigedemokraterna och incels? Det \u00e4r m\u00e4n som r\u00f6star p\u00e5 fascistpartier. Det \u00e4r m\u00e4n som \u00e4r med i nazistgrupper.<br>Det \u00e4r m\u00e4n som \u00f6verv\u00e4ldigande radikaliseras in i h\u00f6gerradikala onlinesubkulturer som incels. Ofta s\u00e5 ser vi endast till materiella f\u00f6r\u00e4ndringar, t.ex kriser i kapitalismen eller \u00f6kad polarisering mellan klasser, som grunderna f\u00f6r fascismen, men varf\u00f6r \u00e4r det i s\u00e5 fall m\u00e4n som i s\u00e5 h\u00f6g grad radikaliseras h\u00f6gerut n\u00e4r kvinnor \u00e4r fattigare? Varf\u00f6r spelar hat mot transpersoner, feminism och LGBTQIA+ personer s\u00e5 stor roll i den moderna fascismen tillsammans med en aggressiv hypermaskulinitet?<\/cite><\/blockquote>\n\n\n\n<blockquote class=\"wp-block-quote is-layout-flow wp-block-quote-is-layout-flow\"><p><a href=\"https:\/\/syndikalistisktforum.se\/2022\/sesil-knage-art-exhibition-propaganda\/\">Utst\u00e4llning: PROPAGANDA<\/a> (fredag-l\u00f6rdag)<br><\/p><cite>The exhibition is a unique collection of her left wing posters from the last 10 years. The exhibition aims to criticize alienation, fascism, power, capitalism and gentrification in our society. At the same time, it will show the many different expressions and purposes of propaganda. And how you can use visual arts to focus on an important political issue, achieve a concrete goal and bring people from different backgrounds together around the same struggle.<\/cite><\/blockquote>\n\n\n\n<figure class=\"wp-block-image size-large\"><img loading=\"lazy\" decoding=\"async\" width=\"1024\" height=\"1024\" src=\"https:\/\/fram\u00e5tkamrater.se\/wp-content\/uploads\/2022\/09\/S-rb-1024x1024.png\" alt=\"\" class=\"wp-image-659\" srcset=\"https:\/\/fram\u00e5tkamrater.se\/wp-content\/uploads\/2022\/09\/S-rb-1024x1024.png 1024w, https:\/\/fram\u00e5tkamrater.se\/wp-content\/uploads\/2022\/09\/S-rb-300x300.png 300w, https:\/\/fram\u00e5tkamrater.se\/wp-content\/uploads\/2022\/09\/S-rb-150x150.png 150w, https:\/\/fram\u00e5tkamrater.se\/wp-content\/uploads\/2022\/09\/S-rb-768x768.png 768w, https:\/\/fram\u00e5tkamrater.se\/wp-content\/uploads\/2022\/09\/S-rb.png 1080w\" sizes=\"auto, (max-width: 1024px) 100vw, 1024px\" \/><figcaption><br><\/figcaption><\/figure>\n\n\n\n<p>Hela programmet kan du l\u00e4sa <a href=\"https:\/\/syndikalistisktforum.se\/2022\/bokmassa\/\">H\u00c4R<\/a>. Vi ses!<\/p>\n","protected":false},"excerpt":{"rendered":"<p>F\u00f6r tionde g\u00e5ngen p\u00e5 rad s\u00e5 arrangerar Syndikalistiskt Forum en alternativ bokm\u00e4ssa i G\u00f6teborg. Vi medverkar i \u00e5r genom tv\u00e5 programpunkter och en utst\u00e4llning: Varis: Criminalization of a Nazi group in Finland (L\u00f6rdag, kl 13:00) The pan-Nordic National Socialist organization the Nordic Resistance Movement was banned in Finland by the Supreme Court in September 2020. [&#8230;]<\/p>\n<p><a class=\"btn btn-secondary understrap-read-more-link\" href=\"https:\/\/xn--framtkamrater-sfb.se\/?p=652\">Read More&#8230;<span class=\"screen-reader-text\"> from Tr\u00e4ffa oss p\u00e5 Radikal Bokm\u00e4ssa 2022<\/span><\/a><\/p>\n","protected":false},"author":1,"featured_media":654,"comment_status":"closed","ping_status":"closed","sticky":false,"template":"","format":"standard","meta":{"footnotes":""},"categories":[1],"tags":[],"class_list":["post-652","post","type-post","status-publish","format-standard","has-post-thumbnail","hentry","category-uncategorized"],"_links":{"self":[{"href":"https:\/\/xn--framtkamrater-sfb.se\/index.php?rest_route=\/wp\/v2\/posts\/652","targetHints":{"allow":["GET"]}}],"collection":[{"href":"https:\/\/xn--framtkamrater-sfb.se\/index.php?rest_route=\/wp\/v2\/posts"}],"about":[{"href":"https:\/\/xn--framtkamrater-sfb.se\/index.php?rest_route=\/wp\/v2\/types\/post"}],"author":[{"embeddable":true,"href":"https:\/\/xn--framtkamrater-sfb.se\/index.php?rest_route=\/wp\/v2\/users\/1"}],"replies":[{"embeddable":true,"href":"https:\/\/xn--framtkamrater-sfb.se\/index.php?rest_route=%2Fwp%2Fv2%2Fcomments&post=652"}],"version-history":[{"count":3,"href":"https:\/\/xn--framtkamrater-sfb.se\/index.php?rest_route=\/wp\/v2\/posts\/652\/revisions"}],"predecessor-version":[{"id":660,"href":"https:\/\/xn--framtkamrater-sfb.se\/index.php?rest_route=\/wp\/v2\/posts\/652\/revisions\/660"}],"wp:featuredmedia":[{"embeddable":true,"href":"https:\/\/xn--framtkamrater-sfb.se\/index.php?rest_route=\/wp\/v2\/media\/654"}],"wp:attachment":[{"href":"https:\/\/xn--framtkamrater-sfb.se\/index.php?rest_route=%2Fwp%2Fv2%2Fmedia&parent=652"}],"wp:term":[{"taxonomy":"category","embeddable":true,"href":"https:\/\/xn--framtkamrater-sfb.se\/index.php?rest_route=%2Fwp%2Fv2%2Fcategories&post=652"},{"taxonomy":"post_tag","embeddable":true,"href":"https:\/\/xn--framtkamrater-sfb.se\/index.php?rest_route=%2Fwp%2Fv2%2Ftags&post=652"}],"curies":[{"name":"wp","href":"https:\/\/api.w.org\/{rel}","templated":true}]}}