{"id":669,"date":"2022-11-21T17:39:47","date_gmt":"2022-11-21T17:39:47","guid":{"rendered":"https:\/\/xn--framtkamrater-sfb.se\/?p=669"},"modified":"2022-11-21T17:39:47","modified_gmt":"2022-11-21T17:39:47","slug":"turkiet-bombar-kobani","status":"publish","type":"post","link":"https:\/\/xn--framtkamrater-sfb.se\/?p=669","title":{"rendered":"Turkiet bombar Koban\u00ee"},"content":{"rendered":"\n<p>Turkiet bombar Koban\u00ee, och Ulf Kristersson bugar djupt i det krypande f\u00f6r Erdogan som tog sin b\u00f6rjan redan under tidigare regering. V\u00e5ra kamrater i NCDK ber\u00e4ttar att vi blir f\u00e4rre idag, d\u00e4rf\u00f6r att m\u00e5nga \u00e4r r\u00e4dda. F\u00f6rr var de, f\u00f6reningens medlemmar, r\u00e4dda i Turkiet, nu \u00e4r de r\u00e4dda h\u00e4r.<\/p>\n\n\n\n<p>Men v\u00e5r solidaritet tar inte h\u00e4nsyn till milit\u00e4ra allianser, den begr\u00e4nsar sig inte till vad som f\u00f6r tillf\u00e4llet \u00e4r mest praktiskt f\u00f6r nationen sveriges storpolitiska dr\u00f6mmar. F\u00f6r alla folks r\u00e4tt till fred och frihet!<\/p>\n","protected":false},"excerpt":{"rendered":"<p>Turkiet bombar Koban\u00ee, och Ulf Kristersson bugar djupt i det krypande f\u00f6r Erdogan som tog sin b\u00f6rjan redan under tidigare regering. V\u00e5ra kamrater i NCDK ber\u00e4ttar att vi blir f\u00e4rre idag, d\u00e4rf\u00f6r att m\u00e5nga \u00e4r r\u00e4dda. F\u00f6rr var de, f\u00f6reningens medlemmar, r\u00e4dda i Turkiet, nu \u00e4r de r\u00e4dda h\u00e4r. Men v\u00e5r solidaritet tar inte h\u00e4nsyn [&#8230;]<\/p>\n<p><a class=\"btn btn-secondary understrap-read-more-link\" href=\"https:\/\/xn--framtkamrater-sfb.se\/?p=669\">Read More&#8230;<span class=\"screen-reader-text\"> from Turkiet bombar Koban\u00ee<\/span><\/a><\/p>\n","protected":false},"author":1,"featured_media":671,"comment_status":"closed","ping_status":"closed","sticky":false,"template":"","format":"standard","meta":{"footnotes":""},"categories":[1],"tags":[],"class_list":["post-669","post","type-post","status-publish","format-standard","has-post-thumbnail","hentry","category-uncategorized"],"_links":{"self":[{"href":"https:\/\/xn--framtkamrater-sfb.se\/index.php?rest_route=\/wp\/v2\/posts\/669","targetHints":{"allow":["GET"]}}],"collection":[{"href":"https:\/\/xn--framtkamrater-sfb.se\/index.php?rest_route=\/wp\/v2\/posts"}],"about":[{"href":"https:\/\/xn--framtkamrater-sfb.se\/index.php?rest_route=\/wp\/v2\/types\/post"}],"author":[{"embeddable":true,"href":"https:\/\/xn--framtkamrater-sfb.se\/index.php?rest_route=\/wp\/v2\/users\/1"}],"replies":[{"embeddable":true,"href":"https:\/\/xn--framtkamrater-sfb.se\/index.php?rest_route=%2Fwp%2Fv2%2Fcomments&post=669"}],"version-history":[{"count":1,"href":"https:\/\/xn--framtkamrater-sfb.se\/index.php?rest_route=\/wp\/v2\/posts\/669\/revisions"}],"predecessor-version":[{"id":670,"href":"https:\/\/xn--framtkamrater-sfb.se\/index.php?rest_route=\/wp\/v2\/posts\/669\/revisions\/670"}],"wp:featuredmedia":[{"embeddable":true,"href":"https:\/\/xn--framtkamrater-sfb.se\/index.php?rest_route=\/wp\/v2\/media\/671"}],"wp:attachment":[{"href":"https:\/\/xn--framtkamrater-sfb.se\/index.php?rest_route=%2Fwp%2Fv2%2Fmedia&parent=669"}],"wp:term":[{"taxonomy":"category","embeddable":true,"href":"https:\/\/xn--framtkamrater-sfb.se\/index.php?rest_route=%2Fwp%2Fv2%2Fcategories&post=669"},{"taxonomy":"post_tag","embeddable":true,"href":"https:\/\/xn--framtkamrater-sfb.se\/index.php?rest_route=%2Fwp%2Fv2%2Ftags&post=669"}],"curies":[{"name":"wp","href":"https:\/\/api.w.org\/{rel}","templated":true}]}}