{"id":673,"date":"2023-03-04T12:55:22","date_gmt":"2023-03-04T12:55:22","guid":{"rendered":"https:\/\/xn--framtkamrater-sfb.se\/?p=673"},"modified":"2023-03-04T12:55:22","modified_gmt":"2023-03-04T12:55:22","slug":"attonde-mars-veckan","status":"publish","type":"post","link":"https:\/\/xn--framtkamrater-sfb.se\/?p=673","title":{"rendered":"\u00c5ttonde mars-veckan"},"content":{"rendered":"\n<p><br>Som vanligt deltar vi i eller arrangerar en uppsj\u00f6 av feministiska initiativ runt internationella kvinnodagen. H\u00e4r \u00e4r \u00e5rets tre grejer du absolut inte f\u00e5r missa: <br><br><strong><a href=\"https:\/\/www.facebook.com\/events\/494300868755533\/\">8 mars-kommitt\u00e9ns demonstration<\/a> <\/strong><\/p>\n\n\n\n<p>Tisdag 8\/3 kl. 17:30<br>Gustav Adolfs Torg<br><br>Du hittar oss bakom Utrota torsken-banderollen!<\/p>\n\n\n\n<p><strong><a href=\"https:\/\/www.facebook.com\/events\/897455698196778\">F\u00f6rh\u00e4ng till Ta Natten Tillbaka<\/a><\/strong><br><\/p>\n\n\n\n<blockquote class=\"wp-block-quote is-layout-flow wp-block-quote-is-layout-flow\">\n<p>Kan du anklagas f\u00f6r bristande regelefterlevnad? F\u00f6religger det anm\u00e4rkningar i fr\u00e5ga om levnadss\u00e4tt? Inget av f\u00f6reg\u00e5ende, men du vill b\u00f6rja? D\u00e5 \u00e4r du hj\u00e4rtligt v\u00e4lkommen till ett f\u00f6rh\u00e4ng inf\u00f6r \u00e5rets Ta Natten Tillbaka-demonstration. N\u00e4r regeringen viftar hotfullt med misogyna och rasistiska vandelslagar, d\u00e5 \u00e4r det viktigare \u00e4n n\u00e5gonsin att vi h\u00e5ller ihop och st\u00e5r upp f\u00f6r varandra.<\/p>\n\n\n\n<p>Anna fr\u00e5n Inte Din Hora kommer att ber\u00e4tta vad hon anser om att regeringen vill straffa kvinnor i prostitution och utsatta f\u00f6r m\u00e4nniskohandel med utvisning. Dessutom f\u00e5r vi h\u00f6ra om myter och missuppfattningar runt kommersiell sexuell exploatering i Sverige.<\/p>\n\n\n\n<p>Det kommer att serveras mat och fika, finnas utrymme f\u00f6r avslappnat f\u00f6rh\u00e4ng eller politisk pepp och slutligen gemensam resa till Ta Natten Tillbaka. Det finns dessutom m\u00f6jlighet till kamratlig barnpassning f\u00f6r kvinnor och transpersoner som vill kunna delta i demonstrationen utan sina barn, skicka bara ett meddelande till oss med f\u00f6ranm\u00e4lan.<\/p>\n\n\n\n<p>Vi h\u00e5ller till p\u00e5 Kvinnofolkh\u00f6gskolan, ing\u00e5ng fr\u00e5n Masthuggstorget.<\/p>\n\n\n\n<p>\u00d6ppet fr\u00e5n 17:00<br>F\u00f6rel\u00e4sning IDH 18:00<br>TNT-demo 21:00<\/p>\n\n\n\n<p><\/p>\n\n\n\n<p>Vi ses! \/Fram\u00e5t kamrater och Rojavakommitt\u00e9erna<\/p>\n<\/blockquote>\n\n\n\n<p><br><strong><a href=\"https:\/\/www.facebook.com\/events\/627869816012059\/\">Ta Natten Tillbaka<\/a><\/strong><br><br>L\u00f6rdag 11\/3 kl. 21:00<br>Kungstorget<br><br>Kvinno- och transseparatistiskt.<\/p>\n","protected":false},"excerpt":{"rendered":"<p>Som vanligt deltar vi i eller arrangerar en uppsj\u00f6 av feministiska initiativ runt internationella kvinnodagen. H\u00e4r \u00e4r \u00e5rets tre grejer du absolut inte f\u00e5r missa: 8 mars-kommitt\u00e9ns demonstration Tisdag 8\/3 kl. 17:30Gustav Adolfs Torg Du hittar oss bakom Utrota torsken-banderollen! F\u00f6rh\u00e4ng till Ta Natten Tillbaka Kan du anklagas f\u00f6r bristande regelefterlevnad? F\u00f6religger det anm\u00e4rkningar i [&#8230;]<\/p>\n<p><a class=\"btn btn-secondary understrap-read-more-link\" href=\"https:\/\/xn--framtkamrater-sfb.se\/?p=673\">Read More&#8230;<span class=\"screen-reader-text\"> from \u00c5ttonde mars-veckan<\/span><\/a><\/p>\n","protected":false},"author":1,"featured_media":675,"comment_status":"closed","ping_status":"closed","sticky":false,"template":"","format":"standard","meta":{"footnotes":""},"categories":[1],"tags":[],"class_list":["post-673","post","type-post","status-publish","format-standard","has-post-thumbnail","hentry","category-uncategorized"],"_links":{"self":[{"href":"https:\/\/xn--framtkamrater-sfb.se\/index.php?rest_route=\/wp\/v2\/posts\/673","targetHints":{"allow":["GET"]}}],"collection":[{"href":"https:\/\/xn--framtkamrater-sfb.se\/index.php?rest_route=\/wp\/v2\/posts"}],"about":[{"href":"https:\/\/xn--framtkamrater-sfb.se\/index.php?rest_route=\/wp\/v2\/types\/post"}],"author":[{"embeddable":true,"href":"https:\/\/xn--framtkamrater-sfb.se\/index.php?rest_route=\/wp\/v2\/users\/1"}],"replies":[{"embeddable":true,"href":"https:\/\/xn--framtkamrater-sfb.se\/index.php?rest_route=%2Fwp%2Fv2%2Fcomments&post=673"}],"version-history":[{"count":3,"href":"https:\/\/xn--framtkamrater-sfb.se\/index.php?rest_route=\/wp\/v2\/posts\/673\/revisions"}],"predecessor-version":[{"id":677,"href":"https:\/\/xn--framtkamrater-sfb.se\/index.php?rest_route=\/wp\/v2\/posts\/673\/revisions\/677"}],"wp:featuredmedia":[{"embeddable":true,"href":"https:\/\/xn--framtkamrater-sfb.se\/index.php?rest_route=\/wp\/v2\/media\/675"}],"wp:attachment":[{"href":"https:\/\/xn--framtkamrater-sfb.se\/index.php?rest_route=%2Fwp%2Fv2%2Fmedia&parent=673"}],"wp:term":[{"taxonomy":"category","embeddable":true,"href":"https:\/\/xn--framtkamrater-sfb.se\/index.php?rest_route=%2Fwp%2Fv2%2Fcategories&post=673"},{"taxonomy":"post_tag","embeddable":true,"href":"https:\/\/xn--framtkamrater-sfb.se\/index.php?rest_route=%2Fwp%2Fv2%2Ftags&post=673"}],"curies":[{"name":"wp","href":"https:\/\/api.w.org\/{rel}","templated":true}]}}