{"id":690,"date":"2023-05-07T13:30:17","date_gmt":"2023-05-07T13:30:17","guid":{"rendered":"https:\/\/xn--framtkamrater-sfb.se\/?p=690"},"modified":"2023-05-07T13:30:17","modified_gmt":"2023-05-07T13:30:17","slug":"slapp-alla-politiska-fangar-bussresa","status":"publish","type":"post","link":"https:\/\/xn--framtkamrater-sfb.se\/?p=690","title":{"rendered":"Sl\u00e4pp alla politiska f\u00e5ngar + bussresa"},"content":{"rendered":"\n<p><br>Som en del av mobiliseringsn\u00e4tverket <strong>ARNA <\/strong>deltar vi i en <a href=\"https:\/\/www.infoarna.org\/post\/the-state-is-the-real-terrorist-free-all-political-prisoners\">gemensam nordisk kampanj<\/a> till st\u00f6d f\u00f6r italienska, franska och tyska kamrater som drabbats av statens repression f\u00f6r sitt deltagande i bland annat pensionsprotesterna. M\u00e5let \u00e4r en klumpsumma p\u00e5 2500 euro. Ut\u00f6ver insamlingen s\u00e5 kommer v\u00e5ra danska kamrater i <a href=\"https:\/\/www.facebook.com\/revoantifa\">Revolution\u00e6re Antifascister<\/a> att arrangera en bussresa till den s\u00e5 kallade <strong>Day X<\/strong>, en stor demonstration l\u00f6rdagen efter att domarna faller mot \u00e5talade tyska antifascister. I skrivande stund har r\u00e4tteg\u00e5ngen skjutits upp, och vi gissar att den tar slut f\u00f6rst n\u00e5gon g\u00e5ng mellan 26 maj och 24 juni. Resan g\u00e5r med buss K\u00f6penhamn-Leipzig och det kommer vara m\u00f6jligt att ta s\u00e4llskap med svenska kamrater. F\u00f6lj <a data-noscript-removed-href=\"https:\/\/www.facebook.com\/revoantifa?__cft__[0]=AZUQI_-qjq3yMpCslWKV8xmpJVQU0WePV1i8fecEo1e6qZWCZ3Cj9iTTWAnzEW25-wT_9pG2vN2gjCbsVNn2aDnpltckovr3jLhz46KosghJtNbKDl4z0QU93nRE2KO2nVvxaHLFQafCJWSp7Q2UWeMkSQ0Dv9mokFwn0Xccsz1vXKREdgGcFxF6WBsZS1kT7uk&amp;__tn__=-UC%2CP-R\"><strong>Revolution\u00e6re Antifascister<\/strong><\/a> i sociala medier f\u00f6r att h\u00e5lla dig uppdaterad p\u00e5 datum.<br><br><a href=\"https:\/\/www.firefund.net\/thestateistherealterrorist\">L\u00e4nk till insamlingen<\/a><\/p>\n","protected":false},"excerpt":{"rendered":"<p>Som en del av mobiliseringsn\u00e4tverket ARNA deltar vi i en gemensam nordisk kampanj till st\u00f6d f\u00f6r italienska, franska och tyska kamrater som drabbats av statens repression f\u00f6r sitt deltagande i bland annat pensionsprotesterna. M\u00e5let \u00e4r en klumpsumma p\u00e5 2500 euro. Ut\u00f6ver insamlingen s\u00e5 kommer v\u00e5ra danska kamrater i Revolution\u00e6re Antifascister att arrangera en bussresa till [&#8230;]<\/p>\n<p><a class=\"btn btn-secondary understrap-read-more-link\" href=\"https:\/\/xn--framtkamrater-sfb.se\/?p=690\">Read More&#8230;<span class=\"screen-reader-text\"> from Sl\u00e4pp alla politiska f\u00e5ngar + bussresa<\/span><\/a><\/p>\n","protected":false},"author":1,"featured_media":691,"comment_status":"closed","ping_status":"closed","sticky":false,"template":"","format":"standard","meta":{"footnotes":""},"categories":[1],"tags":[],"class_list":["post-690","post","type-post","status-publish","format-standard","has-post-thumbnail","hentry","category-uncategorized"],"_links":{"self":[{"href":"https:\/\/xn--framtkamrater-sfb.se\/index.php?rest_route=\/wp\/v2\/posts\/690","targetHints":{"allow":["GET"]}}],"collection":[{"href":"https:\/\/xn--framtkamrater-sfb.se\/index.php?rest_route=\/wp\/v2\/posts"}],"about":[{"href":"https:\/\/xn--framtkamrater-sfb.se\/index.php?rest_route=\/wp\/v2\/types\/post"}],"author":[{"embeddable":true,"href":"https:\/\/xn--framtkamrater-sfb.se\/index.php?rest_route=\/wp\/v2\/users\/1"}],"replies":[{"embeddable":true,"href":"https:\/\/xn--framtkamrater-sfb.se\/index.php?rest_route=%2Fwp%2Fv2%2Fcomments&post=690"}],"version-history":[{"count":1,"href":"https:\/\/xn--framtkamrater-sfb.se\/index.php?rest_route=\/wp\/v2\/posts\/690\/revisions"}],"predecessor-version":[{"id":692,"href":"https:\/\/xn--framtkamrater-sfb.se\/index.php?rest_route=\/wp\/v2\/posts\/690\/revisions\/692"}],"wp:featuredmedia":[{"embeddable":true,"href":"https:\/\/xn--framtkamrater-sfb.se\/index.php?rest_route=\/wp\/v2\/media\/691"}],"wp:attachment":[{"href":"https:\/\/xn--framtkamrater-sfb.se\/index.php?rest_route=%2Fwp%2Fv2%2Fmedia&parent=690"}],"wp:term":[{"taxonomy":"category","embeddable":true,"href":"https:\/\/xn--framtkamrater-sfb.se\/index.php?rest_route=%2Fwp%2Fv2%2Fcategories&post=690"},{"taxonomy":"post_tag","embeddable":true,"href":"https:\/\/xn--framtkamrater-sfb.se\/index.php?rest_route=%2Fwp%2Fv2%2Ftags&post=690"}],"curies":[{"name":"wp","href":"https:\/\/api.w.org\/{rel}","templated":true}]}}