{"id":751,"date":"2023-11-02T20:12:54","date_gmt":"2023-11-02T20:12:54","guid":{"rendered":"https:\/\/xn--framtkamrater-sfb.se\/?p=751"},"modified":"2023-11-02T20:12:54","modified_gmt":"2023-11-02T20:12:54","slug":"intervju-queers-mot-kapitalism","status":"publish","type":"post","link":"https:\/\/xn--framtkamrater-sfb.se\/?p=751","title":{"rendered":"Intervju: Queers mot kapitalism"},"content":{"rendered":"\n<p><br>Efter v\u00e5r presentation p\u00e5 <a href=\"https:\/\/syndikalistisktforum.se\/2023\/bokmassa\/#transfobi\">Radikal Bokm\u00e4ssa 2023<\/a> blev tv\u00e5 medlemmar fr\u00e5n Fram\u00e5t kamrater intervjuade av <a href=\"https:\/\/queersmotkapitalism.wordpress.com\/\">Queers mot kapitalism<\/a>. Intervjun i sin helhet kan du l\u00e4sa <a href=\"https:\/\/queersmotkapitalism.wordpress.com\/2023\/10\/29\/varfor-hogern-behover-transfobi-en-intervju-med-aska-och-erik\/\">H\u00c4R<\/a>! <\/p>\n\n\n\n<p><\/p>\n\n\n\n<blockquote class=\"wp-block-quote is-layout-flow wp-block-quote-is-layout-flow\">\n<p>&#8220;Vi transpersoner och v\u00e4nstern i allm\u00e4nhet m\u00e5ste ocks\u00e5 jobba mer p\u00e5 att bygga broar och koalitioner \u2013 det \u00e4r vad som historiskt sett f\u00f6rt den queera kampen fram\u00e5t, fr\u00e5n gay liberation fronts lyckade allians med svarta pantrarna till gays and lesbians support the miners (shoutout till Pride, b\u00e4sta filmen!)&#8221;<\/p>\n<\/blockquote>\n","protected":false},"excerpt":{"rendered":"<p>Efter v\u00e5r presentation p\u00e5 Radikal Bokm\u00e4ssa 2023 blev tv\u00e5 medlemmar fr\u00e5n Fram\u00e5t kamrater intervjuade av Queers mot kapitalism. Intervjun i sin helhet kan du l\u00e4sa H\u00c4R! &#8220;Vi transpersoner och v\u00e4nstern i allm\u00e4nhet m\u00e5ste ocks\u00e5 jobba mer p\u00e5 att bygga broar och koalitioner \u2013 det \u00e4r vad som historiskt sett f\u00f6rt den queera kampen fram\u00e5t, fr\u00e5n [&#8230;]<\/p>\n<p><a class=\"btn btn-secondary understrap-read-more-link\" href=\"https:\/\/xn--framtkamrater-sfb.se\/?p=751\">Read More&#8230;<span class=\"screen-reader-text\"> from Intervju: Queers mot kapitalism<\/span><\/a><\/p>\n","protected":false},"author":1,"featured_media":752,"comment_status":"closed","ping_status":"closed","sticky":false,"template":"","format":"standard","meta":{"footnotes":""},"categories":[1],"tags":[],"class_list":["post-751","post","type-post","status-publish","format-standard","has-post-thumbnail","hentry","category-uncategorized"],"_links":{"self":[{"href":"https:\/\/xn--framtkamrater-sfb.se\/index.php?rest_route=\/wp\/v2\/posts\/751","targetHints":{"allow":["GET"]}}],"collection":[{"href":"https:\/\/xn--framtkamrater-sfb.se\/index.php?rest_route=\/wp\/v2\/posts"}],"about":[{"href":"https:\/\/xn--framtkamrater-sfb.se\/index.php?rest_route=\/wp\/v2\/types\/post"}],"author":[{"embeddable":true,"href":"https:\/\/xn--framtkamrater-sfb.se\/index.php?rest_route=\/wp\/v2\/users\/1"}],"replies":[{"embeddable":true,"href":"https:\/\/xn--framtkamrater-sfb.se\/index.php?rest_route=%2Fwp%2Fv2%2Fcomments&post=751"}],"version-history":[{"count":2,"href":"https:\/\/xn--framtkamrater-sfb.se\/index.php?rest_route=\/wp\/v2\/posts\/751\/revisions"}],"predecessor-version":[{"id":754,"href":"https:\/\/xn--framtkamrater-sfb.se\/index.php?rest_route=\/wp\/v2\/posts\/751\/revisions\/754"}],"wp:featuredmedia":[{"embeddable":true,"href":"https:\/\/xn--framtkamrater-sfb.se\/index.php?rest_route=\/wp\/v2\/media\/752"}],"wp:attachment":[{"href":"https:\/\/xn--framtkamrater-sfb.se\/index.php?rest_route=%2Fwp%2Fv2%2Fmedia&parent=751"}],"wp:term":[{"taxonomy":"category","embeddable":true,"href":"https:\/\/xn--framtkamrater-sfb.se\/index.php?rest_route=%2Fwp%2Fv2%2Fcategories&post=751"},{"taxonomy":"post_tag","embeddable":true,"href":"https:\/\/xn--framtkamrater-sfb.se\/index.php?rest_route=%2Fwp%2Fv2%2Ftags&post=751"}],"curies":[{"name":"wp","href":"https:\/\/api.w.org\/{rel}","templated":true}]}}