{"id":779,"date":"2024-02-05T15:49:01","date_gmt":"2024-02-05T15:49:01","guid":{"rendered":"https:\/\/xn--framtkamrater-sfb.se\/?p=779"},"modified":"2024-02-05T15:49:01","modified_gmt":"2024-02-05T15:49:01","slug":"kontrollantkoll-com","status":"publish","type":"post","link":"https:\/\/xn--framtkamrater-sfb.se\/?p=779","title":{"rendered":"Kontrollantkoll.com"},"content":{"rendered":"\n<p><br>Idag lanserar vi <a href=\"http:\/\/kontrollantkoll.com\/\">kontrollantkoll.com<\/a> &#8211; ett galleri med civila biljettkontrollanter. <br><br>P\u00e5 hemsidan g\u00e5r att l\u00e4sa: <br><\/p>\n\n\n\n<blockquote class=\"wp-block-quote is-layout-flow wp-block-quote-is-layout-flow\">\n<p>Vi \u00e4r som folk \u00e4r mest. Vi tvingas spendera l\u00e5nga stunder varje dag i kollektivtrafiken. Ibland betalar vi, men oftast inte. Det kan bero p\u00e5 att vi inte har r\u00e5d, men ocks\u00e5 vara en <em><a href=\"https:\/\/planka.nu\/vad-tycker-vi\/darfor-vagrar-vi-betala\/\">avgiftsstrejk<\/a><\/em> Samh\u00e4llet \u00e4r konstruerat och staden byggd p\u00e5 ett s\u00e4tt som g\u00f6r att vi som arbetar med hederliga jobb, \u00e4r arbetsl\u00f6sa eller studerar m\u00e5ste bo l\u00e5ngt ute i f\u00f6rorter, medan v\u00e5ra arbetsplatser, skolor eller viktig samh\u00e4llsservice finns n\u00e5gon annanstans.<\/p>\n\n\n\n<p>Ser vi en kontrollant s\u00e5 hoppar vi av. Vi varnar v\u00e5ra medresen\u00e4rer och skriver ut i sociala medier var de f\u00f6r tillf\u00e4llet h\u00e5ller till. Vi har vant oss. Vi kalkylerar med f\u00f6rseningsrisken, betalar v\u00e5r f\u00f6rs\u00e4kring hos planka.nu och deltar motvilligt i det dagliga sk\u00e5despelet d\u00e4r kontrollanterna kliver p\u00e5 och halva bussen kliver av. Den h\u00e4r hemsidan kommer inte att f\u00f6rs\u00f6ka kartl\u00e4gga <strong>alla <\/strong>kontrollanter.<br>De syns \u00e4nd\u00e5.<\/p>\n\n\n\n<p>De <strong>civila kontrollerna<\/strong> d\u00e4remot, precis som den sorts masskontroller som gjordes f\u00f6rr, \u00e4r en v\u00e5ldsam upptrappning. Sk\u00e5despelet ers\u00e4tts med en jakt, d\u00e4r aggressiva och h\u00e4nsynsl\u00f6sa l\u00e5tsaspoliser ska leta fattiga stackare att f\u00f6rst\u00f6ra dag och liv f\u00f6r. Det t\u00e4nker vi inte vara med p\u00e5. Alla f\u00f6rtj\u00e4nar att veta hur de ser ut.<\/p>\n\n\n\n<p>P\u00e5 kort sikt borde kontrollanterna tas bort helt. I f\u00f6rl\u00e4ngningen vore det naturligtvis rimligt med en helt avgiftsfri kollektivtrafik. Och slutm\u00e5let d\u00e5?&nbsp;<\/p>\n\n\n\n<p>Vi som driver hemsidan \u00e4r <a href=\"http:\/\/fram\u00e5tkamrater.se\">Fram\u00e5t kamrater<\/a> och vi dr\u00f6mmer om en v\u00e4rld d\u00e4r kontrollerande chefer, stress eller segregering inte alls \u00e4r vad som avg\u00f6r var, hur eller n\u00e4r vi reser. Dr\u00f6m g\u00e4rna tillsammans med oss.\u00a0<\/p>\n<\/blockquote>\n","protected":false},"excerpt":{"rendered":"<p>Idag lanserar vi kontrollantkoll.com &#8211; ett galleri med civila biljettkontrollanter. P\u00e5 hemsidan g\u00e5r att l\u00e4sa: Vi \u00e4r som folk \u00e4r mest. Vi tvingas spendera l\u00e5nga stunder varje dag i kollektivtrafiken. Ibland betalar vi, men oftast inte. Det kan bero p\u00e5 att vi inte har r\u00e5d, men ocks\u00e5 vara en avgiftsstrejk Samh\u00e4llet \u00e4r konstruerat och staden [&#8230;]<\/p>\n<p><a class=\"btn btn-secondary understrap-read-more-link\" href=\"https:\/\/xn--framtkamrater-sfb.se\/?p=779\">Read More&#8230;<span class=\"screen-reader-text\"> from Kontrollantkoll.com<\/span><\/a><\/p>\n","protected":false},"author":1,"featured_media":780,"comment_status":"closed","ping_status":"closed","sticky":false,"template":"","format":"standard","meta":{"footnotes":""},"categories":[1],"tags":[],"class_list":["post-779","post","type-post","status-publish","format-standard","has-post-thumbnail","hentry","category-uncategorized"],"_links":{"self":[{"href":"https:\/\/xn--framtkamrater-sfb.se\/index.php?rest_route=\/wp\/v2\/posts\/779","targetHints":{"allow":["GET"]}}],"collection":[{"href":"https:\/\/xn--framtkamrater-sfb.se\/index.php?rest_route=\/wp\/v2\/posts"}],"about":[{"href":"https:\/\/xn--framtkamrater-sfb.se\/index.php?rest_route=\/wp\/v2\/types\/post"}],"author":[{"embeddable":true,"href":"https:\/\/xn--framtkamrater-sfb.se\/index.php?rest_route=\/wp\/v2\/users\/1"}],"replies":[{"embeddable":true,"href":"https:\/\/xn--framtkamrater-sfb.se\/index.php?rest_route=%2Fwp%2Fv2%2Fcomments&post=779"}],"version-history":[{"count":2,"href":"https:\/\/xn--framtkamrater-sfb.se\/index.php?rest_route=\/wp\/v2\/posts\/779\/revisions"}],"predecessor-version":[{"id":782,"href":"https:\/\/xn--framtkamrater-sfb.se\/index.php?rest_route=\/wp\/v2\/posts\/779\/revisions\/782"}],"wp:featuredmedia":[{"embeddable":true,"href":"https:\/\/xn--framtkamrater-sfb.se\/index.php?rest_route=\/wp\/v2\/media\/780"}],"wp:attachment":[{"href":"https:\/\/xn--framtkamrater-sfb.se\/index.php?rest_route=%2Fwp%2Fv2%2Fmedia&parent=779"}],"wp:term":[{"taxonomy":"category","embeddable":true,"href":"https:\/\/xn--framtkamrater-sfb.se\/index.php?rest_route=%2Fwp%2Fv2%2Fcategories&post=779"},{"taxonomy":"post_tag","embeddable":true,"href":"https:\/\/xn--framtkamrater-sfb.se\/index.php?rest_route=%2Fwp%2Fv2%2Ftags&post=779"}],"curies":[{"name":"wp","href":"https:\/\/api.w.org\/{rel}","templated":true}]}}