{"id":792,"date":"2024-02-29T17:54:38","date_gmt":"2024-02-29T17:54:38","guid":{"rendered":"https:\/\/xn--framtkamrater-sfb.se\/?p=792"},"modified":"2024-02-29T17:54:38","modified_gmt":"2024-02-29T17:54:38","slug":"har-traffar-ni-oss-pa-attonde-mars","status":"publish","type":"post","link":"https:\/\/xn--framtkamrater-sfb.se\/?p=792","title":{"rendered":"H\u00e4r tr\u00e4ffar ni oss p\u00e5 \u00e5ttonde mars"},"content":{"rendered":"\n<blockquote class=\"wp-block-quote is-layout-flow wp-block-quote-is-layout-flow\">\n<p><br>DEMO: <a href=\"https:\/\/www.facebook.com\/events\/1397985217771473\">Internationella Kvinnodagen 8 Mars<\/a><br><br><\/p>\n<cite>STOPPA KRIGSHETSEN- SYSTERSKAP UTAN GR\u00c4NSER<br><br>I v\u00e4rlden p\u00e5g\u00e5r flera krig och konflikter. Krig \u00f6kar os\u00e4kerheten f\u00f6r kvinnor i v\u00e4rlden, kvinnor riskerar inte bara att f\u00f6rlora sina hem, sina anh\u00f6riga eller sitt eget liv som en f\u00f6ljd av kriget. Kvinnor riskerar dessutom att uts\u00e4ttas f\u00f6r sexuella \u00f6vergrepp som krigshandling. I Sverige har krigshetsen \u00f6kat de senaste \u00e5ren och en NATO-anslutning st\u00e5r f\u00f6r d\u00f6rren. Vid en NATO-anslutning kommer kostnaden f\u00f6r f\u00f6rsvarsmakten att \u00f6ka till minst 2% av BNP. Redan 2023 \u00f6kade f\u00f6rsvarsmaktens budgetanslag med 660 miljoner kronor f\u00f6r en svensk NATO-anslutning. H\u00e4r i G\u00f6teborg h\u00f6lls milit\u00e4r\u00f6vningen aurora-23 i v\u00e5ras, till en kostnad av 750 miljoner kronor. Detta samtidigt som hela v\u00e4lf\u00e4rden lider av nedsk\u00e4rningar. Skolorna i G\u00f6teborg har anst\u00e4llningsstopp och Sahlgrenska ska sk\u00e4ra bort 2000 tj\u00e4nster.<br><br>Tillsammans beh\u00f6ver vi h\u00f6ja v\u00e5ra r\u00f6ster mot nedsk\u00e4rningarna i v\u00e4lf\u00e4rden och mot krigshetsen!<br><br>F\u00f6r ett systerskap utan gr\u00e4nser!<br><\/cite><\/blockquote>\n\n\n\n<figure class=\"wp-block-image size-large\"><img loading=\"lazy\" decoding=\"async\" width=\"1024\" height=\"548\" src=\"https:\/\/fram\u00e5tkamrater.se\/wp-content\/uploads\/2024\/02\/tntntntnt-1024x548.jpg\" alt=\"\" class=\"wp-image-794\" srcset=\"https:\/\/fram\u00e5tkamrater.se\/wp-content\/uploads\/2024\/02\/tntntntnt-1024x548.jpg 1024w, https:\/\/fram\u00e5tkamrater.se\/wp-content\/uploads\/2024\/02\/tntntntnt-300x160.jpg 300w, https:\/\/fram\u00e5tkamrater.se\/wp-content\/uploads\/2024\/02\/tntntntnt-768x411.jpg 768w, https:\/\/fram\u00e5tkamrater.se\/wp-content\/uploads\/2024\/02\/tntntntnt.jpg 1440w\" sizes=\"auto, (max-width: 1024px) 100vw, 1024px\" \/><\/figure>\n\n\n\n<p><a href=\"https:\/\/www.facebook.com\/events\/1086925335682727\">Ta Natten Tillbaka 2024: Tillsammans f\u00f6r dem som tystas<\/a><\/p>\n\n\n\n<blockquote class=\"wp-block-quote is-layout-flow wp-block-quote-is-layout-flow\">\n<p><\/p>\n<cite>\u2606 KVINNO- OCH TRANSSEPARATISTISK GATUFEST \u2606<br><br>Det \u00e4r krig. Krig mot v\u00e4rldens kvinnor. Krig mot de som saknar makt. N\u00e4r r\u00f6ster tystas m\u00e5ste vi tala h\u00f6gre, tala f\u00f6r de som inte l\u00e4ngre kan. Vi m\u00e5ste sprida vittnesm\u00e5l fr\u00e5n Gaza, fr\u00e5n Iran, fr\u00e5n Kurdistan. Vi m\u00e5ste ber\u00e4tta om hur h\u00f6gern stj\u00e4l fr\u00e5n det gemensamma och stoppar i sina egna fickor. Om hur de som bara \u00e4r ute efter att sko sig hotar v\u00e5ra liv, v\u00e5r h\u00e4lsa, v\u00e5ra bost\u00e4der och v\u00e5ra jobb. Vi m\u00e5ste h\u00f6ja r\u00f6sten tillsammans och l\u00e5ta den eka \u00f6ver gator och torg. Tillsammans f\u00f6r de som tystas, tillsammans mot de som skadar. Vi tar natten, vi tar staden, vi tar hela skiten tillbaka.<br><br>Ta natten tillbaka \u00e4r inte en vanlig demonstration, det \u00e4r en fest och ett s\u00e4tt f\u00f6r oss kvinnor och transpersoner att manifestera v\u00e5r kollektiva styrka.<br><br>Vi ses utan Hagakyrkan klockan 21.00 den 8 mars.<br>Ta med din b\u00e4sta v\u00e4n eller kom ensam!<br><\/cite><\/blockquote>\n","protected":false},"excerpt":{"rendered":"<p>DEMO: Internationella Kvinnodagen 8 Mars STOPPA KRIGSHETSEN- SYSTERSKAP UTAN GR\u00c4NSER I v\u00e4rlden p\u00e5g\u00e5r flera krig och konflikter. Krig \u00f6kar os\u00e4kerheten f\u00f6r kvinnor i v\u00e4rlden, kvinnor riskerar inte bara att f\u00f6rlora sina hem, sina anh\u00f6riga eller sitt eget liv som en f\u00f6ljd av kriget. Kvinnor riskerar dessutom att uts\u00e4ttas f\u00f6r sexuella \u00f6vergrepp som krigshandling. I Sverige [&#8230;]<\/p>\n<p><a class=\"btn btn-secondary understrap-read-more-link\" href=\"https:\/\/xn--framtkamrater-sfb.se\/?p=792\">Read More&#8230;<span class=\"screen-reader-text\"> from H\u00e4r tr\u00e4ffar ni oss p\u00e5 \u00e5ttonde mars<\/span><\/a><\/p>\n","protected":false},"author":1,"featured_media":793,"comment_status":"closed","ping_status":"closed","sticky":false,"template":"","format":"standard","meta":{"footnotes":""},"categories":[1],"tags":[],"class_list":["post-792","post","type-post","status-publish","format-standard","has-post-thumbnail","hentry","category-uncategorized"],"_links":{"self":[{"href":"https:\/\/xn--framtkamrater-sfb.se\/index.php?rest_route=\/wp\/v2\/posts\/792","targetHints":{"allow":["GET"]}}],"collection":[{"href":"https:\/\/xn--framtkamrater-sfb.se\/index.php?rest_route=\/wp\/v2\/posts"}],"about":[{"href":"https:\/\/xn--framtkamrater-sfb.se\/index.php?rest_route=\/wp\/v2\/types\/post"}],"author":[{"embeddable":true,"href":"https:\/\/xn--framtkamrater-sfb.se\/index.php?rest_route=\/wp\/v2\/users\/1"}],"replies":[{"embeddable":true,"href":"https:\/\/xn--framtkamrater-sfb.se\/index.php?rest_route=%2Fwp%2Fv2%2Fcomments&post=792"}],"version-history":[{"count":1,"href":"https:\/\/xn--framtkamrater-sfb.se\/index.php?rest_route=\/wp\/v2\/posts\/792\/revisions"}],"predecessor-version":[{"id":795,"href":"https:\/\/xn--framtkamrater-sfb.se\/index.php?rest_route=\/wp\/v2\/posts\/792\/revisions\/795"}],"wp:featuredmedia":[{"embeddable":true,"href":"https:\/\/xn--framtkamrater-sfb.se\/index.php?rest_route=\/wp\/v2\/media\/793"}],"wp:attachment":[{"href":"https:\/\/xn--framtkamrater-sfb.se\/index.php?rest_route=%2Fwp%2Fv2%2Fmedia&parent=792"}],"wp:term":[{"taxonomy":"category","embeddable":true,"href":"https:\/\/xn--framtkamrater-sfb.se\/index.php?rest_route=%2Fwp%2Fv2%2Fcategories&post=792"},{"taxonomy":"post_tag","embeddable":true,"href":"https:\/\/xn--framtkamrater-sfb.se\/index.php?rest_route=%2Fwp%2Fv2%2Ftags&post=792"}],"curies":[{"name":"wp","href":"https:\/\/api.w.org\/{rel}","templated":true}]}}