{"id":798,"date":"2024-03-26T17:48:05","date_gmt":"2024-03-26T17:48:05","guid":{"rendered":"https:\/\/xn--framtkamrater-sfb.se\/?p=798"},"modified":"2024-03-26T17:48:05","modified_gmt":"2024-03-26T17:48:05","slug":"infomote-disrupt-tesla-take-concrete-action","status":"publish","type":"post","link":"https:\/\/xn--framtkamrater-sfb.se\/?p=798","title":{"rendered":"Infom\u00f6te: Disrupt Tesla \/ Take Concrete Action"},"content":{"rendered":"\n<p><br>Klimatn\u00e4tverket Take Concrete Action, vilket vi \u00e4r en del av, har annonserat en infoturn\u00e9 med det tyska klimatn\u00e4tverket Disrupt! Ett av stoppen sker i G\u00f6teborg. S\u00e5h\u00e4r st\u00e5r det i evenemanget p\u00e5 facebook: <\/p>\n\n\n\n<p><strong>Block Tesla \u2013 Disrupt Elon \/\/ Infotour with DISRUPT<\/strong>\u00a0<img loading=\"lazy\" decoding=\"async\" width=\"16\" height=\"16\" src=\"https:\/\/static.xx.fbcdn.net\/images\/emoji.php\/v9\/ta9\/1.5\/16\/1f525.png\" alt=\"\ud83d\udd25\"><\/p>\n\n\n\n<p>In Gr\u00fcnheide, near Berlin, 1 million new Teslas will roll off the production line every year, joining the avalanche of cars on the motorways. After three more expansion phases, the plant on the outskirts of Berlin will be the largest car factory in Europe. We want to stop that. More than 250,000 new cars are already produced there every year, adding to the useless electric and combustion engine junk that clogs up our roads and that no one needs in a future where mobility belongs to everyone.<\/p>\n\n\n\n<p>The misogynistic Twitter fascist Elon Musk has used his brand to establish the electric car as a &#8216;green&#8217; alternative to the internal combustion engine. But electric cars are not the solution. They are the continuation of the individual transport madness by other means. And that is neither sustainable nor green. The production of an electric car creates a huge ecological footprint through the consumption of resources and thus drives the global climate catastrophe even further.<\/p>\n\n\n\n<p>The idea of another huge car factory in Germany is absurd in the face of the climate catastrophe. That is why we must make a concerted effort to stop this trend. When it comes to mobility, the climate justice movement has often focused on the expansion of roads and motorways. This is absolutely right. But if we want to stop the flood of metal, we must also tackle the source of the problem, the production sites and German car capitalism.<br>So let&#8217;s join forces to stop the expansion of the Tesla factory before the supposed alternative of electric cars becomes a real nightmare. Every tree felled for Tesla is one too many, and every litre of water taken from the ground is wasted.<\/p>\n\n\n\n<p>Instead of perpetuating car capitalism in a green guise, we have to end it! We invited comrades from DISRUPT, to talk about their plans to stop car capitalism and for an anticapitalist future. Join the action days in Berlin from 8-12 May.<\/p>\n\n\n\n<figure class=\"wp-block-image\"><img decoding=\"async\" src=\"https:\/\/static.xx.fbcdn.net\/images\/emoji.php\/v9\/t43\/1.5\/16\/1f332.png\" alt=\"\ud83c\udf32\"\/><\/figure>\n\n\n\n<p>Efter the presentation from DISRUPT we (Take Concrete Action) will present the climate camp we are arranging this summer in G\u00e4vle, between 15-19:th of June. Welcome!<\/p>\n\n\n\n<p><strong>WHERE<\/strong>: Viktoriahuset, Linn\u00e9gatan<br><strong>WHEN<\/strong>: Thursday the 11:th of April, starting 18:00<\/p>\n\n\n\n<figure class=\"wp-block-image\"><img decoding=\"async\" src=\"https:\/\/static.xx.fbcdn.net\/images\/emoji.php\/v9\/t43\/1.5\/16\/1f332.png\" alt=\"\ud83c\udf32\"\/><\/figure>\n\n\n\n<p>Efter presentationen fr\u00e5n DISRUPT s\u00e5 kommer vi i TCA att ber\u00e4tta om klimatl\u00e4gret vi arrangerar i G\u00e4vle mellan 15-19:e juni i sommar. V\u00e4lkommen!<\/p>\n\n\n\n<p><strong>VAR<\/strong>: Viktoriahuset, Linn\u00e9gatan<br><strong>N\u00c4R<\/strong>: Torsdag den 11:e april, start 18:00<\/p>\n\n\n\n<figure class=\"wp-block-image size-full is-resized\"><img loading=\"lazy\" decoding=\"async\" width=\"724\" height=\"1024\" src=\"https:\/\/fram\u00e5tkamrater.se\/wp-content\/uploads\/2024\/03\/teslis.png\" alt=\"\" class=\"wp-image-800\" style=\"width:453px;height:auto\" srcset=\"https:\/\/fram\u00e5tkamrater.se\/wp-content\/uploads\/2024\/03\/teslis.png 724w, https:\/\/fram\u00e5tkamrater.se\/wp-content\/uploads\/2024\/03\/teslis-212x300.png 212w\" sizes=\"auto, (max-width: 724px) 100vw, 724px\" \/><\/figure>\n","protected":false},"excerpt":{"rendered":"<p>Klimatn\u00e4tverket Take Concrete Action, vilket vi \u00e4r en del av, har annonserat en infoturn\u00e9 med det tyska klimatn\u00e4tverket Disrupt! Ett av stoppen sker i G\u00f6teborg. S\u00e5h\u00e4r st\u00e5r det i evenemanget p\u00e5 facebook: Block Tesla \u2013 Disrupt Elon \/\/ Infotour with DISRUPT\u00a0 In Gr\u00fcnheide, near Berlin, 1 million new Teslas will roll off the production line [&#8230;]<\/p>\n<p><a class=\"btn btn-secondary understrap-read-more-link\" href=\"https:\/\/xn--framtkamrater-sfb.se\/?p=798\">Read More&#8230;<span class=\"screen-reader-text\"> from Infom\u00f6te: Disrupt Tesla \/ Take Concrete Action<\/span><\/a><\/p>\n","protected":false},"author":1,"featured_media":799,"comment_status":"closed","ping_status":"closed","sticky":false,"template":"","format":"standard","meta":{"footnotes":""},"categories":[1],"tags":[],"class_list":["post-798","post","type-post","status-publish","format-standard","has-post-thumbnail","hentry","category-uncategorized"],"_links":{"self":[{"href":"https:\/\/xn--framtkamrater-sfb.se\/index.php?rest_route=\/wp\/v2\/posts\/798","targetHints":{"allow":["GET"]}}],"collection":[{"href":"https:\/\/xn--framtkamrater-sfb.se\/index.php?rest_route=\/wp\/v2\/posts"}],"about":[{"href":"https:\/\/xn--framtkamrater-sfb.se\/index.php?rest_route=\/wp\/v2\/types\/post"}],"author":[{"embeddable":true,"href":"https:\/\/xn--framtkamrater-sfb.se\/index.php?rest_route=\/wp\/v2\/users\/1"}],"replies":[{"embeddable":true,"href":"https:\/\/xn--framtkamrater-sfb.se\/index.php?rest_route=%2Fwp%2Fv2%2Fcomments&post=798"}],"version-history":[{"count":1,"href":"https:\/\/xn--framtkamrater-sfb.se\/index.php?rest_route=\/wp\/v2\/posts\/798\/revisions"}],"predecessor-version":[{"id":801,"href":"https:\/\/xn--framtkamrater-sfb.se\/index.php?rest_route=\/wp\/v2\/posts\/798\/revisions\/801"}],"wp:featuredmedia":[{"embeddable":true,"href":"https:\/\/xn--framtkamrater-sfb.se\/index.php?rest_route=\/wp\/v2\/media\/799"}],"wp:attachment":[{"href":"https:\/\/xn--framtkamrater-sfb.se\/index.php?rest_route=%2Fwp%2Fv2%2Fmedia&parent=798"}],"wp:term":[{"taxonomy":"category","embeddable":true,"href":"https:\/\/xn--framtkamrater-sfb.se\/index.php?rest_route=%2Fwp%2Fv2%2Fcategories&post=798"},{"taxonomy":"post_tag","embeddable":true,"href":"https:\/\/xn--framtkamrater-sfb.se\/index.php?rest_route=%2Fwp%2Fv2%2Ftags&post=798"}],"curies":[{"name":"wp","href":"https:\/\/api.w.org\/{rel}","templated":true}]}}