{"id":808,"date":"2024-04-22T19:20:48","date_gmt":"2024-04-22T19:20:48","guid":{"rendered":"https:\/\/xn--framtkamrater-sfb.se\/?p=808"},"modified":"2024-04-22T19:20:48","modified_gmt":"2024-04-22T19:20:48","slug":"rapport-global-klimatstrejk-med-fff","status":"publish","type":"post","link":"https:\/\/xn--framtkamrater-sfb.se\/?p=808","title":{"rendered":"Rapport: Global klimatstrejk med FFF"},"content":{"rendered":"\n<p><br>Vi deltog i <a href=\"https:\/\/fridaysforfuture.se\/lokala-grupper\/goteborg\/\">Fridays For Futures<\/a> globala klimatstrejk fredagen den 19:e april och var inbjudna att tala i egenskap av medlemmar i klimatn\u00e4tverket <a href=\"http:\/\/takeconcreteaction.info\">Take Concrete Action<\/a>. H\u00e4r \u00e4r talet som vi h\u00f6ll efter demonstrationen: <\/p>\n\n\n\n<blockquote class=\"wp-block-quote is-layout-flow wp-block-quote-is-layout-flow\">\n<p><br><em>Jag kommer fr\u00e5n den socialistiska, feministiska och antifascistiska organisationen Fram\u00e5t kamrater. Genom \u00e5ren har vi organiserat stora demonstrationer mot inskr\u00e4nkningen av strejkr\u00e4tten, lanserat studiecirklar om kommersiell sexuell exploatering, st\u00e5tt i v\u00e4gen f\u00f6r fascister p\u00e5 G\u00f6teborgs gator och torg, och sedan ett antal \u00e5r tillbaka ing\u00e5r vi \u00e4ven ing\u00e5tt i ett n\u00e4tverk som heter Take Concrete Action. Sommaren 2022 anordnade Take Concrete Action ett Ende Gel\u00e4nde-liknande klimatl\u00e4ger och massblockad vid ing\u00e5ngen till kalkgruvan i Slite p\u00e5 Gotland. En kalkgruva som riksdag och regering till\u00e4t forts\u00e4tta sin produktion trots att det stred mot Milj\u00f6balken och sj\u00e4lvaste grundlagen \u2013 som politiker ju annars p\u00e5st\u00e5r sig v\u00e4rna s\u00e5 starkt om. Kalkgruve-h\u00e4rvan \u00e4r ett praktexempel p\u00e5 hur staten alltid tj\u00e4nar kapitalets intressen &#8211; allt snack om liberala v\u00e4rden, grundlagar och klimatm\u00e5l blir till retoriska r\u00f6krid\u00e5er n\u00e4r det kommer till kritan. <br><br>Sommaren 2024 riktar vi ist\u00e4llet uppm\u00e4rksamheten mot skogsindustrin d\u00e4r ett liknande m\u00f6nster tr\u00e4der fram. Omfattande korruption genomsyrar n\u00e4ringsliv, forskning och myndigheter: Skogsstyrelsens generaldirekt\u00f6r Herman Sundqvist, som p\u00e5 pappret ska granska svensk skog och skogsbruk opartiskt, \u00e4r sj\u00e4lv skogs\u00e4gare och motarbetar d\u00e4rf\u00f6r genomg\u00e5ende alla former av f\u00f6rs\u00f6k till h\u00e5llbart skogsbruk. Han lovordar dess mest destruktiva form: kalhyggesbruk. &#8211; Det \u00e4r standard p\u00e5 svenska myndigheter att utreda om j\u00e4v eller intressekonflikter. Inte p\u00e5 Skogsstyrelsen. Fr\u00e5n en bov till en annan: Sveriges Lantbruksuniversitet st\u00e5r f\u00f6r majoriteten av forskning om skog och skogsbruk. Samtidigt styrs universitetet av N\u00e4ringslivsdepartementet och universitetet samarbetar ofta med skogsindustrins lobbyorganisationer. &#8211; Det \u00e4r standard f\u00f6r institutioner som ber\u00f6r forskning och utbildning att ligga under Utbildningsdepartementet. Inte Sveriges Landsbruksuniversitet. Sist men inte minst av v\u00e5ra korrupta s\u00e5 kallade sakkuniga: Tomas Lundmark \u00e4r en skogsforskare som ofta f\u00e5r prata i TV-rutan, radio och tidningen. &#8211; Tomas s\u00e4ger att ett aktivt skogsbruk \u00e4r det b\u00e4sta f\u00f6r klimatet \u2013 en n\u00f6dv\u00e4ndighet, till och med, om vi ska g\u00f6ra oss av med v\u00e5rt fossilberoende. Han tar f\u00f6r givet att vi kommer forts\u00e4tta konsumera som vi g\u00f6r idag, men vill ers\u00e4tta eng\u00e5ngsmuggen gjort p\u00e5 plast, med den sn\u00e4llare, gr\u00f6nare eng\u00e5ngsmuggen gjord p\u00e5 papper. &#8211; \u00c4ven han \u00e4r skogs\u00e4gare och har t.o.m. f\u00e5tt pris av skogs\u00e4garf\u00f6reningen Mellanskog f\u00f6r att hans forskning fr\u00e4mjat deras vinstintressen. &#8211; Det \u00e4r standard forskningsetik att inte producera forskning som direkt tj\u00e4nar ens uppdragsgivares och ens egna ekonomiska intressen. Inte f\u00f6r Tomas Lundmark. <br><br>Sammantaget har denna korruption inom skogsbruket lett till att vi har 2000 arter som idag hotas i Sverige. Kalhyggen, d\u00e4r i princip alla tr\u00e4d har f\u00e4llts och marken v\u00e4llts upp som om man dragit en fet osthyvel \u00f6ver den, r\u00e4knas nu enligt FN som skog. Och nyckelbiotoper, s\u00e4llsynta hem f\u00f6r hotade, r\u00f6dlistade arter som beh\u00f6ver bevaras f\u00f6r att skydda arterna, registreras inte l\u00e4ngre av Skogsstyrelsen. Och inte nog med det &#8211; Skogs\u00e4gare kan nu direkt be Skogsstyrelsen att avregistrera marken de \u00e4ger som nyckelbiotoper f\u00f6r att sedan med gott samvete avverka dem \u2013 f\u00f6r syns naturv\u00e4rderna inte p\u00e5 n\u00e5got register, finns de inte. Enligt Skogsindustriernas egna dokument s\u00e5 riskerar FNs riktlinjer f\u00f6r koldioxidminskningar fram till 2045 att \u201dleda till beslut om att bevara skogen\u201d. Det skulle tyv\u00e4rr skada deras vinster. D\u00e4rf\u00f6r f\u00f6rnekar de inte bara kalhyggesbrukets f\u00f6r\u00f6dande konsekvenser f\u00f6r klimatet, utan g\u00e5r s\u00e5 l\u00e5ngt som att undergr\u00e4va demokratin f\u00f6r att utm\u00e5la just kalhyggesbruk som l\u00f6sningen p\u00e5 problemet som kalhyggesbruk har skapat. <br><br>Det som g\u00e4ller f\u00f6r kalkgruvor g\u00e4ller \u00e4ven f\u00f6r skogsindustrin: vinster s\u00e4tts alltid f\u00f6re liv. Det g\u00f6r tydligt vad m\u00e5nga av oss redan vet, och allt fler vaknar upp till: att klimatpolitik \u00e4r i sin k\u00e4rna klasspolitik. Kapitalismen \u00e4r det bultande hj\u00e4rtat; det \u00e4r kuggarna och sm\u00f6rjmedlet, i v\u00e5r p\u00e5g\u00e5ende klimatkatastrof. Kampen om en gr\u00f6n omst\u00e4llning av ekonomin och produktionen \u00e4r i slut\u00e4ndan en fr\u00e5ga om \u00e4gandet av den. Med statens hj\u00e4lp h\u00e5lls arbetare gisslan av fossilkapitalismen: Vi tvingas l\u00f6nearbeta f\u00f6r att \u00f6verleva, men samtidigt \u00e4ventyras v\u00e5r \u00f6verlevnad av utsl\u00e4ppen fr\u00e5n industrierna som m\u00e5nga av oss arbetar i. Under hot om sv\u00e4lt och heml\u00f6shet tvingas vi gr\u00e4va v\u00e5r egen grav. S\u00e5 fort vi kr\u00e4ver handling mot klimatkrisen, s\u00e5 hotas vi med f\u00f6rlust av v\u00e5ra jobb, och i allt st\u00f6rre utstr\u00e4ckning utm\u00e5las vi som terrorister. <br><br>Trots att Sverige \u00e4r ett av de rikaste l\u00e4nderna i v\u00e4rlden, och att m\u00e5nga h\u00e4r har gjort sig snuskigt rika p\u00e5 v\u00e5ra naturresurser, s\u00e5 finns det inte p\u00e5 kartan att f\u00f6retag eller staten skulle kompensera de arbetare som skulle beh\u00f6va st\u00e4lla om under en gr\u00f6n omst\u00e4llning. Vi s\u00e4ger att ingen ska beh\u00f6va v\u00e4lja mellan arbetsl\u00f6shet eller klimatkatastrof. Omst\u00e4llningen ska inte drabba mig eller dig! De som tj\u00e4nar p\u00e5 klimatkrisen ska ocks\u00e5 betala f\u00f6r den! D\u00e4rf\u00f6r kommer solidariteten arbetare emellan att vara avg\u00f6rande. Det \u00e4r bara genom ett demokratiskt \u00e4gande av produktionen som en gr\u00f6n omst\u00e4llning kan lyckas. Vi kan inte begr\u00e4nsa oss till att \u00e4ndra v\u00e5r situation p\u00e5 jobben. Precis som att arbetskamrater kan uppt\u00e4cka sin makt n\u00e4r de st\u00e4ller gemensamma krav eller tar en kollektiv konflikt p\u00e5 fabriksgolven, kontorsb\u00e5sen, sjukhuskorrid\u00e5rerna &#8211; p\u00e5 samma s\u00e4tt uppt\u00e4cker vi v\u00e5r makt i massaktionen. <br><br>I G\u00e4vle den 15-19 juni i sommar s\u00e5 visar vi v\u00e5r kollektiva kraft. Det g\u00f6r vi tillsammans, genom att tr\u00e4ffas, n\u00e4tverka och agera utifr\u00e5n ett stort klimatl\u00e4ger, och finner d\u00e4rigenom den styrka och de resurser vi beh\u00f6ver f\u00f6r att ta n\u00e4sta steg: Att inte bara st\u00e4nga ner eller blockera en viss industri, utan att st\u00e4nga ner hela det system som sk\u00f6vlar v\u00e5r planet och f\u00f6r att bygga n\u00e5got b\u00e4ttre tillsammans! Vi ses i G\u00e4vle! Nu tar vi till handling!&#8221;<br><\/em><\/p>\n<\/blockquote>\n","protected":false},"excerpt":{"rendered":"<p>Vi deltog i Fridays For Futures globala klimatstrejk fredagen den 19:e april och var inbjudna att tala i egenskap av medlemmar i klimatn\u00e4tverket Take Concrete Action. H\u00e4r \u00e4r talet som vi h\u00f6ll efter demonstrationen: Jag kommer fr\u00e5n den socialistiska, feministiska och antifascistiska organisationen Fram\u00e5t kamrater. Genom \u00e5ren har vi organiserat stora demonstrationer mot inskr\u00e4nkningen av [&#8230;]<\/p>\n<p><a class=\"btn btn-secondary understrap-read-more-link\" href=\"https:\/\/xn--framtkamrater-sfb.se\/?p=808\">Read More&#8230;<span class=\"screen-reader-text\"> from Rapport: Global klimatstrejk med FFF<\/span><\/a><\/p>\n","protected":false},"author":1,"featured_media":809,"comment_status":"closed","ping_status":"closed","sticky":false,"template":"","format":"standard","meta":{"footnotes":""},"categories":[1],"tags":[],"class_list":["post-808","post","type-post","status-publish","format-standard","has-post-thumbnail","hentry","category-uncategorized"],"_links":{"self":[{"href":"https:\/\/xn--framtkamrater-sfb.se\/index.php?rest_route=\/wp\/v2\/posts\/808","targetHints":{"allow":["GET"]}}],"collection":[{"href":"https:\/\/xn--framtkamrater-sfb.se\/index.php?rest_route=\/wp\/v2\/posts"}],"about":[{"href":"https:\/\/xn--framtkamrater-sfb.se\/index.php?rest_route=\/wp\/v2\/types\/post"}],"author":[{"embeddable":true,"href":"https:\/\/xn--framtkamrater-sfb.se\/index.php?rest_route=\/wp\/v2\/users\/1"}],"replies":[{"embeddable":true,"href":"https:\/\/xn--framtkamrater-sfb.se\/index.php?rest_route=%2Fwp%2Fv2%2Fcomments&post=808"}],"version-history":[{"count":4,"href":"https:\/\/xn--framtkamrater-sfb.se\/index.php?rest_route=\/wp\/v2\/posts\/808\/revisions"}],"predecessor-version":[{"id":813,"href":"https:\/\/xn--framtkamrater-sfb.se\/index.php?rest_route=\/wp\/v2\/posts\/808\/revisions\/813"}],"wp:featuredmedia":[{"embeddable":true,"href":"https:\/\/xn--framtkamrater-sfb.se\/index.php?rest_route=\/wp\/v2\/media\/809"}],"wp:attachment":[{"href":"https:\/\/xn--framtkamrater-sfb.se\/index.php?rest_route=%2Fwp%2Fv2%2Fmedia&parent=808"}],"wp:term":[{"taxonomy":"category","embeddable":true,"href":"https:\/\/xn--framtkamrater-sfb.se\/index.php?rest_route=%2Fwp%2Fv2%2Fcategories&post=808"},{"taxonomy":"post_tag","embeddable":true,"href":"https:\/\/xn--framtkamrater-sfb.se\/index.php?rest_route=%2Fwp%2Fv2%2Ftags&post=808"}],"curies":[{"name":"wp","href":"https:\/\/api.w.org\/{rel}","templated":true}]}}