{"id":815,"date":"2024-05-01T19:45:40","date_gmt":"2024-05-01T19:45:40","guid":{"rendered":"https:\/\/xn--framtkamrater-sfb.se\/?p=815"},"modified":"2024-05-01T19:52:09","modified_gmt":"2024-05-01T19:52:09","slug":"rapport-forsta-maj-med-framat-kamrater","status":"publish","type":"post","link":"https:\/\/xn--framtkamrater-sfb.se\/?p=815","title":{"rendered":"Rapport: F\u00f6rsta maj med Fram\u00e5t kamrater"},"content":{"rendered":"\n<p><\/p>\n\n\n\n<p><br>V\u00e5r dag b\u00f6rjade som vanligt p\u00e5 Spanienfrivilligas v\u00e4nners frukostsamling p\u00e5 Masthuggstorget. V\u00e4dret bidrog s\u00e4kert till den goda uppslutningen, och f\u00f6rutom arrang\u00f6rerna s\u00e5 talade bland annat <a href=\"https:\/\/www.facebook.com\/SUFuddevalla\">SUF Uddevalla<\/a>. <\/p>\n\n\n\n<figure class=\"wp-block-image size-medium is-resized\"><img loading=\"lazy\" decoding=\"async\" width=\"225\" height=\"300\" src=\"https:\/\/fram\u00e5tkamrater.se\/wp-content\/uploads\/2024\/05\/9-225x300.jpg\" alt=\"\" class=\"wp-image-817\" style=\"width:438px;height:auto\" srcset=\"https:\/\/fram\u00e5tkamrater.se\/wp-content\/uploads\/2024\/05\/9-225x300.jpg 225w, https:\/\/fram\u00e5tkamrater.se\/wp-content\/uploads\/2024\/05\/9-768x1024.jpg 768w, https:\/\/fram\u00e5tkamrater.se\/wp-content\/uploads\/2024\/05\/9-1152x1536.jpg 1152w, https:\/\/fram\u00e5tkamrater.se\/wp-content\/uploads\/2024\/05\/9.jpg 1512w\" sizes=\"auto, (max-width: 225px) 100vw, 225px\" \/><\/figure>\n\n\n\n<p><br>Ungef\u00e4r samtidigt s\u00e5 var vi inbjudna att tala p\u00e5 J\u00e4rntorget f\u00f6r <a href=\"https:\/\/socialistiskpolitik.se\/\">Socialistisk Politik<\/a>s torgm\u00f6te. D\u00e4r h\u00f6ll vi f\u00f6ljande tal: <br><\/p>\n\n\n\n<blockquote class=\"wp-block-quote is-layout-flow wp-block-quote-is-layout-flow\">\n<blockquote class=\"wp-block-quote is-layout-flow wp-block-quote-is-layout-flow\">\n<p><em>Sommaren 2022 anordnade vi ett klimatl\u00e4ger och massblockad vid ing\u00e5ngen till kalkgruvan i Slite p\u00e5 Gotland. En kalkgruva som riksdag och regering till\u00e4ts forts\u00e4tta sin produktion trots att det stred mot Milj\u00f6balken och sj\u00e4lvaste grundlagen \u2013 som politiker ju annars p\u00e5st\u00e5r sig v\u00e4rna s\u00e5 starkt om. Vi tyckte det va ett praktexempel p\u00e5 hur staten alltid tj\u00e4nar kapitalets intressen &#8211; allt snack om liberala v\u00e4rden, grundlagar och klimatm\u00e5l \u00e4r bara retoriska r\u00f6krid\u00e5er n\u00e4r det faktiskt g\u00e4ller.<\/em><\/p>\n\n\n\n<p><em>Sommaren 2024 riktar vi nu uppm\u00e4rksamheten mot skogsindustrin d\u00e4r ett liknande m\u00f6nster tr\u00e4der fram. Omfattande korruption genomsyrar n\u00e4ringsliv, forskning och myndigheter:<\/em><\/p>\n\n\n\n<p>\u00b7 <em>Exempelvis Skogsstyrelsens generaldirekt\u00f6r Herman Sundqvist, som det \u00e4r t\u00e4nkt ska opartiskt granska svensk skog och skogsbruk, \u00e4r sj\u00e4lv skogs\u00e4gare och motarbetar d\u00e4rf\u00f6r kontinuerligt alla former av f\u00f6rs\u00f6k till h\u00e5llbart skogsbruk och lovordar den mest destruktiva formen: kalhyggesbruk. N\u00e5gra utredningar om j\u00e4v eller intressekonflikter som annars \u00e4r standard p\u00e5 svenska myndigheter g\u00e4ller inte Skogsstyrelsen.<\/em><\/p>\n\n\n\n<p>\u00b7 <em>Sveriges Lantbruksuniversitet, d\u00e4r majoriteten av forskning om skog och skogsbruk sker, ligger inte under Utbildningsdepartementet (som man t\u00e4nker sig att just ett st\u00e4lle som ber\u00f6r utbildning b\u00f6r ligga) utan N\u00e4ringslivsdepartementet och universitetet samarbetar ofta med skogsindustrins lobbyorganisationer.<\/em><\/p>\n\n\n\n<p>\u00b7 <em>En skogsforskare som ofta f\u00f6rekommer i media \u00e4r Tomas Lundmark, som ocks\u00e5 \u00e4r skogs\u00e4gare och har t.o.m. f\u00e5tt pris av skogs\u00e4garf\u00f6reningen Mellanskog f\u00f6r att hans forskning fr\u00e4mjat deras vinstintressen.<\/em><\/p>\n\n\n\n<p><em>Detta har lett till att vi har 2000 arter som idag hotas i Sverige p.g.a. skogsbruket. Kalhyggen, allts\u00e5 platser d\u00e4r n\u00e4stan alla tr\u00e4d har f\u00e4llts, r\u00e4knas nu som skog enligt FN. Och nyckelbiotoper, natur d\u00e4r r\u00f6dlistade arter f\u00f6rekommer, registreras inte l\u00e4ngre av Skogsstyrelsen. Skogs\u00e4gare kan numera be SKosstyrelsen avregistrera nyckelbiotoper f\u00f6r att sedan avverka dem.<\/em><\/p>\n\n\n\n<p><em>Enligt Skogsindustriernas egna dokument s\u00e5 kan FNs riktlinjer f\u00f6r koldioxidminskningar fram till 2045 \u201dleda till beslut om att bevara skogen\u201d. Det skulle s\u00e5klart skada deras vinster. D\u00e4rf\u00f6r f\u00f6rnekar de inte bara kalhyggesbrukets klimatp\u00e5verkan utan utm\u00e5lar just kalhyggesbruk som l\u00f6sningen p\u00e5 problemet kalhyggesbruk har skapat.<\/em><\/p>\n\n\n\n<p>D<em>et som g\u00e4ller f\u00f6r kalkgruvor g\u00e4ller \u00e4ven f\u00f6r skogsindustrin: vinster premieras alltid framf\u00f6r liv. Det visar p\u00e5 vad m\u00e5nga av oss redan vet: att klimatpolitik i sin k\u00e4rna \u00e4r klasspolitik. Och kampen om en gr\u00f6n omst\u00e4llning av produktionen \u00e4r i slut\u00e4ndan en fr\u00e5ga om \u00e4gandet av den.<\/em><\/p>\n\n\n\n<p><em>Arbetare h\u00e5lls gisslan av fossilkapitalismen: Vi tvingas l\u00f6nearbeta f\u00f6r att \u00f6verleva, men samtidigt \u00e4ventyras v\u00e5r \u00f6verlevnad av utsl\u00e4ppen fr\u00e5n industrierna m\u00e5nga av oss arbetar i. Vi tvingas gr\u00e4va v\u00e5r egen grav, med andra ord. S\u00e5 fort vi kr\u00e4ver handling mot klimatkrisen, s\u00e5 hotas vi med f\u00f6rlust av v\u00e5ra jobb.<\/em><\/p>\n\n\n\n<p><em>Trots att Sverige \u00e4r ett av de rikaste l\u00e4nderna i v\u00e4rlden och att m\u00e5nga gjort sig snuskigt rika p\u00e5 v\u00e5ra naturresurser s\u00e5 finns det inte p\u00e5 kartan att f\u00f6retag eller stat skulle kompensera de arbetare som skulle beh\u00f6va st\u00e4lla om i en gr\u00f6n omst\u00e4llning. Vi anser att ingen ska beh\u00f6va v\u00e4lja mellan arbetsl\u00f6shet eller klimatkatastrof. Omst\u00e4llningen ska inte drabba dig och mig. De som profiterar p\u00e5 klimatkrisen ska ocks\u00e5 betala f\u00f6r den! Det \u00e4r bara genom ett demokratiskt \u00e4gande av produktionen som en gr\u00f6n omst\u00e4llning kan lyckas.<\/em><\/p>\n\n\n\n<p><em>Allts\u00e5 kommer solidariteten arbetare emellan vara avg\u00f6rande. Och v\u00e5r makt g\u00e5r bortom makten p\u00e5 jobbet. Precis som att arbetskamrater uppt\u00e4cker sin makt n\u00e4r de st\u00e4ller gemensamma krav eller tar en kollektiv konflikt p\u00e5 arbetsplatsen, p\u00e5 samma s\u00e4tt uppt\u00e4cker vi v\u00e5r makt i massaktionen.<\/em><\/p>\n\n\n\n<p><em>15-19 juni 2024 s\u00e5 visar vi v\u00e5r kollektiva kraft. Det g\u00f6r vi tillsammans, genom att tr\u00e4ffas, n\u00e4tverka och agera utifr\u00e5n ett stort klimatl\u00e4ger, och finner d\u00e4rigenom den styrka och de resurser vi beh\u00f6ver f\u00f6r att ta n\u00e4sta steg:<\/em><\/p>\n\n\n\n<p><em>Att inte bara st\u00e4nga ner eller blockera en viss industri, utan att st\u00e4nga ner hela det system som sk\u00f6vlar v\u00e5r planet och f\u00f6r att bygga n\u00e5got annat tillsammans! Jag hoppas vi ses d\u00e4r!<\/em><br><\/p>\n<\/blockquote>\n<\/blockquote>\n\n\n\n<p>I Syndikalistisk F\u00f6rsta Maj formerade vi ett internationalistiskt block tillsammans med bland annat <a href=\"https:\/\/www.facebook.com\/samidoungbg\">Samidoun<\/a>, <a href=\"https:\/\/www.facebook.com\/SUFuddevalla\">SUF Uddevalla<\/a> och <a href=\"https:\/\/www.rojavakommitteerna.com\/\">Rojavakommitt\u00e9ern<\/a>a. Demon samlade cirka 1400 personer och gick till B\u00e4ltessp\u00e4nnareparken, var vi delade flygblad inf\u00f6r klimatl\u00e4gret <a href=\"https:\/\/takeconcreteaction.info\/\">Take Concrete Action<\/a> i sommar. <\/p>\n\n\n\n<figure class=\"wp-block-image size-medium\"><img loading=\"lazy\" decoding=\"async\" width=\"225\" height=\"300\" src=\"https:\/\/fram\u00e5tkamrater.se\/wp-content\/uploads\/2024\/05\/4-225x300.jpg\" alt=\"\" class=\"wp-image-819\" srcset=\"https:\/\/fram\u00e5tkamrater.se\/wp-content\/uploads\/2024\/05\/4-225x300.jpg 225w, https:\/\/fram\u00e5tkamrater.se\/wp-content\/uploads\/2024\/05\/4-768x1024.jpg 768w, https:\/\/fram\u00e5tkamrater.se\/wp-content\/uploads\/2024\/05\/4-1152x1536.jpg 1152w, https:\/\/fram\u00e5tkamrater.se\/wp-content\/uploads\/2024\/05\/4.jpg 1512w\" sizes=\"auto, (max-width: 225px) 100vw, 225px\" \/><\/figure>\n\n\n\n<figure class=\"wp-block-image size-medium\"><img loading=\"lazy\" decoding=\"async\" width=\"300\" height=\"225\" src=\"https:\/\/fram\u00e5tkamrater.se\/wp-content\/uploads\/2024\/05\/6-300x225.jpg\" alt=\"\" class=\"wp-image-820\" srcset=\"https:\/\/fram\u00e5tkamrater.se\/wp-content\/uploads\/2024\/05\/6-300x225.jpg 300w, https:\/\/fram\u00e5tkamrater.se\/wp-content\/uploads\/2024\/05\/6-1024x768.jpg 1024w, https:\/\/fram\u00e5tkamrater.se\/wp-content\/uploads\/2024\/05\/6-768x576.jpg 768w, https:\/\/fram\u00e5tkamrater.se\/wp-content\/uploads\/2024\/05\/6-1536x1152.jpg 1536w, https:\/\/fram\u00e5tkamrater.se\/wp-content\/uploads\/2024\/05\/6.jpg 2016w\" sizes=\"auto, (max-width: 300px) 100vw, 300px\" \/><\/figure>\n\n\n\n<figure class=\"wp-block-image size-medium\"><img loading=\"lazy\" decoding=\"async\" width=\"225\" height=\"300\" src=\"https:\/\/fram\u00e5tkamrater.se\/wp-content\/uploads\/2024\/05\/2-225x300.jpg\" alt=\"\" class=\"wp-image-818\" srcset=\"https:\/\/fram\u00e5tkamrater.se\/wp-content\/uploads\/2024\/05\/2-225x300.jpg 225w, https:\/\/fram\u00e5tkamrater.se\/wp-content\/uploads\/2024\/05\/2-768x1024.jpg 768w, https:\/\/fram\u00e5tkamrater.se\/wp-content\/uploads\/2024\/05\/2-1152x1536.jpg 1152w, https:\/\/fram\u00e5tkamrater.se\/wp-content\/uploads\/2024\/05\/2.jpg 1512w\" sizes=\"auto, (max-width: 225px) 100vw, 225px\" \/><\/figure>\n\n\n\n<p><br>Efter v\u00e5ra egna firanden s\u00e5 deltog vi i protesterna mot AFS torgm\u00f6te. En sorglig samling av cirka 40 nazister \u00f6verr\u00f6stades tydligt av 300 h\u00f6gljudda kamrater. D\u00e4refter tog vi funktion\u00e4rsroller p\u00e5 Klubb Klasskrig, var vi mellan tv\u00e5 upptr\u00e4danden passade p\u00e5 att h\u00e5lla f\u00f6ljande korta appell: <\/p>\n\n\n\n<blockquote class=\"wp-block-quote is-layout-flow wp-block-quote-is-layout-flow\">\n<p><em>Hej och tack f\u00f6r en fin kampdag. Jag kommer fr\u00e5n Fram\u00e5t kamrater och jag vill bara s\u00e4ga n\u00e5got kort om klimatl\u00e4gret Take Concrete Action i G\u00e4vle i sommar. Precis som v\u00e5r dag idag s\u00e5 \u00e4r den trevligaste politiken den d\u00e4r vi lyckas skapa en mix av kamp, l\u00e4rdomar, n\u00e4tverkande och FEST. D\u00e4rf\u00f6r arrangerar vi ett fyra dagar l\u00e5ngt klimatl\u00e4ger i G\u00e4vle i juni. Hela v\u00e4nstern utanf\u00f6r partierna kommer finnas representerade med f\u00f6rel\u00e4sningar, workshops och samtal, klimataktivister fr\u00e5n hela Europa kommer att ber\u00e4tta vilka projekt de driver just nu, det blir kulturinslag, Syndikalisternas generalsekreterare kommer vara d\u00e4r, vi kommer vara d\u00e4r, SUF kommer vara d\u00e4r, allt \u00e5t alla g\u00f6teborgs klimatgrupp kommer vara d\u00e4r och som grand final s\u00e5 ryktas det att om en hel dag vigd \u00e5t kollektiva aktioner. Missa inte sommarens absolut fetaste grej, vi ses i G\u00e4vle den 15:e juni, v\u00e5ra flygblad finns \u00f6verallt i lokalen och bes\u00f6k v\u00e5r hemsida takeconcreteaction.info eller v\u00e5ra sociala medier. F\u00f6r en v\u00e4rld utan sv\u00e4lt, tv\u00e5ng eller skogsbaroner! Fram\u00e5t!<\/em><\/p>\n<\/blockquote>\n\n\n\n<figure class=\"wp-block-image size-medium\"><img loading=\"lazy\" decoding=\"async\" width=\"300\" height=\"155\" src=\"https:\/\/fram\u00e5tkamrater.se\/wp-content\/uploads\/2024\/05\/12-300x155.jpg\" alt=\"\" class=\"wp-image-821\" srcset=\"https:\/\/fram\u00e5tkamrater.se\/wp-content\/uploads\/2024\/05\/12-300x155.jpg 300w, https:\/\/fram\u00e5tkamrater.se\/wp-content\/uploads\/2024\/05\/12-1024x529.jpg 1024w, https:\/\/fram\u00e5tkamrater.se\/wp-content\/uploads\/2024\/05\/12-768x397.jpg 768w, https:\/\/fram\u00e5tkamrater.se\/wp-content\/uploads\/2024\/05\/12.jpg 1200w\" sizes=\"auto, (max-width: 300px) 100vw, 300px\" \/><\/figure>\n","protected":false},"excerpt":{"rendered":"<p>V\u00e5r dag b\u00f6rjade som vanligt p\u00e5 Spanienfrivilligas v\u00e4nners frukostsamling p\u00e5 Masthuggstorget. V\u00e4dret bidrog s\u00e4kert till den goda uppslutningen, och f\u00f6rutom arrang\u00f6rerna s\u00e5 talade bland annat SUF Uddevalla. Ungef\u00e4r samtidigt s\u00e5 var vi inbjudna att tala p\u00e5 J\u00e4rntorget f\u00f6r Socialistisk Politiks torgm\u00f6te. D\u00e4r h\u00f6ll vi f\u00f6ljande tal: I Syndikalistisk F\u00f6rsta Maj formerade vi ett internationalistiskt block [&#8230;]<\/p>\n<p><a class=\"btn btn-secondary understrap-read-more-link\" href=\"https:\/\/xn--framtkamrater-sfb.se\/?p=815\">Read More&#8230;<span class=\"screen-reader-text\"> from Rapport: F\u00f6rsta maj med Fram\u00e5t kamrater<\/span><\/a><\/p>\n","protected":false},"author":1,"featured_media":816,"comment_status":"closed","ping_status":"closed","sticky":false,"template":"","format":"standard","meta":{"footnotes":""},"categories":[1],"tags":[],"class_list":["post-815","post","type-post","status-publish","format-standard","has-post-thumbnail","hentry","category-uncategorized"],"_links":{"self":[{"href":"https:\/\/xn--framtkamrater-sfb.se\/index.php?rest_route=\/wp\/v2\/posts\/815","targetHints":{"allow":["GET"]}}],"collection":[{"href":"https:\/\/xn--framtkamrater-sfb.se\/index.php?rest_route=\/wp\/v2\/posts"}],"about":[{"href":"https:\/\/xn--framtkamrater-sfb.se\/index.php?rest_route=\/wp\/v2\/types\/post"}],"author":[{"embeddable":true,"href":"https:\/\/xn--framtkamrater-sfb.se\/index.php?rest_route=\/wp\/v2\/users\/1"}],"replies":[{"embeddable":true,"href":"https:\/\/xn--framtkamrater-sfb.se\/index.php?rest_route=%2Fwp%2Fv2%2Fcomments&post=815"}],"version-history":[{"count":5,"href":"https:\/\/xn--framtkamrater-sfb.se\/index.php?rest_route=\/wp\/v2\/posts\/815\/revisions"}],"predecessor-version":[{"id":826,"href":"https:\/\/xn--framtkamrater-sfb.se\/index.php?rest_route=\/wp\/v2\/posts\/815\/revisions\/826"}],"wp:featuredmedia":[{"embeddable":true,"href":"https:\/\/xn--framtkamrater-sfb.se\/index.php?rest_route=\/wp\/v2\/media\/816"}],"wp:attachment":[{"href":"https:\/\/xn--framtkamrater-sfb.se\/index.php?rest_route=%2Fwp%2Fv2%2Fmedia&parent=815"}],"wp:term":[{"taxonomy":"category","embeddable":true,"href":"https:\/\/xn--framtkamrater-sfb.se\/index.php?rest_route=%2Fwp%2Fv2%2Fcategories&post=815"},{"taxonomy":"post_tag","embeddable":true,"href":"https:\/\/xn--framtkamrater-sfb.se\/index.php?rest_route=%2Fwp%2Fv2%2Ftags&post=815"}],"curies":[{"name":"wp","href":"https:\/\/api.w.org\/{rel}","templated":true}]}}