{"id":910,"date":"2025-02-10T20:11:59","date_gmt":"2025-02-10T20:11:59","guid":{"rendered":"https:\/\/xn--framtkamrater-sfb.se\/?p=910"},"modified":"2025-02-12T00:03:54","modified_gmt":"2025-02-12T00:03:54","slug":"varat-tal-vid-solidaritetsdemon-backa-erik","status":"publish","type":"post","link":"https:\/\/xn--framtkamrater-sfb.se\/?p=910","title":{"rendered":"V\u00e5rat tal vid solidaritetsdemon &#8220;Backa Erik&#8221;"},"content":{"rendered":"\n<p><em>F\u00f6ljande tal h\u00f6lls av Fk under Solidaritetsdemonstrationen &#8220;Backa Erik&#8221; 2025-02-10<\/em><\/p>\n\n\n\n<p>Ni vet alla varf\u00f6r vi \u00e4r h\u00e4r. Tidigare i veckan p\u00e5b\u00f6rjade Svenska Hamnarbetarf\u00f6rbundet sin lagliga blockad av israelskt krigsmaterial, i solidaritet med folket i Palestina och i protest mot det p\u00e5g\u00e5ende folkmordet. En blockad som i m\u00e5ngt och mycket \u00f6verskuggats av annat.<\/p>\n\n\n\n<p>Dagen innan blockaden meddelades hamnarbetarf\u00f6rbundets vice ordf\u00f6rande Erik Helgeson av arbetsk\u00f6paren Gothenburg Roro Terminal att han varslats och polisanm\u00e4lts f\u00f6r illojalitet och brott mot s\u00e4kerhetsskyddslagen &#8211; en anklagelse som utretts och avf\u00e4rdats i arbetsdomstolen och som snabbt avf\u00e4rdades \u00e4ven av justitiekanslern och polisen. Hans p\u00e5st\u00e5dda brott &#8211; att p\u00e5 beg\u00e4ran fr\u00e5n AD ha delat offentlig och l\u00e4ttillg\u00e4nglig info om blockadens konsekvenser, i egenskap av fackrepresentant. Detta, menar Roro Terminal, ska ha gjort honom till ett hot mot hamnens och rikets s\u00e4kerhet.<\/p>\n\n\n\n<p>F\u00f6r oss \u00e4r situationen solklar. Det \u00e4r ingen hemlighet att Hamnarbetarna \u00e4r avskydda av kapitalet. Fram\u00e5t kamrater var med under Strike Back redan f\u00f6r sju \u00e5r sedan, n\u00e4r arbetarr\u00f6relsen med hamnarbetarna i spetsen protesterade mot d\u00e5varande sosse-regeringens nedmontering av r\u00e4tten till politiska strejker. \u00c4ven d\u00e5 f\u00f6rs\u00f6kte, och misslyckades, arbetsk\u00f6parna i hamnen med att peka ut enskilda fackrepresentanter och kr\u00e4va dem p\u00e5 skadest\u00e5nd. Det h\u00e4r \u00e4r inget annat \u00e4n en forts\u00e4ttning av samma politik.<\/p>\n\n\n\n<p>I en tid av inskr\u00e4nkningar av v\u00e5ra grundlagskyddade fri- och r\u00e4ttigheter s\u00e5som f\u00f6reningsr\u00e4tt och demonstrationsfrihet &#8211; med lagf\u00f6rslag som l\u00e5ter polisen neka tillst\u00e5nd till demonstrationer som de anser hota rikets s\u00e4kerhet, samtidigt som de b\u00f6rjat peka ut och gripa arrang\u00f6rer av demonstrationer och \u00f6ppet \u00e5siktsregistrera demonstranter; d\u00e4r studenter i Lund f\u00e5r batonggrepp om halsen och kastas avkl\u00e4dda i fryskalla celler; och d\u00e4r fredliga studenter utm\u00e5las som hot mot sina egna universitet, framst\u00e5r varslet av en facklig representant som agerar i solidaritet med palestina endast som \u00e4nnu en upptrappning i klasskriget och nedmonteringen av v\u00e5ra fri- och r\u00e4ttigheter.<\/p>\n\n\n\n<p>Vi lever i en tid d\u00e4r staten och kapitalet under tid\u00f6lagets bl\u00e5bruna regim l\u00e4nkar arm f\u00f6r att uppn\u00e5 tv\u00e5 saker: total kontroll och maximal profit. Repressionen lyckas som b\u00e4st n\u00e4r vi var och en \u00e4r f\u00f6r r\u00e4dda f\u00f6r personliga kostnader f\u00f6r att agera kollektivt. P\u00e5 s\u00e5 s\u00e4tt f\u00f6rs\u00f6ker de br\u00e4cka v\u00e5rt starkaste vapen: kollektivet.<\/p>\n\n\n\n<p>Det \u00e4r i denna kontext, som Gothenburg Roro Terminal med vinden i ryggen g\u00f6r en chansning &#8211; de plockar ut en enskild f\u00f6rtroendevald som bara representerar medlemmarnas vilja, varlsar honom, och s\u00e4tter ett exempel f\u00f6r framtida fackliga, att om du g\u00e5r emot dem s\u00e5 kommer de g\u00f6ra ditt liv till ett helvete.<\/p>\n\n\n\n<p>Det hela f\u00f6r tankarna tillbaka till den tidiga arbetarr\u00f6relsen, till potatiskravallerna och Seskar\u00f6upproret, innan samf\u00f6rst\u00e5nd och eftergifter, n\u00e4r klasskriget var ett krig med stort K. Kapitalistklassen har gl\u00f6mt att arbetsregleringar \u00e4r till f\u00f6r deras skull, inte v\u00e5r. De vill f\u00e5 det att verka som att det \u00e4r de, som av sitt hj\u00e4rtas godhet gett oss de fri- och r\u00e4ttigheter vi alltf\u00f6r ofta tar f\u00f6r givet, som gett oss f\u00f6rs\u00f6rjning och arbetstidsf\u00f6rkortning, som lyft nationen till v\u00e4lst\u00e5nd och v\u00e4lf\u00e4rd. Det \u00e4r bullshit.<\/p>\n\n\n\n<p>Arbetsk\u00f6parna har k\u00e4mpat emot varenda en av v\u00e5ra r\u00e4ttigheter. Det \u00e4r 1900-talets fackliga kamper som vi har att tacka f\u00f6r allt. Och fr\u00e5n denna kamp framg\u00e5r en sak tydligt: att kriminaliseringen av solidaritet och organisering underifr\u00e5n har aldrig kv\u00e4vt motst\u00e5ndet &#8211; det har bara f\u00e5tt konflikten att h\u00e5rdna.<\/p>\n\n\n\n<p>Med strejker och blockader visar vi hur mycket det kan kosta arbetsk\u00f6pare att v\u00e4gra g\u00e5 med p\u00e5 v\u00e5ra krav. Det \u00e4r vi som sm\u00f6rjer hjulen i deras byr\u00e5kratier, som producerar v\u00e4rdet som gjort kapitalistklassen rik och som m\u00f6jligg\u00f6r deras krigsf\u00f6ring och folkmord. De beh\u00f6ver oss &#8211; vi beh\u00f6ver inte dem. D\u00e4ri ligger v\u00e5r gemensamma makt. N\u00e4r vi tillsammans l\u00e4gger ner v\u00e5rt arbete s\u00e5 demonstrerar vi den.<\/p>\n\n\n\n<p>De satsar p\u00e5 att v\u00e5rt motst\u00e5nd kommer att vara s\u00e5 svagt att de kan komma undan med det. De misstar sig. Bara n\u00e4r v\u00e5rt motst\u00e5nd kostar mer \u00e4n vad de har att vinna, kommer de att lyssna. Och vi kommer att f\u00e5 dem att lyssna.<\/p>\n\n\n\n<p>Gothenburg Roro Terminal g\u00e5r p\u00e5 hamnarbetarna f\u00f6r att de ser dem som ett hot. Och l\u00e5t mig s\u00e4ga &#8211; de har inte fel. F\u00f6r n\u00e4r vi g\u00e5r samman, med internationell solidaritet och organiserat motst\u00e5nd, blir vi livsfarliga f\u00f6r alla auktorit\u00e4ra, folkmordsvurmande och fascistiska maktordningar.<\/p>\n\n\n\n<p>Det \u00e4r nu det g\u00e4ller. Det \u00e4r dags att vi tar striden bortom tandl\u00f6sa demonstrationer. Det \u00e4r endast genom direktaktion och stridbara fackf\u00f6reningar, styrda av oss och f\u00f6r oss som vi kan tillgodose v\u00e5ra egna behov och h\u00e5lla oss trygga.<\/p>\n\n\n\n<p>S\u00e5 organisera er! Ta till sympati\u00e5tg\u00e4rder! Strejka, maska, l\u00e4mna flygblad i fikarummet och g\u00f6r er till ett hot att ta p\u00e5 allvar! Tillsammans tar vi fajten!<\/p>\n\n\n\n<p>L\u00e4nge leve hamnarbetarna, l\u00e4nge leve palestina och l\u00e4nge leve motst\u00e5ndet!<\/p>\n","protected":false},"excerpt":{"rendered":"<p>F\u00f6ljande tal h\u00f6lls av Fk under Solidaritetsdemonstrationen &#8220;Backa Erik&#8221; 2025-02-10 Ni vet alla varf\u00f6r vi \u00e4r h\u00e4r. Tidigare i veckan p\u00e5b\u00f6rjade Svenska Hamnarbetarf\u00f6rbundet sin lagliga blockad av israelskt krigsmaterial, i solidaritet med folket i Palestina och i protest mot det p\u00e5g\u00e5ende folkmordet. En blockad som i m\u00e5ngt och mycket \u00f6verskuggats av annat. Dagen innan blockaden [&#8230;]<\/p>\n<p><a class=\"btn btn-secondary understrap-read-more-link\" href=\"https:\/\/xn--framtkamrater-sfb.se\/?p=910\">Read More&#8230;<span class=\"screen-reader-text\"> from V\u00e5rat tal vid solidaritetsdemon &#8220;Backa Erik&#8221;<\/span><\/a><\/p>\n","protected":false},"author":1,"featured_media":912,"comment_status":"closed","ping_status":"closed","sticky":false,"template":"","format":"standard","meta":{"footnotes":""},"categories":[1],"tags":[],"class_list":["post-910","post","type-post","status-publish","format-standard","has-post-thumbnail","hentry","category-uncategorized"],"_links":{"self":[{"href":"https:\/\/xn--framtkamrater-sfb.se\/index.php?rest_route=\/wp\/v2\/posts\/910","targetHints":{"allow":["GET"]}}],"collection":[{"href":"https:\/\/xn--framtkamrater-sfb.se\/index.php?rest_route=\/wp\/v2\/posts"}],"about":[{"href":"https:\/\/xn--framtkamrater-sfb.se\/index.php?rest_route=\/wp\/v2\/types\/post"}],"author":[{"embeddable":true,"href":"https:\/\/xn--framtkamrater-sfb.se\/index.php?rest_route=\/wp\/v2\/users\/1"}],"replies":[{"embeddable":true,"href":"https:\/\/xn--framtkamrater-sfb.se\/index.php?rest_route=%2Fwp%2Fv2%2Fcomments&post=910"}],"version-history":[{"count":1,"href":"https:\/\/xn--framtkamrater-sfb.se\/index.php?rest_route=\/wp\/v2\/posts\/910\/revisions"}],"predecessor-version":[{"id":911,"href":"https:\/\/xn--framtkamrater-sfb.se\/index.php?rest_route=\/wp\/v2\/posts\/910\/revisions\/911"}],"wp:featuredmedia":[{"embeddable":true,"href":"https:\/\/xn--framtkamrater-sfb.se\/index.php?rest_route=\/wp\/v2\/media\/912"}],"wp:attachment":[{"href":"https:\/\/xn--framtkamrater-sfb.se\/index.php?rest_route=%2Fwp%2Fv2%2Fmedia&parent=910"}],"wp:term":[{"taxonomy":"category","embeddable":true,"href":"https:\/\/xn--framtkamrater-sfb.se\/index.php?rest_route=%2Fwp%2Fv2%2Fcategories&post=910"},{"taxonomy":"post_tag","embeddable":true,"href":"https:\/\/xn--framtkamrater-sfb.se\/index.php?rest_route=%2Fwp%2Fv2%2Ftags&post=910"}],"curies":[{"name":"wp","href":"https:\/\/api.w.org\/{rel}","templated":true}]}}