{"id":936,"date":"2025-06-13T09:22:34","date_gmt":"2025-06-13T09:22:34","guid":{"rendered":"https:\/\/xn--framtkamrater-sfb.se\/?p=936"},"modified":"2025-06-13T09:22:34","modified_gmt":"2025-06-13T09:22:34","slug":"arets-queeraste-stridsfraga-2019-men-standigt-aktuell","status":"publish","type":"post","link":"https:\/\/xn--framtkamrater-sfb.se\/?p=936","title":{"rendered":"\u00c5rets queeraste stridsfr\u00e5ga (2019 men st\u00e4ndigt aktuell!)"},"content":{"rendered":"\n<p><\/p>\n\n\n\n<p><em>Nedan f\u00f6ljer en text som Fram\u00e5t Kamrater skrev 2019. Vi v\u00e4ljer att \u00e5terpublicera den igen!<\/em><\/p>\n\n\n\n<p><\/p>\n\n\n\n<p>Februari 2019. En queerklubb i G\u00f6teborg. Musiken skakar genom det r\u00f6da dunklet, mot stenv\u00e4ggarna. Kv\u00e4llen \u00e4r ung men du f\u00f6rs\u00f6ker redan undvika n\u00e5gon du hookade med f\u00f6rra \u00e5ret, som dumpat dig. Tack och lov \u00e4r dansgolvet ett hav av folk, som du kan bli en del av. Alla tittar mot en video som projiceras p\u00e5 v\u00e4ggen \u2013 The Ketchup Song \u2013 och dansar som de i musikvideon. Fingrarna spretar och h\u00e4nderna v\u00e4xlar plats framf\u00f6r magen, innan de viftar sig ovanf\u00f6r huvudet. Festarrang\u00f6rerna var tweens n\u00e4r l\u00e5ten sl\u00e4pptes, 2002. Du hukar dig f\u00f6r att komma undan ditt ex, och st\u00e4ller dig l\u00e4ngst bak vid en stolpe, n\u00e4ra n\u00e5gra v\u00e4nner, och du dansar med.<\/p>\n\n\n\n<p>Av ren slump kikar du upp p\u00e5 stolpen, och h\u00e4nderna gl\u00f6mmer att dansa, fingrarna gl\u00f6mmer att spreta. Det \u00e4r affischen f\u00f6r Strike Back 2.0.<\/p>\n\n\n\n<p>Vi pausar h\u00e4r, i det h\u00e4r \u00f6gonblicket, n\u00e4r du f\u00e5r syn p\u00e5 n\u00e5got som h\u00e4nger i festens bakgrund. Tjugo\u00e5ringar kommer h\u00e5ngla under den affischen i natt. Din lovers partner kommer att h\u00e4lsa p\u00e5 dig f\u00f6r f\u00f6rsta g\u00e5ngen, under den affischen.<\/p>\n\n\n\n<p>Den queera r\u00f6relsen har smygh\u00e5nglat med strejkr\u00e4ttsr\u00f6relsen l\u00e4nge nu. Fram\u00e5t kamrater h\u00f6ll ett fullsatt f\u00f6redrag p\u00e5 Reclaim Pride i augusti. Strike Back har genomf\u00f6rts av grupper d\u00e4r queers tagit stort ansvar b\u00e5de i planeringen och p\u00e5 plats. Det g\u00e4ller aktionsdagen 25\/8 i Stockholm liksom landsomfattande Strike back 2.0 i h\u00f6stas. Vi har burit frontbanderoller, ledflaggor och h\u00e5llit tal. Vi har bokat transporter, varit utsatta f\u00f6r polisrepression och hj\u00e4lpt varann begripa de olika politiska v\u00e4ndningarna. Vi har affischerat, delat flygblad och pratat med v\u00e5ra \u00e4lskare och arbetskamrater.<\/p>\n\n\n\n<p>Vi \u00e4r queera och vi \u00e4r en sj\u00e4lvklar del av r\u00f6relsen f\u00f6r att f\u00f6rsvara strejkr\u00e4tten. Precis som strejkr\u00e4ttsaffischen givetvis h\u00e4nger i queerfestens bakgrund, s\u00e5 \u00e4r queer del av strejkr\u00e4ttskampens bakgrund.<\/p>\n\n\n\n<p>*<\/p>\n\n\n\n<p>Men, fr\u00e5gar en l\u00e4sare, det h\u00e4r med strejkr\u00e4tten handlar v\u00e4l \u00e4nd\u00e5 bara om n\u00e5gra hamnarbetare? Vad har det med <em>mig<\/em> att g\u00f6ra?<\/p>\n\n\n\n<p>Vi svarar: Nej, du har fel. Hotet mot strejkr\u00e4tten ber\u00f6r <em>oss alla<\/em>, \u00e4ven om konflikten som b\u00f6rjade i G\u00f6teborgs hamn f\u00f6r n\u00e5gra \u00e5r sedan har anv\u00e4nts som en urs\u00e4kt f\u00f6r att inskr\u00e4nka den.<\/p>\n\n\n\n<p>Det \u00e4r v\u00e4l b\u00e4st att vi b\u00f6rjar fr\u00e5n b\u00f6rjan.<\/p>\n\n\n\n<p>*<\/p>\n\n\n\n<p>Det finns en konflikt mellan oss som arbetar, och de som k\u00f6per v\u00e5r arbetskraft. Vi har helt olika intressen. Arbetsk\u00f6parna vill k\u00f6pa arbetskraft till ett s\u00e5 l\u00e5gt pris som m\u00f6jligt. Vi vill naturligtvis ha OB, betald semester, f\u00f6r\u00e4ldraledighet och l\u00f6n som g\u00e5r att leva p\u00e5. Inget av det h\u00e4r har vi f\u00e5tt gratis fr\u00e5n arbetsk\u00f6parna. Att f\u00e5 beh\u00e5lla det \u00e4r en p\u00e5g\u00e5ende kamp.<\/p>\n\n\n\n<p>Kampen f\u00f6r r\u00e4ttigheter p\u00e5 jobbet \u00e4r en ber\u00e4ttelse som vi kan ber\u00e4tta fr\u00e5n 1800-talet n\u00e4r industrialismen tog sin b\u00f6rjan. H\u00f6gersidan f\u00f6rs\u00f6ker f\u00f6rst\u00e5s f\u00e5 det att l\u00e5ta som att arbetsgivarna varit <em>goda och sn\u00e4lla<\/em> och gett oss b\u00e5de f\u00f6rs\u00f6rjning och arbetstidsf\u00f6rkortning till \u00e5tta timmar per dag, och samtidigt lyft nationen till v\u00e4lst\u00e5nd och v\u00e4lf\u00e4rd. Men det \u00e4r inte sant. Alla vet att f\u00f6retag m\u00e5ste tj\u00e4na pengar f\u00f6r att \u00f6verleva. I kapitalismen s\u00e5 riskerar varje f\u00f6retag att sl\u00e5s ut om det inte g\u00e5r med vinst. Personalkostnader \u00e4r en rad i en budget, och ju goare vi f\u00e5r det p\u00e5 jobbet, desto mer kostar vi. Arbetsk\u00f6parna har <em>k\u00e4mpat emot<\/em> varenda en av v\u00e5ra arbetsr\u00e4ttigheter. Det \u00e4r 1900-talets fackliga kamper som vi har att tacka f\u00f6r allt. Det b\u00f6rjade med motst\u00e5ndet p\u00e5 fabriksgolven, i hamnarna, inne i skogen, nere i gruvorna. De vi har att tacka \u00e4r ocks\u00e5 de som lagade mat, gav omsorg, k\u00e4rlek och styrka till alla som k\u00e4mpade fackligt.<\/p>\n\n\n\n<p>Det finns en parallell: Alla politiska partier f\u00f6rs\u00f6ker utm\u00e5la sig som hbtq-k\u00e4mpar, som minsann har <em>gett<\/em> oss r\u00e4tten att gifta oss och skaffa barn. Men vi vet ju att varje s\u00e5nt politiskt beslut har f\u00f6reg\u00e5tts av decennier av gr\u00e4srotskamp \u2013 queers f\u00f6re oss har riskerat jobb och sociala relationer n\u00e4r de g\u00e5tt samman och kr\u00e4vt respekt och lika m\u00f6jligheter. All politisk f\u00f6r\u00e4ndring som vinner mark \u00e5t oss b\u00f6rjar underifr\u00e5n. Vi blir s\u00e5 h\u00f6gljudda att makthavarna inte har n\u00e5got val. Det \u00e4r n\u00e4r v\u00e5ra protester kostar dem f\u00f6r mycket, som de b\u00f6rjar lyssna.<\/p>\n\n\n\n<p>Strejken \u00e4r en strategi f\u00f6r att demonstrera <em>hur mycket det kostar arbetsk\u00f6paren<\/em> att v\u00e4gra g\u00e5 med p\u00e5 v\u00e5ra krav. Det \u00e4r vi som jobbar p\u00e5 t\u00e5gen, i skolorna, p\u00e5 sjukhusen. Det \u00e4r vi som l\u00e4gger v\u00e4garna, bygger husen, och tar hand om de \u00e4ldre. Det \u00e4r vi som producerar v\u00e4rdet som gjort kapitalistklassen rik. Varenda krona av deras vinster har de oss att tacka f\u00f6r. Vi kan rent av s\u00e4ga: Varenda krona av deras vinster \u00e4r v\u00e5ra. De beh\u00f6ver oss \u2013 vi beh\u00f6ver inte dem. D\u00e4ri ligger v\u00e5r gemensamma makt. N\u00e4r vi tillsammans l\u00e4gger ner v\u00e5rt arbete s\u00e5 demonstrerar vi den.<\/p>\n\n\n\n<p>*<\/p>\n\n\n\n<p>Nu har det g\u00e5tt mer \u00e4n ett \u00e5r sedan arbetsmarknadsminister Ylva Johansson (S) meddelade att strejkr\u00e4tten m\u00e5ste inskr\u00e4nkas, och tillsatte en utredning.<a href=\"https:\/\/xn--framtkamrater-sfb.se\/?p=296#sdfootnote1sym\"><sup>1<\/sup><\/a> Regeringens inst\u00e4llning m\u00f6tte facklig kritik fr\u00e5n b\u00f6rjan, som sedan dess bara har vuxit. Det \u00e4r ett drama med samma komplexitet som ett gr\u00f6tigt poly-breakup. Med st\u00f6rre bitterhet. En reva har g\u00e5tt genom stora fackf\u00f6rbund. Fackpampar har gjort tv\u00e4rtemot viljan hos arbetarna de f\u00f6retr\u00e4der, och b\u00f6rjat s\u00e4llskapa med h\u00f6ga n\u00e4ringslivstoppar. Som i b\u00f6rjan av juni, n\u00e4r Hotell och Restaurangfacket HRF hade sin \u00e5rskongress och 30 000 medlemmar sa sitt i fr\u00e5gan om strejkr\u00e4tten \u2013 att ta avst\u00e5nd fr\u00e5n utredningen om att inskr\u00e4nka den. Men 48 timmar senare lanserades ett inskr\u00e4nkningsf\u00f6rslag av <em>n\u00e4ringslivet och fackpampar tillsammans<\/em> \u2013 d\u00e4ribland Malin Ackholt, HRF:s ordf\u00f6rande.<a href=\"https:\/\/xn--framtkamrater-sfb.se\/?p=296#sdfootnote2sym\"><sup>2<\/sup><\/a> \u201dParterna \u00f6verens om strejkr\u00e4tten\u201d, ropade tidningsrubrikerna, men hur kan parterna vara \u00f6verens n\u00e4r de av oss som jobbar i restauranger, st\u00e4dar hotell och bemannar caf\u00e9er blir \u00f6verk\u00f6rda av de som egentligen ska f\u00f6ra v\u00e5r talan?<\/p>\n\n\n\n<p>Regeringen f\u00f6rs\u00f6ker nu skynda p\u00e5 saken s\u00e5 att strejkr\u00e4tten ska inskr\u00e4nkas redan i sommar.<a href=\"https:\/\/xn--framtkamrater-sfb.se\/?p=296#sdfootnote3sym\"><sup>3<\/sup><\/a><\/p>\n\n\n\n<p>Socialdemokratins m\u00e5nga svek g\u00e5r inte att h\u00e5lla r\u00e4kningen p\u00e5. De senaste \u00e5ren har det varit de st\u00e4ngda gr\u00e4nserna. Den nya mittenregeringen vill b\u00f6rja talla p\u00e5 lagen om anst\u00e4llningsskydd. Angreppet p\u00e5 strejkr\u00e4tten ter sig d\u00e4rmed som en tjuvstart p\u00e5 n\u00e5got allt v\u00e4rre.<\/p>\n\n\n\n<p>Ironins skarpa udd \u2013 Homosexuella, bisexuella och inte minst transpersoner och queera har k\u00e4mpat i decennier, och forts\u00e4tter k\u00e4mpa, f\u00f6r att vi ska kunna s\u00e4lja v\u00e5r arbetskraft utan att bli det minsta diskriminerade. Men under samma decennier har Svenskt n\u00e4ringsliv kampanjat f\u00f6r att inskr\u00e4nka r\u00e4ttigheterna f\u00f6r oss alla. Det \u00e4r i deras ledband sossarna nu villigt springer.<\/p>\n\n\n\n<p>L\u00e4nge leve j\u00e4mlikheten! Straight eller gay, cis eller trans, det kvittar lika. P\u00e5 den h\u00e4r fronten \u00e4r vi alla fucked.<\/p>\n\n\n\n<p>*<\/p>\n\n\n\n<p>Ni g\u00e5r ut fr\u00e5n queerklubben f\u00f6r att ta en cigg. Kanalen guppar svart under \u00c4lvsborgsbron, speglar lyktorna fr\u00e5n bussar och bilar, fr\u00e5n gator och hamnar. Speglar himlen.<\/p>\n\n\n\n<p>P\u00e5 trettiotalet, innan andra v\u00e4rldskriget, strosade en grabb med namnet Knut l\u00e4ngst den h\u00e4r kajen, s\u00e5 ofta som han kunde, f\u00f6r att spana p\u00e5 killar. N\u00e4r han \u00e4r en gammal man s\u00e5 ber\u00e4ttar han om ett m\u00f6te:<\/p>\n\n\n\n<blockquote class=\"wp-block-quote is-layout-flow wp-block-quote-is-layout-flow\">\n<p>\u201d<em>Och s\u00e5 var det en v\u00e4ldigt snygg hamnarbetare, en riktigt ljuvlig typ! Han var nog inte mer \u00e4n trettio \u00e5r. Och s\u00e5\u2026, jag vet inte hur jag kom i kontakt, men han bara skrattade. Och jag skrattade v\u00e4l ocks\u00e5. S\u00e5 gjorde han v\u00e4l n\u00e5n nick, och s\u00e5 f\u00f6ljde jag efter. Ja, vi gick under hela\u2026, i katakomberna nere i Magasinkvarteret, k\u00e4llare som var s\u00e5 l\u00e5nga, s\u00e5 l\u00e5nga! D\u00e4r nere gick vi. Han jobbade p\u00e5 kajen, s\u00e5 han k\u00e4nde till den d\u00e4r k\u00e4llaren. Oh, det var sp\u00e4nnande!\u201d<a href=\"https:\/\/xn--framtkamrater-sfb.se\/?p=296#sdfootnote4sym\"><sup>4<\/sup><\/a><\/em><\/p>\n<\/blockquote>\n\n\n\n<p>Flirtar och avsugningar, arbete och kamratskap, kamp och organisering. S\u00e5 kan man ber\u00e4tta om 1900-talet i G\u00f6teborgs hamnar. Idag \u00e4r Svenska Hamnarbetarf\u00f6rbundet det st\u00f6rsta fackf\u00f6rbundet, som organiserar flest av G\u00f6teborgs hamnarbetare, 85%. I Hamnarbetarf\u00f6rbundet har lokalavdelningarna autonomi. Det \u00e4r medlemmarna som genom m\u00f6ten och omr\u00f6stningar best\u00e4mmer strategier och riktning. Som en f\u00f6re detta ordf\u00f6rande ber\u00e4ttar: \u201dOm jag tyckte att ett avtal var j\u00e4kligt bra s\u00e5 kunde jag inte g\u00e5 och skriva p\u00e5 det utan att ha en medlemsomr\u00f6stning, \u00e4ven om jag var ordf\u00f6rande. Sade medlemsomr\u00f6stningen nej, s\u00e5 var det skit samma vad jag tyckte.\u201d<a href=\"https:\/\/xn--framtkamrater-sfb.se\/?p=296#sdfootnote5sym\"><sup>5<\/sup><\/a><\/p>\n\n\n\n<p>Svenska Hamnarbetarf\u00f6rbundet startades p\u00e5 sjuttiotalet. Bakgrunden \u00e4r att arbetarna p\u00e5 femtiotalet och fram\u00e5t blev \u00f6verk\u00f6rda av fackpampar i d\u00e5varande enda fackf\u00f6rbundet, Transport. Under samma tidsperiod som homosexuella k\u00e4mpar f\u00f6r erk\u00e4nnande s\u00e5 k\u00e4mpar hamnarbetare f\u00f6r sj\u00e4lvbest\u00e4mmande och demokrati. Och undan f\u00f6r undan s\u00e5 vinns kamperna.<\/p>\n\n\n\n<p>2012 tar den nya \u00e4garen APM Terminals \u00f6ver driften i containerhamnen, som innan har sk\u00f6tts av G\u00f6teborgs stad.<a href=\"https:\/\/xn--framtkamrater-sfb.se\/?p=296#sdfootnote6sym\"><sup>6<\/sup><\/a> Det \u00e4r efter det som Hamnarbetarf\u00f6rbundets avdelning 4 f\u00f6rlorar sitt inflytande \u00f6ver skyddsarbetet och sina m\u00f6jligheter att p\u00e5verka lokalt. I steg efter steg har medlemmarna r\u00f6stat f\u00f6r att ta striden.<\/p>\n\n\n\n<p>I januari i \u00e5r s\u00e5 v\u00e4grar APMT, \u00e5terigen, att m\u00f6ta Hamn4ans f\u00f6rslag till l\u00f6sning.<a href=\"https:\/\/xn--framtkamrater-sfb.se\/?p=296#sdfootnote7sym\"><sup>7<\/sup><\/a> Ist\u00e4llet s\u00e4tter arbetsk\u00f6paren in en stor lockout. Men bara n\u00e5gra dagar innan Hamnarbetarf\u00f6rbundet ska g\u00e5 ut i strejk s\u00e5 backar arbetsk\u00f6paren! Hamnarbetarna f\u00e5r det avtal de k\u00e4mpat f\u00f6r.<\/p>\n\n\n\n<p>Kampen forts\u00e4tter i hamnarna, f\u00f6r arbetsk\u00f6paren kommer givetvis att forts\u00e4tta kr\u00e5ngla sig ur det ing\u00e5ngna avtalet och hitta kryph\u00e5l att utnyttja. Men l\u00e5t oss inte gl\u00f6mma hur enighet gav seger.<\/p>\n\n\n\n<p>En natt i mars s\u00e5 dansar vi p\u00e5 hamnarbetarnas segerfest.<\/p>\n\n\n\n<p>*<\/p>\n\n\n\n<p>I filmen <em>Pride<\/em> fr\u00e5n 2014 f\u00f6rbereder London-gruppen <em>Lesbians and Gays Support the Miners<\/em> en st\u00f6dfest f\u00f6r gruvarbetarna i Wales, som k\u00e4mpar i en utdragen strejk, med sinande strejkkassor. En journalist fr\u00e5gar gruppen:<\/p>\n\n\n\n<p>\u201dAnd why should gay people like me support the miners?\u201d<\/p>\n\n\n\n<p>Varp\u00e5 Mark, som ofta syns med en r\u00f6d stj\u00e4rna p\u00e5 jackan, svarar:<\/p>\n\n\n\n<p>\u201dBecause miners dig for coal. Which produces power. Which allows gay people like you to dance to <em>Bananarama<\/em> until three o\u2019clock in the morning. Next question?\u201d<\/p>\n\n\n\n<p>*<\/p>\n\n\n\n<p>Knut och hans hamnarbetare samtycker med blickar och leenden till sexuell kontakt i G\u00f6teborgs hamn p\u00e5 trettiotalet. V\u00e5ra h\u00e4nder hittar varandra \u00e5ttio \u00e5r senare, p\u00e5 dansgolvet, under en Strike back-affisch. De d\u00e4r h\u00e4nderna som dansade till ketchups\u00e5ngen, de d\u00e4r h\u00e4nderna som kan s\u00e5 mycket. Som kan m\u00e5la banderoll och b\u00e4ra pyro, som kan smeka tr\u00f6st \u00f6ver h\u00e5ret. Som kan knytas till en n\u00e4ve. Som k\u00e4nns inuti mig. Eller h\u00f6js i luften.<\/p>\n\n\n\n<p>Natten, sp\u00e5rvagnen, munnarna.<\/p>\n\n\n\n<p>Natten, sovrummet, h\u00e4nderna.<\/p>\n\n\n\n<p>\u201dFemfingerstaktik\u201d, s\u00e4ger n\u00e5gon. Ett fniss.<\/p>\n\n\n\n<p>Djupet av ett andetag.<\/p>\n\n\n\n<p>Morgonen. Det gryr.<\/p>\n\n\n\n<p>*<\/p>\n\n\n\n<p>Kraven p\u00e5 samtycke, den kampen \u00e4r inte f\u00e4rdig \u00e4n. Men det som b\u00f6rjar bli allt mer sj\u00e4lvklart n\u00e4r det g\u00e4ller knullande, att den vars kropp det g\u00e4ller har sitt att s\u00e4ga till om, det \u00e4r en ren och sk\u00e4r dr\u00f6m p\u00e5 arbetsplatsen. Vi som \u00e4r kropparna p\u00e5 jobbet f\u00f6rv\u00e4ntas bara st\u00e4lla upp. Det \u00e4r v\u00e5ra kroppar som slits. Inte chefernas, inte bolagsstyrelsens, inte aktie\u00e4garnas. V\u00e5ra kroppar.<\/p>\n\n\n\n<p>Svenska Hamnarbetarf\u00f6rbundet k\u00e4mpade, med strejken som vapen, f\u00f6r inflytande och makt \u00f6ver sina liv och sina kroppar. Det \u00e4r allas v\u00e5rt vapen som ska inskr\u00e4nkas.<\/p>\n\n\n\n<p>Till skillnad fr\u00e5n i filmen <em>Pride<\/em> s\u00e5 st\u00e5r inte striden i en avl\u00e4gsen gruvtrakt. Inte heller enbart i Sveriges hamnomr\u00e5den. Varenda en av v\u00e5ra arbetsplatser, eller v\u00e5ra framtida arbetsplatser, det \u00e4r dem striden handlar om. Det lagf\u00f6rslag som parter och partier s\u00e5 skoningsl\u00f6st vill driva igenom, \u00f6ver huvudet p\u00e5 fackf\u00f6rbundens medlemmar, p\u00e5verkar inte bara de av oss som arbetar nu, utan alla som kommer arbeta om fem \u00e5r, tio \u00e5r, tjugo \u00e5r. Vi uppmanar dig som g\u00e5r h\u00f6gstadiet, gymnasiet eller som pluggar vidare att fundera p\u00e5 vad det kan inneb\u00e4ra f\u00f6r din framtid. Vi uppmanar alla som bryr sig om klimatet att fundera p\u00e5 vad det kan inneb\u00e4ra att Arbetsdomstolen kritiserar f\u00f6rslaget f\u00f6r att hota m\u00f6jligheten till politisk strejk.<a href=\"https:\/\/xn--framtkamrater-sfb.se\/?p=296#sdfootnote8sym\"><sup>8<\/sup><\/a> I akut klimatkris kan den politiska strejken s\u00e4tta n\u00f6dv\u00e4ndig press p\u00e5 makthavare. Vad h\u00e4nder om ny lagstiftning s\u00e4tter stopp f\u00f6r det? H\u00e5ller politikerna p\u00e5 att hetsa bort v\u00e5r framtid, f\u00f6r att de hellre r\u00e4ddar keffa arbetsk\u00f6pare?<\/p>\n\n\n\n<p>Det finns mycket mer att s\u00e4ga om 2019 \u00e5rs queeraste stridsfr\u00e5ga. Men vi hejdar oss, f\u00f6r \u00f6gonblicket, h\u00e4r. I kommande texter g\u00e5r vi djupare in p\u00e5 hur inskr\u00e4nkningen p\u00e5verkar de av oss som riskerar att bli diskriminerade p\u00e5 jobbet.<\/p>\n\n\n\n<p><a href=\"https:\/\/xn--framtkamrater-sfb.se\/?p=296#sdfootnote1anc\">1<\/a>[<a href=\"https:\/\/www.svt.se\/nyheter\/lokalt\/vast\/s-minister-inskrankning-av-strejkratten-behovs-i-sverige-pa-grund-av-hamnkonflikten-i-goteborg\">https:\/\/www.svt.se\/nyheter\/lokalt\/vast\/s-minister-inskrankning-av-strejkratten-behovs-i-sverige-pa-grund-av-hamnkonflikten-i-goteborg<\/a>]<\/p>\n\n\n\n<p><a href=\"https:\/\/xn--framtkamrater-sfb.se\/?p=296#sdfootnote2anc\">2<\/a>[<a href=\"https:\/\/aktuelltfokus.se\/kongressombuden-lo-pamparna-kor-over-30-000-hrf-medlemmar\/\">https:\/\/aktuelltfokus.se\/kongressombuden-lo-pamparna-kor-over-30-000-hrf-medlemmar\/<\/a>]<\/p>\n\n\n\n<p><a href=\"https:\/\/xn--framtkamrater-sfb.se\/?p=296#sdfootnote3anc\">3<\/a>[<a href=\"https:\/\/www.arbetaren.se\/2019\/02\/15\/inskrankt-strejkratt-redan-i-sommar\/\">https:\/\/www.arbetaren.se\/2019\/02\/15\/inskrankt-strejkratt-redan-i-sommar\/<\/a>]<\/p>\n\n\n\n<p><a href=\"https:\/\/xn--framtkamrater-sfb.se\/?p=296#sdfootnote4anc\">4<\/a> \u201dS\u00e5na och riktiga karlar\u201d, Arne Nilsson1998. Sidan 105.<\/p>\n\n\n\n<p><a href=\"https:\/\/xn--framtkamrater-sfb.se\/?p=296#sdfootnote5anc\">5<\/a>[<a href=\"https:\/\/www.arbetaren.se\/2012\/06\/20\/hamnarbetarna-40-ar-i-opposition\/\">https:\/\/www.arbetaren.se\/2012\/06\/20\/hamnarbetarna-40-ar-i-opposition\/<\/a>]<\/p>\n\n\n\n<p><a href=\"https:\/\/xn--framtkamrater-sfb.se\/?p=296#sdfootnote6anc\">6<\/a>[<a href=\"https:\/\/www.goteborgshamn.se\/press\/pressmeddelanden\/idag-tar-apm-terminals-over-containerterminalen-i-goteborgs-hamn\/\">https:\/\/www.goteborgshamn.se\/press\/pressmeddelanden\/idag-tar-apm-terminals-over-containerterminalen-i-goteborgs-hamn\/<\/a>]<\/p>\n\n\n\n<p><a href=\"https:\/\/xn--framtkamrater-sfb.se\/?p=296#sdfootnote7anc\">7<\/a>[<a href=\"http:\/\/hamn.nu\/article\/2680\/Vad-brakar-de-om-egentligen.html\">http:\/\/hamn.nu\/article\/2680\/Vad-brakar-de-om-egentligen.html<\/a>]<\/p>\n\n\n\n<p><a href=\"https:\/\/xn--framtkamrater-sfb.se\/?p=296#sdfootnote8anc\">8<\/a><a href=\"https:\/\/www.arbetaren.se\/2019\/02\/20\/tunga-instanser-om-begransad-strejkratt-inte-redo-att-bli-lag\/\">https:\/\/www.arbetaren.se\/2019\/02\/20\/tunga-instanser-om-begransad-strejkratt-inte-redo-att-bli-lag\/<\/a>]<\/p>\n","protected":false},"excerpt":{"rendered":"<p>Nedan f\u00f6ljer en text som Fram\u00e5t Kamrater skrev 2019. Vi v\u00e4ljer att \u00e5terpublicera den igen! Februari 2019. En queerklubb i G\u00f6teborg. Musiken skakar genom det r\u00f6da dunklet, mot stenv\u00e4ggarna. Kv\u00e4llen \u00e4r ung men du f\u00f6rs\u00f6ker redan undvika n\u00e5gon du hookade med f\u00f6rra \u00e5ret, som dumpat dig. Tack och lov \u00e4r dansgolvet ett hav av folk, [&#8230;]<\/p>\n<p><a class=\"btn btn-secondary understrap-read-more-link\" href=\"https:\/\/xn--framtkamrater-sfb.se\/?p=936\">Read More&#8230;<span class=\"screen-reader-text\"> from \u00c5rets queeraste stridsfr\u00e5ga (2019 men st\u00e4ndigt aktuell!)<\/span><\/a><\/p>\n","protected":false},"author":1,"featured_media":636,"comment_status":"closed","ping_status":"closed","sticky":false,"template":"","format":"standard","meta":{"footnotes":""},"categories":[1],"tags":[],"class_list":["post-936","post","type-post","status-publish","format-standard","has-post-thumbnail","hentry","category-uncategorized"],"_links":{"self":[{"href":"https:\/\/xn--framtkamrater-sfb.se\/index.php?rest_route=\/wp\/v2\/posts\/936","targetHints":{"allow":["GET"]}}],"collection":[{"href":"https:\/\/xn--framtkamrater-sfb.se\/index.php?rest_route=\/wp\/v2\/posts"}],"about":[{"href":"https:\/\/xn--framtkamrater-sfb.se\/index.php?rest_route=\/wp\/v2\/types\/post"}],"author":[{"embeddable":true,"href":"https:\/\/xn--framtkamrater-sfb.se\/index.php?rest_route=\/wp\/v2\/users\/1"}],"replies":[{"embeddable":true,"href":"https:\/\/xn--framtkamrater-sfb.se\/index.php?rest_route=%2Fwp%2Fv2%2Fcomments&post=936"}],"version-history":[{"count":1,"href":"https:\/\/xn--framtkamrater-sfb.se\/index.php?rest_route=\/wp\/v2\/posts\/936\/revisions"}],"predecessor-version":[{"id":937,"href":"https:\/\/xn--framtkamrater-sfb.se\/index.php?rest_route=\/wp\/v2\/posts\/936\/revisions\/937"}],"wp:featuredmedia":[{"embeddable":true,"href":"https:\/\/xn--framtkamrater-sfb.se\/index.php?rest_route=\/wp\/v2\/media\/636"}],"wp:attachment":[{"href":"https:\/\/xn--framtkamrater-sfb.se\/index.php?rest_route=%2Fwp%2Fv2%2Fmedia&parent=936"}],"wp:term":[{"taxonomy":"category","embeddable":true,"href":"https:\/\/xn--framtkamrater-sfb.se\/index.php?rest_route=%2Fwp%2Fv2%2Fcategories&post=936"},{"taxonomy":"post_tag","embeddable":true,"href":"https:\/\/xn--framtkamrater-sfb.se\/index.php?rest_route=%2Fwp%2Fv2%2Ftags&post=936"}],"curies":[{"name":"wp","href":"https:\/\/api.w.org\/{rel}","templated":true}]}}