{"id":943,"date":"2025-06-14T10:49:03","date_gmt":"2025-06-14T10:49:03","guid":{"rendered":"https:\/\/xn--framtkamrater-sfb.se\/?p=943"},"modified":"2025-06-21T16:42:41","modified_gmt":"2025-06-21T16:42:41","slug":"inga-koer-inga-utredningar-sjalvbestammande-at-transpersoner","status":"publish","type":"post","link":"https:\/\/xn--framtkamrater-sfb.se\/?p=943","title":{"rendered":"Inga k\u00f6er, inga utredningar: Sj\u00e4lvbest\u00e4mmande \u00e5t transpersoner"},"content":{"rendered":"\n<p><em>Med anledning av Prideveckan har Fram\u00e5t kamrater, SUF G\u00f6teborg och SUF Uddevalla publicerat f\u00f6ljande text.<\/em><\/p>\n\n\n\n<p>&#8211;<\/p>\n\n\n\n<p>K\u00f6erna till f\u00f6rsta bes\u00f6k inom transv\u00e5rden ligger i flera regioner p\u00e5 n\u00e4rmare 4.5 \u00e5r. Det \u00e4r en helt oacceptabelt tid att v\u00e4nta p\u00e5 v\u00e5rd. V\u00e5rd som i m\u00e5nga fall betyder skillnaden p\u00e5 liv och d\u00f6d. Enligt v\u00e5rdgarantin ska en som mest beh\u00f6va v\u00e4nta p\u00e5 specialistv\u00e5rd i 3 m\u00e5nader. Det \u00e4r inte mycket beg\u00e4rt att v\u00e5rden ska h\u00e5lla gr\u00e4nsen de sj\u00e4lva satt upp att f\u00f6lja. Vems v\u00e5rd som prioriteras i budgetar, lagstiftning och riktlinjer \u00e4r oundvikligen politiskt. Det \u00e4r d\u00e4rf\u00f6r inte ett neutralt faktum utan ett VAL att vi transpersoner alltid hamnar l\u00e4ngst ned p\u00e5 den listan. De l\u00e5nga k\u00f6erna bidrar till att m\u00e5nga av oss (s\u00e4rskilt unga som tvingas genomg\u00e5 permanenta och ofrivilliga puberteter) faller i missbruk eller tar sina liv.<\/p>\n\n\n\n<h2 class=\"wp-block-heading\">Dagens utredningar \u00e4r ett systemfel. Vi kr\u00e4ver informerat samtycke!<\/h2>\n\n\n\n<p>Underfinansiering, underm\u00e5lig forskning, personal- och kompetensbrist \u00e4r alla faktorer som bidrar till transv\u00e5rdens f\u00f6r\u00f6dande tillst\u00e5nd. Krisen kan dock inte l\u00f6sas av politiker bara sl\u00e4nger mer pengar p\u00e5 transv\u00e5rden. Alla v\u00e5rdsystem d\u00e4r en utredare sitter p\u00e5 den slutliga makten att avg\u00f6ra vilken transperson som har och inte har r\u00e4tt till v\u00e5rd kommer vara ett system som nekar transpersoner v\u00e5rd. Det \u00e4r ett system som straffar tvivel, os\u00e4kerheter och normavvikande k\u00f6nsuttryck med \u00e4nnu l\u00e4ngre v\u00e4ntetid. I m\u00e5nga fall nekas \u00e4rliga transpersoner v\u00e5rd helt och h\u00e5llet, medan transpersoner som inte tar n\u00e5gra risker utan s\u00e4ger vad de vet att utredarna vill h\u00f6ra \u00f6kar chanserna att f\u00e5 behandling. Detta skapar en ond spiral d\u00e4r forskning och utv\u00e4rderingar av utredningarna till stor del bara har personer som sagt vad utredarna vill h\u00f6ra att utg\u00e5 ifr\u00e5n. Det anv\u00e4nds i sin tur som bevis p\u00e5 att ett i grunden ruttet transv\u00e5rdssystem i sj\u00e4lva verket fungerar som det ska. Transv\u00e5rd baserat p\u00e5 informerat samtycke inneb\u00e4r att v\u00e5rdtagaren f\u00e5r utf\u00f6rlig information om vilken v\u00e5rd som finns att tillg\u00e5 och ges m\u00f6jlighet att diskutera igenom tvivel och fr\u00e5getecken utan risk att nekas v\u00e5rd av grindvaktande utredare. Detta finns och fungerar v\u00e4l i flera l\u00e4nder, s\u00e5som i vissa delar av USA, Kanada, Spanien, Argentina och Malta. N\u00e4r v\u00e5rden \u00e4r baserad p\u00e5 sj\u00e4lvbest\u00e4mmande med tillg\u00e5ng till icke-d\u00f6mande uppf\u00f6ljning snarare \u00e4n utredningar s\u00e5 kan genuint st\u00f6d ges vid eventuella tvivel och os\u00e4kerheter. Samtidigt kan man sk\u00e4ra ned on\u00f6diga v\u00e5rdm\u00f6ten till ett minimum och f\u00e4rre resurser sl\u00f6sas p\u00e5 transpersoner som redan vet vad de vill.<\/p>\n\n\n\n<h2 class=\"wp-block-heading\">Vi kr\u00e4ver r\u00e4tten att \u00e5ngra oss!<\/h2>\n\n\n\n<p>\u00c5ngern efter k\u00f6nsbekr\u00e4ftande v\u00e5rd \u00e4r oerh\u00f6rt l\u00e5g. Eller r\u00e4ttare sagt: den har en otroligt h\u00f6g framg\u00e5ngsfaktor. Bara kirurgier har en framg\u00e5ngsfaktor p\u00e5 ca 99%, d\u00e4r majoriteten hos den 1% som \u00e5ngrar sig beror p\u00e5 transfobi fr\u00e5n omgivningen\/familj snarare \u00e4n att personen i sig inser att den inte \u00e4r trans. Denna h\u00f6ga framg\u00e5ngsfaktor g\u00e4ller \u00e4ven i l\u00e4nder med kortare eller inga utredningar, och \u00e4r allts\u00e5 inte ett tecken p\u00e5 att utredningarna g\u00f6r sitt jobb. Oavsett inneb\u00e4r r\u00e4tten att best\u00e4mma \u00f6ver sin egen kropp och \u00f6ver sitt eget liv \u00e4ven r\u00e4tten att g\u00f6ra val man kan komma att \u00e5ngra. Precis som att ingen vettig feminist skulle h\u00e4vda att risken att man \u00e5ngrar en abort sig skulle vara ett godtagbart argument emot abortr\u00e4tten, \u00e4r risken att \u00e5ngra k\u00f6nsbekr\u00e4ftande v\u00e5rd ett argument mot transv\u00e5rd &#8211; \u00e4ven om \u00e5ngertalet varit betydligt st\u00f6rre. Faktum \u00e4r att en n\u00e4rmare 33% \u00e5ngrar kn\u00e4protesoperationer (betydligt h\u00f6gre och i de flesta fall med mer permanenta effekter \u00e4n transv\u00e5rd), men vi ser inga moralpaniker eller nedst\u00e4ngningar av kn\u00e4proteskliniker. R\u00e4dslan f\u00f6r att (s\u00e4rskilt unga) transpersoner ska \u00e5ngra sig bygger snarare p\u00e5 ett transfobiskt f\u00f6rmyndarskap, som i slut\u00e4ndan skadar oss betydligt mer \u00e4n det hj\u00e4lper oss. Risken f\u00f6r \u00e5nger \u00e4r betydligt st\u00f6rre, och den emotionella skadan mycket h\u00f6gre, f\u00f6r de som tvingats genomg\u00e5 en felaktig pubertet &#8211; som ju \u00e4r minst lika permanent som en \u00e5ngrad k\u00f6nsbekr\u00e4ftande v\u00e5rd eller komplikationer relaterade till pubertetsblockerare.<\/p>\n\n\n\n<h2 class=\"wp-block-heading\">Sj\u00e4lvbest\u00e4mmande f\u00f6r alla betyder ALLA &#8211; \u00e4ven mindre\u00e5riga!<\/h2>\n\n\n\n<p>Varken k\u00f6nsdysfori eller f\u00f6rm\u00e5gan besluta om sin egen kropp \u00e4r n\u00e5got som magiskt uppst\u00e5r vid 18 \u00e5rs \u00e5lder. Sj\u00e4lvbest\u00e4mmande f\u00f6r alla transpersoner betyder alla transpersoner, \u00e4ven minder\u00e5riga! Samma riktlinjer kring sj\u00e4lvbest\u00e4mmande f\u00f6r minder\u00e5riga borde g\u00e4lla transv\u00e5rden som f\u00f6r all annan v\u00e5rd.<\/p>\n\n\n\n<p>Ovilja att ge transv\u00e5rd baserat p\u00e5 sj\u00e4lvebest\u00e4mmande \u00e4r bara \u00e4nnu ett uttryck f\u00f6r transfobi &#8211; ett hat mot och auktorit\u00e4r kontroll av alla vi som g\u00e5r utanf\u00f6r de rigida reglerna kring k\u00f6n och k\u00f6nsuttryck som h\u00e4rskar i samh\u00e4llet. Detta uppr\u00e4tth\u00e5llande av k\u00f6nsnormer skadar i f\u00f6rl\u00e4ngningen inte bara oss som \u00e4r trans, utan alla som tvingas efterleva strikta och f\u00f6rtryckande k\u00f6nsroller. I solidaritet med de som fortfarande v\u00e4ntar, de som blivit nekade och de som inte finns med oss l\u00e4ngre m\u00e5ste vi kr\u00e4va \u00e5t varandra liv som g\u00e5r att leva!<\/p>\n\n\n\n<p class=\"has-large-font-size\">Inga k\u00f6er, inga utredningar.<\/p>\n\n\n\n<p class=\"has-large-font-size\">Sj\u00e4lvbest\u00e4mmande f\u00f6r alla transpersoner!<\/p>\n","protected":false},"excerpt":{"rendered":"<p>Med anledning av Prideveckan har Fram\u00e5t kamrater, SUF G\u00f6teborg och SUF Uddevalla publicerat f\u00f6ljande text. &#8211; K\u00f6erna till f\u00f6rsta bes\u00f6k inom transv\u00e5rden ligger i flera regioner p\u00e5 n\u00e4rmare 4.5 \u00e5r. Det \u00e4r en helt oacceptabelt tid att v\u00e4nta p\u00e5 v\u00e5rd. V\u00e5rd som i m\u00e5nga fall betyder skillnaden p\u00e5 liv och d\u00f6d. Enligt v\u00e5rdgarantin ska en [&#8230;]<\/p>\n<p><a class=\"btn btn-secondary understrap-read-more-link\" href=\"https:\/\/xn--framtkamrater-sfb.se\/?p=943\">Read More&#8230;<span class=\"screen-reader-text\"> from Inga k\u00f6er, inga utredningar: Sj\u00e4lvbest\u00e4mmande \u00e5t transpersoner<\/span><\/a><\/p>\n","protected":false},"author":1,"featured_media":941,"comment_status":"closed","ping_status":"closed","sticky":false,"template":"","format":"standard","meta":{"footnotes":""},"categories":[1],"tags":[],"class_list":["post-943","post","type-post","status-publish","format-standard","has-post-thumbnail","hentry","category-uncategorized"],"_links":{"self":[{"href":"https:\/\/xn--framtkamrater-sfb.se\/index.php?rest_route=\/wp\/v2\/posts\/943","targetHints":{"allow":["GET"]}}],"collection":[{"href":"https:\/\/xn--framtkamrater-sfb.se\/index.php?rest_route=\/wp\/v2\/posts"}],"about":[{"href":"https:\/\/xn--framtkamrater-sfb.se\/index.php?rest_route=\/wp\/v2\/types\/post"}],"author":[{"embeddable":true,"href":"https:\/\/xn--framtkamrater-sfb.se\/index.php?rest_route=\/wp\/v2\/users\/1"}],"replies":[{"embeddable":true,"href":"https:\/\/xn--framtkamrater-sfb.se\/index.php?rest_route=%2Fwp%2Fv2%2Fcomments&post=943"}],"version-history":[{"count":4,"href":"https:\/\/xn--framtkamrater-sfb.se\/index.php?rest_route=\/wp\/v2\/posts\/943\/revisions"}],"predecessor-version":[{"id":958,"href":"https:\/\/xn--framtkamrater-sfb.se\/index.php?rest_route=\/wp\/v2\/posts\/943\/revisions\/958"}],"wp:featuredmedia":[{"embeddable":true,"href":"https:\/\/xn--framtkamrater-sfb.se\/index.php?rest_route=\/wp\/v2\/media\/941"}],"wp:attachment":[{"href":"https:\/\/xn--framtkamrater-sfb.se\/index.php?rest_route=%2Fwp%2Fv2%2Fmedia&parent=943"}],"wp:term":[{"taxonomy":"category","embeddable":true,"href":"https:\/\/xn--framtkamrater-sfb.se\/index.php?rest_route=%2Fwp%2Fv2%2Fcategories&post=943"},{"taxonomy":"post_tag","embeddable":true,"href":"https:\/\/xn--framtkamrater-sfb.se\/index.php?rest_route=%2Fwp%2Fv2%2Ftags&post=943"}],"curies":[{"name":"wp","href":"https:\/\/api.w.org\/{rel}","templated":true}]}}