{"id":945,"date":"2025-06-17T05:46:41","date_gmt":"2025-06-17T05:46:41","guid":{"rendered":"https:\/\/xn--framtkamrater-sfb.se\/?p=945"},"modified":"2025-06-17T05:46:41","modified_gmt":"2025-06-17T05:46:41","slug":"polis-polis-potatisgris","status":"publish","type":"post","link":"https:\/\/xn--framtkamrater-sfb.se\/?p=945","title":{"rendered":"POLIS POLIS POTATISGRIS"},"content":{"rendered":"\n<p>2 juli \u00f6kar repressionen med h\u00e5rdare straff, inskr\u00e4kningar av v\u00e5r yttrandefrihet och ett nygammalt brott \u00e5terkommer. Tidigare kallades det f\u00f6r missfirmelse mot t\u00e4nsteman, en lag som togs bort 50 \u00e5r sen. Nu \u00e5terkommer brottet som F\u00f6rol\u00e4mpning mot tj\u00e4nsteman &#8211; med f\u00e4ngelse p\u00e5 straffskalan.&nbsp;<\/p>\n\n\n\n<p>Vi tycker naturligtvis det \u00e4r f\u00f6rj\u00e4vligt och kallar d\u00e4rf\u00f6r till manifestation mot den \u00f6kade repressionen vid font\u00e4nen i Brunnsparken 2 juli kl 18:00!<\/p>\n","protected":false},"excerpt":{"rendered":"<p>2 juli \u00f6kar repressionen med h\u00e5rdare straff, inskr\u00e4kningar av v\u00e5r yttrandefrihet och ett nygammalt brott \u00e5terkommer. Tidigare kallades det f\u00f6r missfirmelse mot t\u00e4nsteman, en lag som togs bort 50 \u00e5r sen. Nu \u00e5terkommer brottet som F\u00f6rol\u00e4mpning mot tj\u00e4nsteman &#8211; med f\u00e4ngelse p\u00e5 straffskalan.&nbsp; Vi tycker naturligtvis det \u00e4r f\u00f6rj\u00e4vligt och kallar d\u00e4rf\u00f6r till manifestation mot [&#8230;]<\/p>\n<p><a class=\"btn btn-secondary understrap-read-more-link\" href=\"https:\/\/xn--framtkamrater-sfb.se\/?p=945\">Read More&#8230;<span class=\"screen-reader-text\"> from POLIS POLIS POTATISGRIS<\/span><\/a><\/p>\n","protected":false},"author":1,"featured_media":946,"comment_status":"closed","ping_status":"closed","sticky":false,"template":"","format":"standard","meta":{"footnotes":""},"categories":[1],"tags":[],"class_list":["post-945","post","type-post","status-publish","format-standard","has-post-thumbnail","hentry","category-uncategorized"],"_links":{"self":[{"href":"https:\/\/xn--framtkamrater-sfb.se\/index.php?rest_route=\/wp\/v2\/posts\/945","targetHints":{"allow":["GET"]}}],"collection":[{"href":"https:\/\/xn--framtkamrater-sfb.se\/index.php?rest_route=\/wp\/v2\/posts"}],"about":[{"href":"https:\/\/xn--framtkamrater-sfb.se\/index.php?rest_route=\/wp\/v2\/types\/post"}],"author":[{"embeddable":true,"href":"https:\/\/xn--framtkamrater-sfb.se\/index.php?rest_route=\/wp\/v2\/users\/1"}],"replies":[{"embeddable":true,"href":"https:\/\/xn--framtkamrater-sfb.se\/index.php?rest_route=%2Fwp%2Fv2%2Fcomments&post=945"}],"version-history":[{"count":1,"href":"https:\/\/xn--framtkamrater-sfb.se\/index.php?rest_route=\/wp\/v2\/posts\/945\/revisions"}],"predecessor-version":[{"id":947,"href":"https:\/\/xn--framtkamrater-sfb.se\/index.php?rest_route=\/wp\/v2\/posts\/945\/revisions\/947"}],"wp:featuredmedia":[{"embeddable":true,"href":"https:\/\/xn--framtkamrater-sfb.se\/index.php?rest_route=\/wp\/v2\/media\/946"}],"wp:attachment":[{"href":"https:\/\/xn--framtkamrater-sfb.se\/index.php?rest_route=%2Fwp%2Fv2%2Fmedia&parent=945"}],"wp:term":[{"taxonomy":"category","embeddable":true,"href":"https:\/\/xn--framtkamrater-sfb.se\/index.php?rest_route=%2Fwp%2Fv2%2Fcategories&post=945"},{"taxonomy":"post_tag","embeddable":true,"href":"https:\/\/xn--framtkamrater-sfb.se\/index.php?rest_route=%2Fwp%2Fv2%2Ftags&post=945"}],"curies":[{"name":"wp","href":"https:\/\/api.w.org\/{rel}","templated":true}]}}